{"id":26642,"date":"2023-07-23T09:25:25","date_gmt":"2023-07-23T09:25:25","guid":{"rendered":"https:\/\/fpvoleibol.pt\/fpv\/?p=26642"},"modified":"2023-07-24T22:43:48","modified_gmt":"2023-07-24T22:43:48","slug":"pedrosa-campos-nas-meias-finais-em-edmonton","status":"publish","type":"post","link":"https:\/\/fpvoleibol.pt\/fpv\/2023\/07\/23\/pedrosa-campos-nas-meias-finais-em-edmonton\/","title":{"rendered":"PEDROSA\/CAMPOS NAS MEIAS-FINAIS EM EDMONTON"},"content":{"rendered":"<p><img loading=\"lazy\" decoding=\"async\" class=\"size-full wp-image-26647 aligncenter\" src=\"https:\/\/fpvoleibol.pt\/fpv\/wp-content\/uploads\/2023\/07\/bptedmonton_d0.jpg\" alt=\"\" width=\"960\" height=\"570\" srcset=\"https:\/\/fpvoleibol.pt\/fpv\/wp-content\/uploads\/2023\/07\/bptedmonton_d0.jpg 960w, https:\/\/fpvoleibol.pt\/fpv\/wp-content\/uploads\/2023\/07\/bptedmonton_d0-300x178.jpg 300w, https:\/\/fpvoleibol.pt\/fpv\/wp-content\/uploads\/2023\/07\/bptedmonton_d0-768x456.jpg 768w\" sizes=\"auto, (max-width: 960px) 100vw, 960px\" \/>A dupla de Voleibol de Praia portuguesa <strong>Jo\u00e3o Pedrosa\/Hugo Campos<\/strong> defronta <a href=\"https:\/\/www.youtube.com\/@BeachVolleyballWorld\">hoje, \u00e0s 11h30 (18h30, em Portugal continental)<\/a> a categorizada dupla brasileira <span style=\"text-decoration: underline;\">Pedro Solberg\/Gustavo Albrecht Carvalhaes (Guto)<\/span> nas meias-finais do <strong><a href=\"https:\/\/en.volleyballworld.com\/beachvolleyball\/competitions\/beach-pro-tour\/2023\/challenge\/edmonton-can\/schedule\/\">Beach Pro Tour Challenge de Edmonton<\/a><\/strong>, a decorrer no Canad\u00e1.<\/p>\n<p>Nos quartos-de-final, venceram, pela margem m\u00e1xima (2-0: 21-15 e 21-19) os neerlandeses <span style=\"text-decoration: underline;\">Christiaan Varenhorst e Leon Luini.<\/span><\/p>\n<p>Os portugueses, campe\u00f5es nacionais em t\u00edtulo, continuam a ostentar o seu bom momento de forma e seguem firmes, com apenas uma derrota na fase de grupos, numa etapa do Circuito Mundial de Voleibol de Praia que re\u00fane um bom punhado das melhores duplas mundiais e onde Pedro Solberg\/Guto aparece como a maior favorita \u00e0 vit\u00f3ria final.<\/p>\n<p><img loading=\"lazy\" decoding=\"async\" class=\"size-full wp-image-26645 aligncenter\" src=\"https:\/\/fpvoleibol.pt\/fpv\/wp-content\/uploads\/2023\/07\/bptedmonton_d1.jpg\" alt=\"\" width=\"960\" height=\"1371\" srcset=\"https:\/\/fpvoleibol.pt\/fpv\/wp-content\/uploads\/2023\/07\/bptedmonton_d1.jpg 960w, https:\/\/fpvoleibol.pt\/fpv\/wp-content\/uploads\/2023\/07\/bptedmonton_d1-210x300.jpg 210w, https:\/\/fpvoleibol.pt\/fpv\/wp-content\/uploads\/2023\/07\/bptedmonton_d1-717x1024.jpg 717w, https:\/\/fpvoleibol.pt\/fpv\/wp-content\/uploads\/2023\/07\/bptedmonton_d1-768x1097.jpg 768w\" sizes=\"auto, (max-width: 960px) 100vw, 960px\" \/>Os portugueses apuraram-se para os quartos-de-final ao vencerem, por 2-1 (25-27, 22-20 e 15-11) e ap\u00f3s mais de uma hora de um jogo \u00e9pico, os primos chilenos Marco e Esteban Grimalt, que formam uma conceituada dupla que foi 5.\u00aa classificada no exigente Beach Pro Tour Elite 16 de Gstaad, na Su\u00ed\u00e7a, e 2.\u00aa no Campeonato Sul-Americano em 2023.<\/p>\n<p>Pelo caminho, <em>vingaram-se<\/em> (2-0: 21-19 e 21-16) dos irm\u00e3os Quincy e Calvin Aye, de Fran\u00e7a, que tinham vencido, em 2022, o Beach Pro Tour Futures Cortega\u00e7a<em> \u00e0 custa<\/em> dos portugueses.<\/p>\n<p>At\u00e9 agora, Pedrosa e Campos sofreram apenas uma derrota, que acabou por n\u00e3o ter grande peso no seu percurso, j\u00e1 que foi na fase de grupos,\u00a0 frente aos ucranianos <span style=\"text-decoration: underline;\">Sergiy Popov e Eduard Reznik<\/span> na Pool F.<\/p>\n<p>A dupla lusitana \u00e9 <em>acompanhada<\/em> pelo Seleccionador Nacional de masculinos, <span style=\"text-decoration: underline;\">Leonel Gomes<\/span>, e por <span style=\"text-decoration: underline;\">Sandra Deveza<\/span>, que est\u00e1 nomeada para a equipa de arbitragem do BPT Challenge de Edmonton.<\/p>\n<p style=\"text-align: center;\">Ver todas as informa\u00e7\u00f5es sobre o <a href=\"https:\/\/fpvoleibol.pt\/fpv\/features\/beach-pro-tour-2023\/\">BPT Challenge Espinho 2023 <strong>AQUI<\/strong><\/a><\/p>\n<p><img loading=\"lazy\" decoding=\"async\" class=\"size-full wp-image-26644 aligncenter\" src=\"https:\/\/fpvoleibol.pt\/fpv\/wp-content\/uploads\/2023\/07\/bptedmonton_d2.jpg\" alt=\"\" width=\"960\" height=\"640\" srcset=\"https:\/\/fpvoleibol.pt\/fpv\/wp-content\/uploads\/2023\/07\/bptedmonton_d2.jpg 960w, https:\/\/fpvoleibol.pt\/fpv\/wp-content\/uploads\/2023\/07\/bptedmonton_d2-300x200.jpg 300w, https:\/\/fpvoleibol.pt\/fpv\/wp-content\/uploads\/2023\/07\/bptedmonton_d2-768x512.jpg 768w\" sizes=\"auto, (max-width: 960px) 100vw, 960px\" \/>Campe\u00f5es mundiais universit\u00e1rios e campe\u00f5es nacionais em t\u00edtulo, <strong>Jo\u00e3o Pedrosa<\/strong> e<strong> Hugo Campos<\/strong>, orientados por Leonel Gomes, t\u00eam como melhor classifica\u00e7\u00e3o de sempre em etapas da categoria Challenge do Circuito Mundial o 4.\u00ba lugar no Beach Pro Tour Challenge de Torquay.<\/p>\n<p>O <span style=\"text-decoration: underline;\"><a href=\"https:\/\/fpvoleibol.pt\/fpv\/features\/beach-pro-tour-2023\/\">Beach Pro Tour Challenge de Espinho<\/a><\/span> \u00a0foi a 17.\u00aa prova do <strong><em>Volleyball World Beach Pro Tour<\/em><\/strong> da FIVB em que participaram <strong>Jo\u00e3o Pedrosa<\/strong> e <strong>Hugo Campos<\/strong>, depois de terem disputado em 2023 o <a href=\"https:\/\/en.volleyballworld.com\/beachvolleyball\/competitions\/beach-pro-tour\/2023\/challenge\/jurmala-lat\/schedule\/\">Beach Pro Tour Challenge de Jurmala<\/a>, o <a href=\"https:\/\/en.volleyballworld.com\/beachvolleyball\/competitions\/beach-pro-tour\/2023\/elite16\/uberlandia-bra\/\">Beach Pro Tour Elite 16 de Uberl\u00e2ndia<\/a>, o <a href=\"https:\/\/en.volleyballworld.com\/beachvolleyball\/competitions\/beach-pro-tour\/2023\/challenge\/saquarema-bra\/\">Beach Pro Tour Challenge de Saquarema<\/a>, o <a style=\"color: #001b2e;\" href=\"https:\/\/en.volleyballworld.com\/beachvolleyball\/competitions\/beach-pro-tour\/2023\/challenge\/itapema-bra\/\">Beach Pro Tour Challenge de Itapema<\/a> e o <a href=\"https:\/\/en.volleyballworld.com\/beachvolleyball\/competitions\/beach-pro-tour\/2023\/challenge\/la-paz-mex\/\">Beach Pro Tour Challenge de La Paz<\/a> e em 2022 o <a href=\"https:\/\/en.volleyballworld.com\/beachvolleyball\/competitions\/beach-pro-tour-2022\/events\/challenge\/torquay-australia-c\/schedule\/372348\/\">Beach Pro Tour Challenge de Torquay<\/a>, o <a href=\"https:\/\/en.volleyballworld.com\/beachvolleyball\/competitions\/beach-pro-tour-2022\/events\/challenge\/dubai-uae-2\/schedule\/\">Beach Pro Tour Challenge do Dubai &#8211; 2nd<\/a>, o <a href=\"https:\/\/en.volleyballworld.com\/beachvolleyball\/competitions\/beach-pro-tour-2022\/events\/challenge\/dubai-uae-1\/teams\/men\/main-draw\">Beach Pro Tour Challenge do Dubai &#8211; 1st<\/a>, o <span style=\"text-decoration: underline;\"><a href=\"https:\/\/en.volleyballworld.com\/beachvolleyball\/competitions\/beach-pro-tour-2022\/events\/future\/cortegaca-portugal\/teams\/men\/by-country\">Beach Pro Tour Future de Cortega\u00e7a<\/a>,<\/span> o <a href=\"https:\/\/en.volleyballworld.com\/beachvolleyball\/competitions\/beach-pro-tour-2022\/events\/challenge\/agadir-morocco\/\">Beach Pro Tour Challenge de Agadir<\/a>, o <a href=\"https:\/\/en.volleyballworld.com\/beachvolleyball\/competitions\/beach-pro-tour-2022\/events\/challenge\/espinho-portugal\/\">Beach Pro Tour Challenge de Espinho<\/a>,\u00a0 o <a href=\"https:\/\/www.cev.eu\/beach\/tour\/2022\/2022-volleyball-world-beach-pro-tour-futures-giardini-naxos\/\">Beach Pro Tour Future de Giardini Naxos<\/a>, o <a href=\"https:\/\/en.volleyballworld.com\/beachvolleyball\/competitions\/beach-pro-tour-2022\/events\/future\/madrid-spain-men\/teams\/men\/by-country\">Beach Pro Tour Future de Madrid<\/a>, em Espanha, o <a href=\"https:\/\/en.volleyballworld.com\/beachvolleyball\/competitions\/beach-pro-tour-2022\/events\/challenge\/doha-qatar\/teams\/men\/qualification\">Beach Pro Tour Challenge de Doha<\/a>, no Catar, o <strong><a href=\"https:\/\/en.volleyballworld.com\/beachvolleyball\/competitions\/beach-pro-tour-2022\/events\/challenge\/tlaxcala-mexico\/\">Beach Pro Tour Challenge de Tlaxcala<\/a><\/strong>, no M\u00e9xico, e o <strong><a href=\"https:\/\/en.volleyballworld.com\/beachvolleyball\/competitions\/beach-pro-tour-2022\/events\/challenge\/itapema-brazil\/\">Beach Pro Tour Challenge de Itapema<\/a><\/strong>, no Brasil.<\/p>\n<p>Apesar da sua juventude, <strong>Jo\u00e3o Pedrosa <\/strong>e<strong> Hugo Campos<\/strong>, <a href=\"https:\/\/fpvoleibol.pt\/fpv\/2022\/09\/10\/pedrosa-campos-campeoes-mundiais-universitarios\/\"><span style=\"text-decoration: underline;\">campe\u00f5es mundiais universit\u00e1rios 2022<\/span><\/a>, t\u00eam j\u00e1 um registo significativo nos \u00faltimos anos:<\/p>\n<p><span style=\"text-decoration: underline;\"><strong>2023<br \/>\n<\/strong><a href=\"https:\/\/fpvoleibol.pt\/fpv\/features\/beach-pro-tour-2023\/\">Beach Pro Tour Challenge de Espinho<\/a><\/span> \u2013 9.\u00ba lugar<br \/>\n<span style=\"text-decoration: underline;\">Ta\u00e7a das Na\u00e7\u00f5es &#8211; Pool G (Hungria) \u2013 3.\u00ba lugar<\/span><br \/>\n<span style=\"text-decoration: underline;\">Beach Pro Tour Elite 16 de Uberl\u00e2ndia \u2013 21.\u00ba lugar<strong><br \/>\n<\/strong>Beach Pro Tour Challenge de Saquarema \u2013 17.\u00ba lugar<strong><br \/>\n<\/strong><\/span><span style=\"text-decoration: underline;\">Beach Pro Tour Challenge de Itapema \u2013 19.\u00ba lugar<br \/>\n<\/span><span style=\"text-decoration: underline;\">Beach Pro Tour Challenge de La Paz \u2013 19.\u00ba lugar<br \/>\n<\/span><span style=\"text-decoration: underline;\"><strong>2022<br \/>\n<\/strong>Beach Pro Tour Challenge de Torquay \u2013 4.\u00ba lugar<br \/>\nBeach Pro Tour Challenge do Dubai &#8211; 2nd \u2013 9.\u00ba lugar<br \/>\nBeach Pro Tour Challenge do Dubai &#8211; 1st \u2013 9.\u00ba lugar<br \/>\n<strong>Mundiais Universit\u00e1rios de Voleibol de Praia, em Macei\u00f3\/Brasil &#8211; 1.\u00ba lugar<\/strong><br \/>\nBeach Pro Tour Future de Cortega\u00e7a\/Portugal &#8211; 2.\u00ba lugar<br \/>\n<\/span><span style=\"text-decoration: underline;\">Campeonato Nacional &#8211; Lidl, em Cortega\u00e7a &#8211; 1.\u00ba lugar<br \/>\nBeach Pro Tour Challenge de Agadir\/Marrocos &#8211; 33.\u00ba lugar\u00a0<strong><br \/>\n<\/strong>Beach Pro Tour Espinho Challenge\/Portugal &#8211; 19.\u00ba lugar<br \/>\nBeach Pro Tour Giardini Naxos Future\/It\u00e1lia &#8211; 9.\u00ba lugar<br \/>\nBeach Pro Tour Madrid Future\/Espanha &#8211; 17.\u00ba lugar<br \/>\nBeach Pro Tour Doha Challenge\/Catar &#8211; 25.\u00ba lugar<br \/>\nBeach Pro Tour Itapema Challenge\/Brasil &#8211; 33.\u00ba lugar<\/span><br \/>\n<span style=\"text-decoration: underline;\">Beach Pro Tour Tlaxcala Challenge\/M\u00e9xico &#8211; 33.\u00ba lugar<br \/>\n<\/span><span style=\"text-decoration: underline;\"><strong>2021<br \/>\n<\/strong><\/span>World Tour 2* (Praga\/Rep. Checa) &#8211; 21.\u00ba lugar<span style=\"text-decoration: underline;\"><br \/>\nWorld Tour 1* (Cortega\u00e7a\/Portugal) &#8211; 2.\u00ba lugar<strong><br \/>\n<\/strong><\/span>World Tour 1* (S\u00f3fia 2\/Bulg\u00e1ria) &#8211; 2.\u00ba lugar<br \/>\nWorld Tour 1* (S\u00f3fia 1\/Bulg\u00e1ria) &#8211; 3.\u00ba lugar<br \/>\nEuropeu Sub-22 (Baden\/\u00c1ustria) &#8211; 9.\u00ba lugar<br \/>\nWorld Tour 4* (Ostrava\/Rep. Checa) &#8211; 41.\u00ba lugar<br \/>\n<span style=\"text-decoration: underline;\"><strong>2020<\/strong><\/span><br \/>\nEuropeu Sub-22 (Izmir\/Turquia) &#8211; 17.\u00ba lugar<br \/>\nWorld Tour 1* (Montpellier\/Fran\u00e7a) &#8211; 9.\u00ba lugar<br \/>\n<span style=\"text-decoration: underline;\"><strong>2019<\/strong><\/span><br \/>\nJogos do Mediterr\u00e2neo \u2013 5.\u00ba lugar<br \/>\nWorld Tour 1* (Knokke-Heist\/B\u00e9lgica) \u2013 21.\u00ba lugar<br \/>\nWorld Tour 4* (Espinho\/Portugal) \u2013 25.\u00ba lugar<br \/>\nEuropeu Sub-20 (Gotemburgo\/Su\u00e9cia) \u2013 17.\u00ba lugar<br \/>\n<span style=\"text-decoration: underline;\"><strong>2018<\/strong><\/span><br \/>\nTorneio WEVZA (Quarteira\/Portugal) \u2013 4.\u00ba lugar<br \/>\nEuropeu Sub-20 (Anapa\/R\u00fassia) \u2013 25.\u00ba lugar<br \/>\nEuropeu Sub-18 (Kazan\/R\u00fassia) \u2013 17.\u00ba lugar<br \/>\n<span style=\"text-decoration: underline;\"><strong>2017<\/strong><\/span><br \/>\nCEV Youth Continental Cup &#8211; 3.\u00ba lugar<\/p>\n<p><span style=\"text-align: center;\">Ver\u00a0<\/span><strong style=\"text-align: center;\">curr\u00edculo<\/strong><span style=\"text-align: center;\">\u00a0internacional de\u00a0<\/span><a style=\"text-align: center;\" href=\"https:\/\/en.volleyballworld.com\/en\/beachvolleyball\/worldtour\/2021\/msfi2021\/men\/teams\/960755-pedrosa-campos\/joao_pedrosa?id=153921\"><strong>Jo\u00e3o Pedrosa aqui<\/strong>\u00a0<\/a><span style=\"text-align: center;\">e de\u00a0<\/span><a style=\"text-align: center;\" href=\"https:\/\/en.volleyballworld.com\/en\/beachvolleyball\/worldtour\/2021\/msfi2021\/men\/teams\/960755-pedrosa-campos\/hugo_campos?id=164474\"><strong>Hugo Campos aqui<\/strong><\/a><\/p>\n<p style=\"text-align: center;\"><span style=\"background-color: #333333; color: #ffffff;\"><strong>\u00c1rbitros portugueses em ac\u00e7\u00e3o<br \/>\nno Voleibol de Praia<\/strong><\/span><\/p>\n<p style=\"text-align: center;\"><strong>Sandra Deveza<\/strong><br \/>\nBeach Pro Tour Challenge Edmonton, no Canad\u00e1, de 20 a 23 de Julho de 2023.<br \/>\nBeach Pro Tour Elite 16 Montreal, no Canad\u00e1, de 26 a 30 de Julho de 2023.<br \/>\nBeach Pro Tour Challenge de Chiang Mai, na Tail\u00e2ndia, 14 a 19 de Novembro de 2023.<br \/>\nBeach Pro Tour Elite 16 \u2013 Austr\u00e1lia, de 21 a 26 Novembro de 2023.<\/p>\n<p style=\"text-align: center;\"><strong>Maria Michelle Ferreira<\/strong><br \/>\nCampeonato da Europa de Sub-20 Masculinos, em Riga (Let\u00f3nia), de 17 a 20 de Agosto de 2023.<\/p>\n<p style=\"text-align: center;\"><strong>Rui Carvalho<\/strong><br \/>\nCampeonato da Europa de Sub-22 Masculinos, em Timisoara, na Rom\u00e9nia, de 23 a 31 de Julho de 2023.<br \/>\nBPT Elite 16 \u2013 Hamburgo (Alemanha), de 13 a 21 de Agosto de 2023.<br \/>\nCampeonato do Mundo (Beach World Championship) \u2013 Tlaxcala, no M\u00e9xico, de 6 a 15 de Outubro de 2023.<span style=\"text-decoration: underline;\"><br \/>\n<\/span>Finais BPT 2023 \u2013 Doha (Catar), de 6 a 9 de Dezembro de 2023.<\/p>\n<p style=\"text-align: center;\"><strong>Jos\u00e9 Casanova<br \/>\n<\/strong>Delegado de Arbitragem no Beach Pro Tour Challenge Edmonton, no Canad\u00e1, de 20 a 23 de Julho de 2023.<\/p>\n","protected":false},"excerpt":{"rendered":"<p>A dupla de Voleibol de Praia portuguesa Jo\u00e3o Pedrosa\/Hugo Campos defronta hoje, \u00e0s 11h30 (18h30, em Portugal continental) a categorizada dupla brasileira Pedro Solberg\/Gustavo Albrecht Carvalhaes (Guto) nas meias-finais do [&hellip;]<\/p>\n","protected":false},"author":2,"featured_media":26646,"comment_status":"open","ping_status":"open","sticky":false,"template":"","format":"standard","meta":{"_monsterinsights_skip_tracking":false,"_monsterinsights_sitenote_active":false,"_monsterinsights_sitenote_note":"","_monsterinsights_sitenote_category":0,"footnotes":""},"categories":[13,9],"tags":[74,71],"class_list":{"0":"post-26642","1":"post","2":"type-post","3":"status-publish","4":"format-standard","5":"has-post-thumbnail","7":"category-arbitragem","8":"category-voleibol-de-praia","9":"tag-beach-pro-tour","10":"tag-epoca-2022-2023","11":"czr-hentry"},"aioseo_notices":[],"_links":{"self":[{"href":"https:\/\/fpvoleibol.pt\/fpv\/wp-json\/wp\/v2\/posts\/26642","targetHints":{"allow":["GET"]}}],"collection":[{"href":"https:\/\/fpvoleibol.pt\/fpv\/wp-json\/wp\/v2\/posts"}],"about":[{"href":"https:\/\/fpvoleibol.pt\/fpv\/wp-json\/wp\/v2\/types\/post"}],"author":[{"embeddable":true,"href":"https:\/\/fpvoleibol.pt\/fpv\/wp-json\/wp\/v2\/users\/2"}],"replies":[{"embeddable":true,"href":"https:\/\/fpvoleibol.pt\/fpv\/wp-json\/wp\/v2\/comments?post=26642"}],"version-history":[{"count":4,"href":"https:\/\/fpvoleibol.pt\/fpv\/wp-json\/wp\/v2\/posts\/26642\/revisions"}],"predecessor-version":[{"id":26715,"href":"https:\/\/fpvoleibol.pt\/fpv\/wp-json\/wp\/v2\/posts\/26642\/revisions\/26715"}],"wp:featuredmedia":[{"embeddable":true,"href":"https:\/\/fpvoleibol.pt\/fpv\/wp-json\/wp\/v2\/media\/26646"}],"wp:attachment":[{"href":"https:\/\/fpvoleibol.pt\/fpv\/wp-json\/wp\/v2\/media?parent=26642"}],"wp:term":[{"taxonomy":"category","embeddable":true,"href":"https:\/\/fpvoleibol.pt\/fpv\/wp-json\/wp\/v2\/categories?post=26642"},{"taxonomy":"post_tag","embeddable":true,"href":"https:\/\/fpvoleibol.pt\/fpv\/wp-json\/wp\/v2\/tags?post=26642"}],"curies":[{"name":"wp","href":"https:\/\/api.w.org\/{rel}","templated":true}]}}