{"id":26559,"date":"2023-07-21T20:38:56","date_gmt":"2023-07-21T20:38:56","guid":{"rendered":"https:\/\/fpvoleibol.pt\/fpv\/?p=26559"},"modified":"2023-07-21T20:41:26","modified_gmt":"2023-07-21T20:41:26","slug":"sub-22-portuguesas-imperiais-em-paredes","status":"publish","type":"post","link":"https:\/\/fpvoleibol.pt\/fpv\/2023\/07\/21\/sub-22-portuguesas-imperiais-em-paredes\/","title":{"rendered":"SUB-22: PORTUGUESAS \u00abIMPERIAIS\u00bb EM PAREDES"},"content":{"rendered":"<p style=\"text-align: left;\"><img loading=\"lazy\" decoding=\"async\" class=\"size-full wp-image-26586 aligncenter\" src=\"https:\/\/fpvoleibol.pt\/fpv\/wp-content\/uploads\/2023\/07\/u22_porxirl_9.jpg\" alt=\"\" width=\"960\" height=\"640\" srcset=\"https:\/\/fpvoleibol.pt\/fpv\/wp-content\/uploads\/2023\/07\/u22_porxirl_9.jpg 960w, https:\/\/fpvoleibol.pt\/fpv\/wp-content\/uploads\/2023\/07\/u22_porxirl_9-300x200.jpg 300w, https:\/\/fpvoleibol.pt\/fpv\/wp-content\/uploads\/2023\/07\/u22_porxirl_9-768x512.jpg 768w\" sizes=\"auto, (max-width: 960px) 100vw, 960px\" \/>A Selec\u00e7\u00e3o Nacional de Sub-22 Femininos rubricou hoje um triunfo categ\u00f3rico (3-0: 25-13, 25-5 e 25-7) sobre a Irlanda no Pavilh\u00e3o Multiusos de Paredes, onde decorre at\u00e9 ao dia 23 de Julho a <a href=\"https:\/\/fpvoleibol.pt\/eurovolley2024-sub22\/\"><strong>Pool A de <\/strong><strong>Qualifica\u00e7\u00e3o para o Campeonato da Europa 2024 de Sub-22 Femininos<\/strong><\/a>, competi\u00e7\u00e3o organizada pela <span style=\"text-decoration: underline;\">Federa\u00e7\u00e3o Portuguesa de Voleibol<\/span>\u00a0com o apoio da C\u00e2mara Municipal de Paredes.<\/p>\n<p>Frente \u00e0 Irlanda, uma selec\u00e7\u00e3o muito esfor\u00e7ada e algo competente na defesa, mas muito abaixo dos argumentos de Portugal em todos os outros cap\u00edtulos, a equipa orientada por Jo\u00e3o Santos apenas no set inicial sentiu algumas dificuldades, rapidamente sanadas.<br \/>\nPortugal tem amanh\u00e3 um <em>osso mais duro de roer<\/em>, a Dinamarca, encontro agendado para as <a href=\"https:\/\/youtube.com\/live\/ZJ9LJ_YqXXw\">18h00<\/a>.<\/p>\n<p style=\"text-align: center;\"><strong>Portugal x Irlanda, 3-0 (25-13, 25-5 e 25-7)<\/strong><\/p>\n<p>As irlandesas entraram melhor no primeiro set, aproveitando algum nervosismo das portuguesas por ser o jogo de estreia e actuarem perante o seu p\u00fablico (6-4).<br \/>\nPassado o <em>nervoso miudinho<\/em>, a equipa orientada por Jo\u00e3o Santos come\u00e7ou a galgar terreno, valendo-se da presen\u00e7a na rede da capit\u00e3 Alice Clemente e de Bruna Correia, no bloco, e de Joana Garcez no servi\u00e7o para desequilibrar os <em>pratos da balan\u00e7a<\/em> a seu favor (14-8), obrigando a treinadora irlandesa a pedir tempo para redefinir estrat\u00e9gias.<br \/>\nDebalde, j\u00e1 que as portuguesas come\u00e7aram a jogar cada vez melhor e, assim, a ganhar a confian\u00e7a necess\u00e1ria para dominarem as opera\u00e7\u00f5es e o marcador, que acabou por ser fixado num desnivelado 25-13, que mais n\u00e3o foi do que um espelho da diferen\u00e7a de n\u00edvel entre as duas selec\u00e7\u00f5es.<\/p>\n<p>No segundo set, j\u00e1 sem qualquer tipo de receio e ciente do seu valor, a Selec\u00e7\u00e3o Nacional iniciou uma caminhada solit\u00e1ria (4-0, 7-1), valendo-se dos servi\u00e7os potentes de Alice Clemente e da respectiva cobertura defensiva do eficaz bloco de jogadoras como Ana Monteiro ou Bruna Correia.<br \/>\nJuntando a isso os servi\u00e7os de Marisa Pardal, Portugal encetou uma fuga pontual (15-3) que praticamente lhe assegurava a vit\u00f3ria no set. O que acabou por acontecer, com naturalidade, aos 25-5.<\/p>\n<p>Assim, acabou por estranhar um pouco que a Irlanda fizesse o mesmo n\u00famero de pontos logo de entrada (5-4) no terceiro set&#8230;<br \/>\nPortugal resolveu a quest\u00e3o com Marisa Pardal no servi\u00e7o e Ana Monteiro (e, na segunda linha, Alice Clemente) no ataque (10-5).<br \/>\nCom Joana Garcez (excelente) no servi\u00e7o e Alice Clemente e Bruna Correia na rede, Portugal foi subindo no marcador: de 13-7 para 25-7, selado com um ataque de Bruna Correia.<\/p>\n<p><img loading=\"lazy\" decoding=\"async\" class=\"size-full wp-image-26588 aligncenter\" src=\"https:\/\/fpvoleibol.pt\/fpv\/wp-content\/uploads\/2023\/07\/u22_porxirl_9d.jpg\" alt=\"\" width=\"960\" height=\"640\" srcset=\"https:\/\/fpvoleibol.pt\/fpv\/wp-content\/uploads\/2023\/07\/u22_porxirl_9d.jpg 960w, https:\/\/fpvoleibol.pt\/fpv\/wp-content\/uploads\/2023\/07\/u22_porxirl_9d-300x200.jpg 300w, https:\/\/fpvoleibol.pt\/fpv\/wp-content\/uploads\/2023\/07\/u22_porxirl_9d-768x512.jpg 768w\" sizes=\"auto, (max-width: 960px) 100vw, 960px\" \/>No final, <strong>Jo\u00e3o Santos<\/strong> salientou:<br \/>\n&#8220;<em>O nervosismo inicial \u00e9 normal. J\u00e1 tinha avisado para isso. H\u00e1 mi\u00fadas sem competir h\u00e1 cerca de dois meses, representar Portugal n\u00e3o \u00e9 um jogo qualquer e \u00e9 normal elas sentirem um pouco desse nervosismo. Foi passando e depois conseguimos ter uma boa exibi\u00e7\u00e3o.\u00a0<\/em><br \/>\n<em>Pelo que vi no Dinamarca x Ucr\u00e2nia, logo a abrir com um 3-2, vai ser um apuramento extremamente renhido e at\u00e9 ao \u00faltimo jogo, pois h\u00e1 tr\u00eas equipas que querem o apuramento para o Europeu de 2024.<\/em><br \/>\n<em>N\u00f3s temos as nossas armas. Entr\u00e1mos bem, fomos competentes hoje e queremos s\u00ea-lo outra vez amanh\u00e3 frente \u00e0 Dinamarca<\/em>&#8220;.<\/p>\n<p><strong>Alice Clemente,<\/strong> que amealhou 15 pontos \u2013 mais um do que <strong>Marisa Pardal<\/strong> \u2013, foi a melhor pontuadora do jogo, enquanto <span style=\"text-decoration: underline;\">Sophie Nolan<\/span>, com 3 pontos, foi a irlandesa mais concretizadora. Ver estat\u00edstica <a href=\"https:\/\/www-old.cev.eu\/Competition-Area\/MatchStatistics.aspx?ID=66948\">AQUI<\/a><\/p>\n<p>Resultado do outro jogo do dia:\u00a0<a href=\"https:\/\/fpvoleibol.pt\/fpv\/2023\/07\/21\/sub-22-ucranianas-vencem-dinamarquesas\/\"><strong>Dinamarca x Ucr\u00e2nia, 2-3 (18-25, 27-25, 20-25, 25-18 e 11-15)<\/strong><\/a><\/p>\n<p style=\"text-align: center;\"><span style=\"text-decoration: underline;\">Os jogos podem ser seguidos em directo na Volei TV atrav\u00e9s dos seguintes links<\/span>:<\/p>\n<p><strong>Amanh\u00e3 | 22.07.2023<\/strong><br \/>\nUcr\u00e2nia x Irlanda: <a href=\"https:\/\/youtube.com\/live\/-X6ElPqTnIc\">https:\/\/youtube.com\/live\/-X6ElPqTnIc<\/a><br \/>\nDinamarca x <strong>Portugal<\/strong>: <a href=\"https:\/\/youtube.com\/live\/ZJ9LJ_YqXXw\">https:\/\/youtube.com\/live\/ZJ9LJ_YqXXw<\/a><\/p>\n<p><strong>Domingo | 23.07.2023<\/strong><br \/>\nIrlanda x Dinamarca: <a href=\"https:\/\/youtube.com\/live\/8aa1vI4kJY0\">https:\/\/youtube.com\/live\/8aa1vI4kJY0<\/a><br \/>\nUcr\u00e2nia x <strong>Portugal<\/strong>: <a href=\"https:\/\/youtube.com\/live\/Gn_X8ECVAfw\">https:\/\/youtube.com\/live\/Gn_X8ECVAfw<\/a><\/p>\n<p><img loading=\"lazy\" decoding=\"async\" class=\"size-full wp-image-26458 aligncenter\" src=\"https:\/\/fpvoleibol.pt\/fpv\/wp-content\/uploads\/2023\/07\/U22_women_2023_Portugal_d1.jpg\" alt=\"\" width=\"960\" height=\"733\" srcset=\"https:\/\/fpvoleibol.pt\/fpv\/wp-content\/uploads\/2023\/07\/U22_women_2023_Portugal_d1.jpg 960w, https:\/\/fpvoleibol.pt\/fpv\/wp-content\/uploads\/2023\/07\/U22_women_2023_Portugal_d1-300x229.jpg 300w, https:\/\/fpvoleibol.pt\/fpv\/wp-content\/uploads\/2023\/07\/U22_women_2023_Portugal_d1-768x586.jpg 768w\" sizes=\"auto, (max-width: 960px) 100vw, 960px\" \/><\/p>\n<p><span style=\"background-color: #666699; color: #ffffff;\">Pools da Fase de Qualifica\u00e7\u00e3o:<br \/>\n<\/span><strong>Pool A (Portugal org.)<\/strong>: Portugal, Ucr\u00e2nia, Dinamarca e Irlanda.<br \/>\n<strong>Pool B (Let\u00f3nia org.)<\/strong>: Let\u00f3nia, Pol\u00f3nia e Israel.<br \/>\n<strong>Pool C (Ch\u00e9quia org.)<\/strong>: Ch\u00e9quia, Turquia, \u00c1ustria e Kosovo.<br \/>\n<strong>Pool D: (Luxemburgo org.)<\/strong>: Luxemburgo, S\u00e9rvia, Eslov\u00e1quia e Espanha.<\/p>\n<p>Apuram-se directamente para a Fase Final, onde se juntar\u00e3o \u00e0 Selec\u00e7\u00e3o da It\u00e1lia (organizadora, de 29 de Junho a 14 Julho de 2024), os 1.\u00bas classificados de cada pool e os tr\u00eas melhores segundos <span style=\"color: #000000;\">classificados entre todas as pools.<\/span><\/p>\n<p>Recorde-se que a Selec\u00e7\u00e3o Nacional de Sub-21 Femininos (agora Sub-22) esteve muito perto de se apurar para o Campeonato da Europa 2022.<br \/>\nEntrou a perder na Pool E da Fase de Qualifica\u00e7\u00e3o do Campeonato da Europa 2022, cedendo frente \u00e0 Turquia (0-3: 21-25, 19-25 e 24-26), que haveria de se apurar directamente para a fase final da prova, a realizar em Cerignola e Andria, na It\u00e1lia, de 12 a 17 de Julho.<br \/>\nContudo, depois, derrotou sucessivamente as selec\u00e7\u00f5es de Montenegro (3-2: 16-25, 25-17, 22-25, 26-24 e 15-13) e da Isl\u00e2ndia (3-0: 25-14, 25-9 e 26-24)&#8230; para acabar por ficar fora do EuroVolley no desempate com a Ucr\u00e2nia, que obteve a passagem \u00e0 fase final ao vencer o primeiro set frente \u00e0 poderosa Pol\u00f3nia (1-3: 25-16, 13-25, 19-25 e 20-25) na \u00faltima jornada da Pool B.<\/p>\n<p style=\"text-align: center;\">Todas as informa\u00e7\u00f5es sobre a <a href=\"https:\/\/fpvoleibol.pt\/eurovolley2024-sub22\/\"><strong>Pool A de <\/strong><strong>Qualifica\u00e7\u00e3o para o Campeonato da Europa 2024 de Sub-22 Femininos AQUI<\/strong><\/a> e <a href=\"https:\/\/www.cev.eu\/\">AQUI<\/a><\/p>\n","protected":false},"excerpt":{"rendered":"<p>A Selec\u00e7\u00e3o Nacional de Sub-22 Femininos rubricou hoje um triunfo categ\u00f3rico (3-0: 25-13, 25-5 e 25-7) sobre a Irlanda no Pavilh\u00e3o Multiusos de Paredes, onde decorre at\u00e9 ao dia 23 [&hellip;]<\/p>\n","protected":false},"author":2,"featured_media":26589,"comment_status":"open","ping_status":"open","sticky":false,"template":"","format":"standard","meta":{"_monsterinsights_skip_tracking":false,"_monsterinsights_sitenote_active":false,"_monsterinsights_sitenote_note":"","_monsterinsights_sitenote_category":0,"footnotes":""},"categories":[13,8,31],"tags":[71,67,102],"class_list":{"0":"post-26559","1":"post","2":"type-post","3":"status-publish","4":"format-standard","5":"has-post-thumbnail","7":"category-arbitragem","8":"category-voleibol","9":"category-voleitv","10":"tag-epoca-2022-2023","11":"tag-sub-22","12":"tag-sub-22f2024","13":"czr-hentry"},"aioseo_notices":[],"_links":{"self":[{"href":"https:\/\/fpvoleibol.pt\/fpv\/wp-json\/wp\/v2\/posts\/26559","targetHints":{"allow":["GET"]}}],"collection":[{"href":"https:\/\/fpvoleibol.pt\/fpv\/wp-json\/wp\/v2\/posts"}],"about":[{"href":"https:\/\/fpvoleibol.pt\/fpv\/wp-json\/wp\/v2\/types\/post"}],"author":[{"embeddable":true,"href":"https:\/\/fpvoleibol.pt\/fpv\/wp-json\/wp\/v2\/users\/2"}],"replies":[{"embeddable":true,"href":"https:\/\/fpvoleibol.pt\/fpv\/wp-json\/wp\/v2\/comments?post=26559"}],"version-history":[{"count":15,"href":"https:\/\/fpvoleibol.pt\/fpv\/wp-json\/wp\/v2\/posts\/26559\/revisions"}],"predecessor-version":[{"id":26593,"href":"https:\/\/fpvoleibol.pt\/fpv\/wp-json\/wp\/v2\/posts\/26559\/revisions\/26593"}],"wp:featuredmedia":[{"embeddable":true,"href":"https:\/\/fpvoleibol.pt\/fpv\/wp-json\/wp\/v2\/media\/26589"}],"wp:attachment":[{"href":"https:\/\/fpvoleibol.pt\/fpv\/wp-json\/wp\/v2\/media?parent=26559"}],"wp:term":[{"taxonomy":"category","embeddable":true,"href":"https:\/\/fpvoleibol.pt\/fpv\/wp-json\/wp\/v2\/categories?post=26559"},{"taxonomy":"post_tag","embeddable":true,"href":"https:\/\/fpvoleibol.pt\/fpv\/wp-json\/wp\/v2\/tags?post=26559"}],"curies":[{"name":"wp","href":"https:\/\/api.w.org\/{rel}","templated":true}]}}