{"id":26160,"date":"2023-07-12T17:11:36","date_gmt":"2023-07-12T17:11:36","guid":{"rendered":"https:\/\/fpvoleibol.pt\/fpv\/?p=26160"},"modified":"2023-07-12T17:11:36","modified_gmt":"2023-07-12T17:11:36","slug":"voleibol-em-missao-nos-mundiais-universitarios","status":"publish","type":"post","link":"https:\/\/fpvoleibol.pt\/fpv\/2023\/07\/12\/voleibol-em-missao-nos-mundiais-universitarios\/","title":{"rendered":"VOLEIBOL EM MISS\u00c3O NOS MUNDIAIS UNIVERSIT\u00c1RIOS"},"content":{"rendered":"<p><img loading=\"lazy\" decoding=\"async\" class=\"size-full wp-image-26220 aligncenter\" src=\"https:\/\/fpvoleibol.pt\/fpv\/wp-content\/uploads\/2023\/07\/chendgu2021_missao.jpg\" alt=\"\" width=\"960\" height=\"575\" srcset=\"https:\/\/fpvoleibol.pt\/fpv\/wp-content\/uploads\/2023\/07\/chendgu2021_missao.jpg 960w, https:\/\/fpvoleibol.pt\/fpv\/wp-content\/uploads\/2023\/07\/chendgu2021_missao-300x180.jpg 300w, https:\/\/fpvoleibol.pt\/fpv\/wp-content\/uploads\/2023\/07\/chendgu2021_missao-768x460.jpg 768w\" sizes=\"auto, (max-width: 960px) 100vw, 960px\" \/>A <span style=\"text-decoration: underline;\">Selec\u00e7\u00e3o Nacional Universit\u00e1ria de Voleibol<\/span> vai disputar, de 29 de Julho a 7 de Agosto deste ano, os <strong>Jogos Mundiais Universit\u00e1rios da FISU \/ Chengdu 2021.<\/strong><\/p>\n<p>Ser\u00e3o 12 os estudantes-atletas que ir\u00e3o integrar a Miss\u00e3o de Portugal aos Jogos Mundiais Universit\u00e1rios da FISU 2021, que se realizam em Chengdu, China, de 28 de Julho a 8 de Agosto de 2023, e que sair\u00e3o do lote de jogadores que comp\u00f5em a lista de 15 pr\u00e9-convocados.<\/p>\n<p>A competi\u00e7\u00e3o de Voleibol decorre entre os dias 29 de Julho e 7 de Agosto de 2023.<\/p>\n<p><img loading=\"lazy\" decoding=\"async\" class=\"size-full wp-image-26218 aligncenter\" src=\"https:\/\/fpvoleibol.pt\/fpv\/wp-content\/uploads\/2023\/07\/chendgu2021_preconvocados.jpg\" alt=\"\" width=\"960\" height=\"712\" srcset=\"https:\/\/fpvoleibol.pt\/fpv\/wp-content\/uploads\/2023\/07\/chendgu2021_preconvocados.jpg 960w, https:\/\/fpvoleibol.pt\/fpv\/wp-content\/uploads\/2023\/07\/chendgu2021_preconvocados-300x223.jpg 300w, https:\/\/fpvoleibol.pt\/fpv\/wp-content\/uploads\/2023\/07\/chendgu2021_preconvocados-768x570.jpg 768w\" sizes=\"auto, (max-width: 960px) 100vw, 960px\" \/><img loading=\"lazy\" decoding=\"async\" class=\"size-full wp-image-26161 aligncenter\" src=\"https:\/\/fpvoleibol.pt\/fpv\/wp-content\/uploads\/2023\/07\/preconv_1univ.jpg\" alt=\"\" width=\"960\" height=\"676\" srcset=\"https:\/\/fpvoleibol.pt\/fpv\/wp-content\/uploads\/2023\/07\/preconv_1univ.jpg 960w, https:\/\/fpvoleibol.pt\/fpv\/wp-content\/uploads\/2023\/07\/preconv_1univ-300x211.jpg 300w, https:\/\/fpvoleibol.pt\/fpv\/wp-content\/uploads\/2023\/07\/preconv_1univ-768x541.jpg 768w\" sizes=\"auto, (max-width: 960px) 100vw, 960px\" \/><\/p>\n<p>No dia 29 de Agosto de 2017, a Selec\u00e7\u00e3o Nacional Universit\u00e1ria de Masculinos, orientada por Hugo Silva, classificou-se no 8.\u00ba lugar das Univers\u00edadas de Ver\u00e3o (Taipei 2017 Summer Universiade), ent\u00e3o a melhor classifica\u00e7\u00e3o alcan\u00e7ada pelo Voleibol portugu\u00eas na competi\u00e7\u00e3o universit\u00e1ria. A medalha de ouro foi conquistada pelo Ir\u00e3o, que bateu (3-2) a R\u00fassia, enquanto a de bronze foi para o Jap\u00e3o, vencedor do jogo com a Ucr\u00e2nia (3-1). Participaram nas Univers\u00edadas 24 equipas.<\/p>\n<p>Em Julho de 2019, a Selec\u00e7\u00e3o Nacional de estudantes-atletas &#8211; masculinos que integrou a \u00abMiss\u00e3o de Portugal\u00bb \u00e0 30.\u00aa edi\u00e7\u00e3o das Univers\u00edadas de Ver\u00e3o (It\u00e1lia) igualou a melhor classifica\u00e7\u00e3o de sempre na prova universit\u00e1ria.<br \/>\nA Selec\u00e7\u00e3o Nacional, orientada por Jo\u00e3o Jos\u00e9 e Carlos Prata, terminou a competi\u00e7\u00e3o no 8.\u00ba lugar, repetindo assim a classifica\u00e7\u00e3o do Voleibol nas Univers\u00edadas de 2017.<\/p>\n<p style=\"text-align: center;\"><strong>Mais informa\u00e7\u00f5es na <a href=\"https:\/\/www.fadu.pt\/\">Federa\u00e7\u00e3o Acad\u00e9mica do Desporto Universit\u00e1rio<\/a><\/strong><\/p>\n","protected":false},"excerpt":{"rendered":"<p>A Selec\u00e7\u00e3o Nacional Universit\u00e1ria de Voleibol vai disputar, de 29 de Julho a 7 de Agosto deste ano, os Jogos Mundiais Universit\u00e1rios da FISU \/ Chengdu 2021. Ser\u00e3o 12 os [&hellip;]<\/p>\n","protected":false},"author":2,"featured_media":26219,"comment_status":"open","ping_status":"open","sticky":false,"template":"","format":"standard","meta":{"_monsterinsights_skip_tracking":false,"_monsterinsights_sitenote_active":false,"_monsterinsights_sitenote_note":"","_monsterinsights_sitenote_category":0,"footnotes":""},"categories":[8],"tags":[71,78,97],"class_list":{"0":"post-26160","1":"post","2":"type-post","3":"status-publish","4":"format-standard","5":"has-post-thumbnail","7":"category-voleibol","8":"tag-epoca-2022-2023","9":"tag-mundiais-universitarios","10":"tag-universiadas-2023","11":"czr-hentry"},"aioseo_notices":[],"_links":{"self":[{"href":"https:\/\/fpvoleibol.pt\/fpv\/wp-json\/wp\/v2\/posts\/26160","targetHints":{"allow":["GET"]}}],"collection":[{"href":"https:\/\/fpvoleibol.pt\/fpv\/wp-json\/wp\/v2\/posts"}],"about":[{"href":"https:\/\/fpvoleibol.pt\/fpv\/wp-json\/wp\/v2\/types\/post"}],"author":[{"embeddable":true,"href":"https:\/\/fpvoleibol.pt\/fpv\/wp-json\/wp\/v2\/users\/2"}],"replies":[{"embeddable":true,"href":"https:\/\/fpvoleibol.pt\/fpv\/wp-json\/wp\/v2\/comments?post=26160"}],"version-history":[{"count":3,"href":"https:\/\/fpvoleibol.pt\/fpv\/wp-json\/wp\/v2\/posts\/26160\/revisions"}],"predecessor-version":[{"id":26222,"href":"https:\/\/fpvoleibol.pt\/fpv\/wp-json\/wp\/v2\/posts\/26160\/revisions\/26222"}],"wp:featuredmedia":[{"embeddable":true,"href":"https:\/\/fpvoleibol.pt\/fpv\/wp-json\/wp\/v2\/media\/26219"}],"wp:attachment":[{"href":"https:\/\/fpvoleibol.pt\/fpv\/wp-json\/wp\/v2\/media?parent=26160"}],"wp:term":[{"taxonomy":"category","embeddable":true,"href":"https:\/\/fpvoleibol.pt\/fpv\/wp-json\/wp\/v2\/categories?post=26160"},{"taxonomy":"post_tag","embeddable":true,"href":"https:\/\/fpvoleibol.pt\/fpv\/wp-json\/wp\/v2\/tags?post=26160"}],"curies":[{"name":"wp","href":"https:\/\/api.w.org\/{rel}","templated":true}]}}