{"id":26114,"date":"2023-07-09T18:57:17","date_gmt":"2023-07-09T18:57:17","guid":{"rendered":"https:\/\/fpvoleibol.pt\/fpv\/?p=26114"},"modified":"2023-07-09T18:57:17","modified_gmt":"2023-07-09T18:57:17","slug":"campos-e-pedrosa-bisam-no-cnvp-2023","status":"publish","type":"post","link":"https:\/\/fpvoleibol.pt\/fpv\/2023\/07\/09\/campos-e-pedrosa-bisam-no-cnvp-2023\/","title":{"rendered":"CAMPOS E PEDROSA \u00abBISAM\u00bb NO CNVP 2023"},"content":{"rendered":"<p style=\"text-align: left;\"><img loading=\"lazy\" decoding=\"async\" class=\"size-full wp-image-26118 aligncenter\" src=\"https:\/\/fpvoleibol.pt\/fpv\/wp-content\/uploads\/2023\/07\/cnvp_2etapa_espinho_podio_d.jpg\" alt=\"\" width=\"960\" height=\"570\" srcset=\"https:\/\/fpvoleibol.pt\/fpv\/wp-content\/uploads\/2023\/07\/cnvp_2etapa_espinho_podio_d.jpg 960w, https:\/\/fpvoleibol.pt\/fpv\/wp-content\/uploads\/2023\/07\/cnvp_2etapa_espinho_podio_d-300x178.jpg 300w, https:\/\/fpvoleibol.pt\/fpv\/wp-content\/uploads\/2023\/07\/cnvp_2etapa_espinho_podio_d-768x456.jpg 768w\" sizes=\"auto, (max-width: 960px) 100vw, 960px\" \/>As duplas portuguesa <strong>Hugo Campos\/Jo\u00e3o Pedrosa <\/strong>e paraguaia<strong> Erika Mongelos\/Michelle Valiente<\/strong> venceram hoje, respectivamente em masculinos e femininos, a\u00a0<a href=\"https:\/\/fpvoleibol.pt\/cnvp2023\/etapas.html#features16-17\"><strong>2.\u00aa Etapa<\/strong><\/a> do <a href=\"https:\/\/fpvoleibol.pt\/cnvp2023\"><strong><span style=\"text-decoration: underline;\">Campeonato Nacional de Voleibol de Praia 2023<\/span><\/strong><\/a>, disputada na <span style=\"text-decoration: underline;\">Praia da Ba\u00eda, em Espinho<\/span>, com as finais a serem transmitidas em directo na <a href=\"https:\/\/www.volei.tv\/\">Volei TV<\/a> e n&#8217; A Bola TV.<\/p>\n<p>Campos e Pedrosa, actuais campe\u00f5es nacionais, somaram a sua segunda vit\u00f3ria consecutiva no Campeonato Nacional ao vencerem (2-0: 21-14 e 21-19) Jos\u00e9 Pedro Monteiro\/Sebasti\u00e3o Le\u00e3o na final.<br \/>\nNo terceiro lugar ficou outra dupla das selec\u00e7\u00f5es nacionais, Guilherme Maia\/Filipe Leite, que superou (2-1: 14-21, 22-20 e 15-7) Roberto Reis\/Marcus Borlini.<\/p>\n<p><img loading=\"lazy\" decoding=\"async\" class=\"size-full wp-image-26119 aligncenter\" src=\"https:\/\/fpvoleibol.pt\/fpv\/wp-content\/uploads\/2023\/07\/cnvp_2etapa_espinho_podiomas_d.jpg\" alt=\"\" width=\"960\" height=\"616\" srcset=\"https:\/\/fpvoleibol.pt\/fpv\/wp-content\/uploads\/2023\/07\/cnvp_2etapa_espinho_podiomas_d.jpg 960w, https:\/\/fpvoleibol.pt\/fpv\/wp-content\/uploads\/2023\/07\/cnvp_2etapa_espinho_podiomas_d-300x193.jpg 300w, https:\/\/fpvoleibol.pt\/fpv\/wp-content\/uploads\/2023\/07\/cnvp_2etapa_espinho_podiomas_d-768x493.jpg 768w\" sizes=\"auto, (max-width: 960px) 100vw, 960px\" \/>Em femininos, a vit\u00f3ria foi para a dupla paraguaia Erika Mongelos\/Michelle Valiente, que se superiorizou (2-0: 21-13 e 21-14) a Mariana Maia \/ Gabriela Coelho, dupla que tinha vencido a primeira etapa, no Porto.<br \/>\nAo p\u00f3dio subiram ainda Beatriz Pinheiro e In\u00eas Castro, dupla da Selec\u00e7\u00e3o Nacional, que venceu (2-0: 21-12 e 21-10) In\u00eas Vasco\/Eunice Almeida.<\/p>\n<p>*Erika Sofia Mongelos Bobadilla e Michelle Sharon Valiente Amarilla estagiaram com Beatriz Pinheiro e In\u00eas Castro no Centro de Alto Rendimento de Voleibol de Praia da FPV, em Cortega\u00e7a, e defrontaram as campe\u00e3s portuguesas no Challenge de Espinho em 2022. Nessa altura, a vit\u00f3ria sorriu \u00e0s portuguesas por 2-1 (15-21, 21-18 e 17-15).<\/p>\n<p><img loading=\"lazy\" decoding=\"async\" class=\"alignnone size-full wp-image-26117\" src=\"https:\/\/fpvoleibol.pt\/fpv\/wp-content\/uploads\/2023\/07\/cnvp_2etapa_espinho_podiofem_d.jpg\" alt=\"\" width=\"960\" height=\"769\" srcset=\"https:\/\/fpvoleibol.pt\/fpv\/wp-content\/uploads\/2023\/07\/cnvp_2etapa_espinho_podiofem_d.jpg 960w, https:\/\/fpvoleibol.pt\/fpv\/wp-content\/uploads\/2023\/07\/cnvp_2etapa_espinho_podiofem_d-300x240.jpg 300w, https:\/\/fpvoleibol.pt\/fpv\/wp-content\/uploads\/2023\/07\/cnvp_2etapa_espinho_podiofem_d-768x615.jpg 768w\" sizes=\"auto, (max-width: 960px) 100vw, 960px\" \/>A pr\u00f3xima etapa est\u00e1 agendada para os dias 21 a 23 de Julho na Praia de Carcavelos, em Cascais.<\/p>\n<p>Ao todo, ser\u00e3o realizadas seis etapas, sendo que a 6.\u00aa e \u00faltima etapa ser\u00e1 considerada a Final do <a href=\"https:\/\/fpvoleibol.pt\/cnvp2023\"><strong>CNVP 2023<\/strong> <\/a>e ser\u00e1 disputada na Praia da Rocha, em Portim\u00e3o, Algarve, nos dias 11, 12 e 13 de Agosto.<\/p>\n<p style=\"text-align: center;\">As finais ser\u00e3o transmitidas em directo na <a href=\"https:\/\/www.volei.tv\/\">Volei TV<\/a> e n&#8217; A Bola TV.<\/p>\n<p style=\"text-align: center;\"><span style=\"text-decoration: underline;\"><strong>Todas as informa\u00e7\u00f5es <a href=\"https:\/\/fpvoleibol.pt\/cnvp2023\">AQUI<\/a><\/strong><\/span><\/p>\n<p style=\"text-align: center;\"><span style=\"text-decoration: underline;\"><strong>Calend\u00e1rio<\/strong><\/span><\/p>\n<p style=\"text-align: center;\"><strong>1.\u00aa Etapa (Porto)<br \/>\n<\/strong>23 a 25 de Junho \u2013 <strong>Praia Internacional<\/strong><\/p>\n<p style=\"text-align: center;\"><strong>2.\u00aa Etapa (Espinho)<\/strong><br \/>\n7 a 9 de Julho \u2013 Praia da Ba\u00eda<\/p>\n<p style=\"text-align: center;\"><strong>3.\u00aa Etapa (Cascais)<\/strong><br \/>\n21 a 23 de Julho \u2013 Praia de Carcavelos<\/p>\n<p style=\"text-align: center;\"><strong>4.\u00aa Etapa (Freixo de Espada \u00e0 Cinta)<br \/>\n<\/strong>28 a 30 de Julho \u2013 Praia da Congida<\/p>\n<p style=\"text-align: center;\"><strong>5.\u00aa Etapa (Ovar)<\/strong><br \/>\n4 a 6 de Agosto \u2013 Praia de Esmoriz<\/p>\n<p style=\"text-align: center;\"><strong>6.\u00aa Etapa (Portim\u00e3o)<\/strong><br \/>\n11 a 13 de Agosto \u2013 Praia da Rocha<\/p>\n<p style=\"text-align: center;\"><span style=\"background-color: #000000; color: #ffffff;\"><img loading=\"lazy\" decoding=\"async\" class=\"size-full wp-image-18136 aligncenter\" src=\"https:\/\/fpvoleibol.pt\/fpv\/wp-content\/uploads\/2022\/08\/VP2022_podio-nacional-d.jpg\" alt=\"\" width=\"1040\" height=\"693\" srcset=\"https:\/\/fpvoleibol.pt\/fpv\/wp-content\/uploads\/2022\/08\/VP2022_podio-nacional-d.jpg 1040w, https:\/\/fpvoleibol.pt\/fpv\/wp-content\/uploads\/2022\/08\/VP2022_podio-nacional-d-300x200.jpg 300w, https:\/\/fpvoleibol.pt\/fpv\/wp-content\/uploads\/2022\/08\/VP2022_podio-nacional-d-1024x682.jpg 1024w, https:\/\/fpvoleibol.pt\/fpv\/wp-content\/uploads\/2022\/08\/VP2022_podio-nacional-d-768x512.jpg 768w\" sizes=\"auto, (max-width: 1040px) 100vw, 1040px\" \/>Em 2022<\/span><\/p>\n<p>As duplas de Voleibol de Praia <strong>Jo\u00e3o Pedrosa\/Hugo Campos <\/strong>e\u00a0<strong>Beatriz Pinheiro\/In\u00eas Castro<\/strong> venceram a Final (5.\u00aa Etapa) do <a href=\"https:\/\/fpvoleibol.pt\/cnvp2022\/\">Campeonato Nacional 2022<\/a> , disputada no Centro de Alto Rendimento de Voleibol de Praia (CARVP) da Federa\u00e7\u00e3o Portuguesa de Voleibol (FPV), em Cortega\u00e7a, Ovar. Toda a informa\u00e7\u00e3o <a href=\"https:\/\/fpvoleibol.pt\/cnvp2022\/\">AQUI<\/a><\/p>\n<p>Para conseguir o seu primeiro <em>ceptro<\/em> nacional, <strong>Beatriz Pinheiro\/In\u00eas Castro<\/strong>, jovem dupla apoiada pela Federa\u00e7\u00e3o Portuguesa de Voleibol (FPV), derrotou (2-0: 21-10 e 21-19), na final, <strong>Ana Rui Monteiro\/Margarida Santos<\/strong>, dupla formada por duas jovens que representam a Selec\u00e7\u00e3o Nacional.<br \/>\nNo \u00faltimo lugar do p\u00f3dio ficou a dupla campe\u00e3 em 2021, <strong>Juliana Antunes\/T\u00e2nia Oliveira<\/strong> ao superar (2-0: 22-20 e 23-21) <strong>Raquel Lacerda\/Marta Hurst<\/strong>.<\/p>\n<p>Em masculinos, <strong>Jo\u00e3o Pedrosa\/Hugo Campos<\/strong>, dupla apoiada pela FPV, tamb\u00e9m conseguiu o seu primeiro t\u00edtulo nacional, depois de vencer, na final, outra jovem dupla que faz parte das Selec\u00e7\u00f5es Nacionais, <strong>Guilherme Maia\/Filipe Leite<\/strong> por 2-0: 21-16 e 21-15.<br \/>\nNo terceiro lugar ficaram <strong>Jos\u00e9 Monteiro e Sim\u00e3o Teixeira<\/strong>, ap\u00f3s derrotarem (2-0: 21-18 e 21-16) <strong>Guilherme Costa e Andr\u00e9 Sapina<\/strong>.<\/p>\n<p style=\"text-align: center;\">As finais de femininos e de masculinos foram transmitidas em directo na <a href=\"https:\/\/www.volei.tv\/\">Volei TV<\/a> e A Bola TV.<\/p>\n<p>Ver lista dos anteriores <a href=\"https:\/\/fpvoleibol.pt\/fpv\/wp-content\/uploads\/2023\/06\/Voleibol_de_Praia_Vencedores_Podios_2022.pdf\">campe\u00f5es nacionais de Voleibol de Praia AQUI<\/a><\/p>\n","protected":false},"excerpt":{"rendered":"<p>As duplas portuguesa Hugo Campos\/Jo\u00e3o Pedrosa e paraguaia Erika Mongelos\/Michelle Valiente venceram hoje, respectivamente em masculinos e femininos, a\u00a02.\u00aa Etapa do Campeonato Nacional de Voleibol de Praia 2023, disputada na [&hellip;]<\/p>\n","protected":false},"author":2,"featured_media":26120,"comment_status":"open","ping_status":"open","sticky":false,"template":"","format":"standard","meta":{"_monsterinsights_skip_tracking":false,"_monsterinsights_sitenote_active":false,"_monsterinsights_sitenote_note":"","_monsterinsights_sitenote_category":0,"footnotes":""},"categories":[9,31],"tags":[93,71],"class_list":{"0":"post-26114","1":"post","2":"type-post","3":"status-publish","4":"format-standard","5":"has-post-thumbnail","7":"category-voleibol-de-praia","8":"category-voleitv","9":"tag-cnvp2023","10":"tag-epoca-2022-2023","11":"czr-hentry"},"aioseo_notices":[],"_links":{"self":[{"href":"https:\/\/fpvoleibol.pt\/fpv\/wp-json\/wp\/v2\/posts\/26114","targetHints":{"allow":["GET"]}}],"collection":[{"href":"https:\/\/fpvoleibol.pt\/fpv\/wp-json\/wp\/v2\/posts"}],"about":[{"href":"https:\/\/fpvoleibol.pt\/fpv\/wp-json\/wp\/v2\/types\/post"}],"author":[{"embeddable":true,"href":"https:\/\/fpvoleibol.pt\/fpv\/wp-json\/wp\/v2\/users\/2"}],"replies":[{"embeddable":true,"href":"https:\/\/fpvoleibol.pt\/fpv\/wp-json\/wp\/v2\/comments?post=26114"}],"version-history":[{"count":4,"href":"https:\/\/fpvoleibol.pt\/fpv\/wp-json\/wp\/v2\/posts\/26114\/revisions"}],"predecessor-version":[{"id":26122,"href":"https:\/\/fpvoleibol.pt\/fpv\/wp-json\/wp\/v2\/posts\/26114\/revisions\/26122"}],"wp:featuredmedia":[{"embeddable":true,"href":"https:\/\/fpvoleibol.pt\/fpv\/wp-json\/wp\/v2\/media\/26120"}],"wp:attachment":[{"href":"https:\/\/fpvoleibol.pt\/fpv\/wp-json\/wp\/v2\/media?parent=26114"}],"wp:term":[{"taxonomy":"category","embeddable":true,"href":"https:\/\/fpvoleibol.pt\/fpv\/wp-json\/wp\/v2\/categories?post=26114"},{"taxonomy":"post_tag","embeddable":true,"href":"https:\/\/fpvoleibol.pt\/fpv\/wp-json\/wp\/v2\/tags?post=26114"}],"curies":[{"name":"wp","href":"https:\/\/api.w.org\/{rel}","templated":true}]}}