{"id":25405,"date":"2023-06-14T11:24:09","date_gmt":"2023-06-14T11:24:09","guid":{"rendered":"https:\/\/fpvoleibol.pt\/fpv\/?p=25405"},"modified":"2023-06-14T11:24:09","modified_gmt":"2023-06-14T11:24:09","slug":"torneio-internacional-sub-19-da-wevza","status":"publish","type":"post","link":"https:\/\/fpvoleibol.pt\/fpv\/2023\/06\/14\/torneio-internacional-sub-19-da-wevza\/","title":{"rendered":"TORNEIO INTERNACIONAL SUB-19 DA WEVZA"},"content":{"rendered":"<p><img loading=\"lazy\" decoding=\"async\" class=\"size-full wp-image-25423 aligncenter\" src=\"https:\/\/fpvoleibol.pt\/fpv\/wp-content\/uploads\/2023\/06\/poster_u19_wevza_23_dd.jpg\" alt=\"\" width=\"960\" height=\"1400\" srcset=\"https:\/\/fpvoleibol.pt\/fpv\/wp-content\/uploads\/2023\/06\/poster_u19_wevza_23_dd.jpg 960w, https:\/\/fpvoleibol.pt\/fpv\/wp-content\/uploads\/2023\/06\/poster_u19_wevza_23_dd-206x300.jpg 206w, https:\/\/fpvoleibol.pt\/fpv\/wp-content\/uploads\/2023\/06\/poster_u19_wevza_23_dd-702x1024.jpg 702w, https:\/\/fpvoleibol.pt\/fpv\/wp-content\/uploads\/2023\/06\/poster_u19_wevza_23_dd-768x1120.jpg 768w\" sizes=\"auto, (max-width: 960px) 100vw, 960px\" \/>Quando ainda se ouvem os <em>ecos<\/em> dos jogos vitoriosos das selec\u00e7\u00f5es nacionais de seniores na <span style=\"text-decoration: underline;\">European Golden League<\/span> (masculinos) e <span style=\"text-decoration: underline;\">European Silver League<\/span> (femininos) disputados no Centro Cultural, <span style=\"text-decoration: underline;\">Viana do Castelo<\/span>, Cidade Europeia do Desporto em 2023, prepara-se para receber mais uma prova internacional: o Torneio Internacional WEVZA de Sub-19, de 1 a 5 de Julho, no Pavilh\u00e3o de Santa Maria Maior.<\/p>\n<p>Cinco dias de Voleibol, juventude e ambi\u00e7\u00e3o que come\u00e7am por dividir as sete selec\u00e7\u00f5es em duas s\u00e9ries: a <strong>Pool A<\/strong>, formada pela Fran\u00e7a, Espanha e Alemanha, e a <strong>Pool B<\/strong>, com B\u00e9lgica, It\u00e1lia, Pa\u00edses Baixos e Portugal.<br \/>\nOs lusitanos fazem a sua estreia frente \u00e0 B\u00e9lgica no dia 1 de Julho, pelas 18h00. Todas as informa\u00e7\u00f5es sobre a competi\u00e7\u00e3o <a href=\"https:\/\/fpvoleibol.pt\/fpv\/competicoes\/wevza-volleyball-international-tournament-2023-u19-men\">AQUI<\/a><\/p>\n<p>Tem vista a participa\u00e7\u00e3o no <strong>Torneio da WEVZA<\/strong>, a <strong>Selec\u00e7\u00e3o Nacional de Sub-19 Masculinos<\/strong> encontra-se a efectuar treinos regulares, desde o in\u00edcio do m\u00eas, na Escola Secund\u00e1ria Carolina Michaelis, no Porto.<\/p>\n<p><img loading=\"lazy\" decoding=\"async\" class=\"size-full wp-image-25410 aligncenter\" src=\"https:\/\/fpvoleibol.pt\/fpv\/wp-content\/uploads\/2023\/06\/U19MCal.jpg\" alt=\"\" width=\"960\" height=\"701\" srcset=\"https:\/\/fpvoleibol.pt\/fpv\/wp-content\/uploads\/2023\/06\/U19MCal.jpg 960w, https:\/\/fpvoleibol.pt\/fpv\/wp-content\/uploads\/2023\/06\/U19MCal-300x219.jpg 300w, https:\/\/fpvoleibol.pt\/fpv\/wp-content\/uploads\/2023\/06\/U19MCal-768x561.jpg 768w\" sizes=\"auto, (max-width: 960px) 100vw, 960px\" \/><\/p>\n<p style=\"text-align: center;\"><span style=\"background-color: #808080; color: #ffffff;\">Convocados<\/span><\/p>\n<p style=\"text-align: center;\"><strong>AA Espinho<\/strong><br \/>\nAfonso Igl\u00e9sias<br \/>\nJorge Marques<br \/>\nTom\u00e1s Teixeira<\/p>\n<p style=\"text-align: center;\"><strong>AA S. Mamede<\/strong><br \/>\nJo\u00e3o J\u00fanior<br \/>\nManuel Catarino<\/p>\n<p style=\"text-align: center;\"><strong>Ala Nun&#8217; \u00c1lvares Gondomar<\/strong><br \/>\nTiago Dias<\/p>\n<p style=\"text-align: center;\"><strong>Amares Volei<\/strong><br \/>\nDinis Gomes<\/p>\n<p style=\"text-align: center;\"><strong>CA Madalena<\/strong><br \/>\nGustavo Sousa<\/p>\n<p style=\"text-align: center;\"><strong>Cast\u00ealo da Maia GC<\/strong><br \/>\nAlexandre Cola\u00e7o<\/p>\n<p style=\"text-align: center;\"><strong>Esmoriz GC<\/strong><br \/>\nPedro Santos<br \/>\nRafael Pinto<br \/>\nTiago Ferradaz<\/p>\n<p style=\"text-align: center;\"><strong>GC Vilacondense<\/strong><br \/>\nMiguel Marques<\/p>\n<p style=\"text-align: center;\"><strong>Leix\u00f5es SC<\/strong><br \/>\nFrancisco Mendes<br \/>\nFrancisco Pinho<\/p>\n<p style=\"text-align: center;\"><strong>SC Espinho<\/strong><br \/>\nDiogo Fevereiro<br \/>\nMiguel Pedrosa<\/p>\n<p style=\"text-align: center;\"><strong>VC Viana<\/strong><br \/>\nJo\u00e3o Salgueiro<\/p>\n<p style=\"text-align: left;\"><span style=\"font-size: 8pt;\"><strong>*\u00a0 <\/strong>Mais conhecida pela sigla WEVZA, a Western European Volleyball Zonal Association (Associa\u00e7\u00e3o Zonal de Voleibol do Oeste Europeu ) foi constitu\u00edda no dia 26 de Setembro de 2013, integra oito pa\u00edses \u2013 Portugal, Espanha, Alemanha, B\u00e9lgica, It\u00e1lia, Holanda, Fran\u00e7a e Su\u00ed\u00e7a \u2013 e tem actualmente como Presidente o portugu\u00eas Vicente Ara\u00fajo, Presidente da FPV, e como Vice-Presidentes o franc\u00eas Eric Tanguy, Presidente da Federa\u00e7\u00e3o Francesa, e o belga Claude Kriescher, representante da Federa\u00e7\u00e3o Belga.<br \/>\n<\/span><span style=\"font-size: 8pt;\">O objectivo primordial desta associa\u00e7\u00e3o zonal \u00e9 fortalecer e fomentar a organiza\u00e7\u00e3o de actividades desportivas, tanto de Voleibol como de Voleibol de Praia, com especial \u00eanfase nas categorias de forma\u00e7\u00e3o.<br \/>\n<\/span><span style=\"font-size: 8pt;\">A Confedera\u00e7\u00e3o Europeia de Voleibol (CEV) conta com seis associa\u00e7\u00f5es zonais: a WEVZA (Europa Ocidental), a BVA (Balc\u00e3s), a EEVZA (Europa de Leste), a MEVZA (Europa Central), a NEVZA (Europa do Norte) e ainda a SCD (Divis\u00e3o dos Pequenos Pa\u00edses), da qual fazem parte Andorra, Chipre, Ilhas Faro\u00e9, Gibraltar, Gronel\u00e2ndia, Isl\u00e2ndia, Irlanda, Liechtenstein, Luxemburgo, Malta, M\u00f3naco, Irlanda do Norte, San Marino, Esc\u00f3cia e Pa\u00eds de Gales.<\/span><\/p>\n<p style=\"text-align: center;\">Mais informa\u00e7\u00f5es:\u00a0<a href=\"http:\/\/wevza.com\/\" target=\"_blank\" rel=\"noopener noreferrer\">www.wevza.com<\/a><\/p>\n","protected":false},"excerpt":{"rendered":"<p>Quando ainda se ouvem os ecos dos jogos vitoriosos das selec\u00e7\u00f5es nacionais de seniores na European Golden League (masculinos) e European Silver League (femininos) disputados no Centro Cultural, Viana do [&hellip;]<\/p>\n","protected":false},"author":2,"featured_media":25424,"comment_status":"open","ping_status":"open","sticky":false,"template":"","format":"standard","meta":{"_monsterinsights_skip_tracking":false,"_monsterinsights_sitenote_active":false,"_monsterinsights_sitenote_note":"","_monsterinsights_sitenote_category":0,"footnotes":""},"categories":[11,8],"tags":[71,50],"class_list":{"0":"post-25405","1":"post","2":"type-post","3":"status-publish","4":"format-standard","5":"has-post-thumbnail","7":"category-formacao","8":"category-voleibol","9":"tag-epoca-2022-2023","10":"tag-wevza","11":"czr-hentry"},"aioseo_notices":[],"_links":{"self":[{"href":"https:\/\/fpvoleibol.pt\/fpv\/wp-json\/wp\/v2\/posts\/25405","targetHints":{"allow":["GET"]}}],"collection":[{"href":"https:\/\/fpvoleibol.pt\/fpv\/wp-json\/wp\/v2\/posts"}],"about":[{"href":"https:\/\/fpvoleibol.pt\/fpv\/wp-json\/wp\/v2\/types\/post"}],"author":[{"embeddable":true,"href":"https:\/\/fpvoleibol.pt\/fpv\/wp-json\/wp\/v2\/users\/2"}],"replies":[{"embeddable":true,"href":"https:\/\/fpvoleibol.pt\/fpv\/wp-json\/wp\/v2\/comments?post=25405"}],"version-history":[{"count":7,"href":"https:\/\/fpvoleibol.pt\/fpv\/wp-json\/wp\/v2\/posts\/25405\/revisions"}],"predecessor-version":[{"id":25426,"href":"https:\/\/fpvoleibol.pt\/fpv\/wp-json\/wp\/v2\/posts\/25405\/revisions\/25426"}],"wp:featuredmedia":[{"embeddable":true,"href":"https:\/\/fpvoleibol.pt\/fpv\/wp-json\/wp\/v2\/media\/25424"}],"wp:attachment":[{"href":"https:\/\/fpvoleibol.pt\/fpv\/wp-json\/wp\/v2\/media?parent=25405"}],"wp:term":[{"taxonomy":"category","embeddable":true,"href":"https:\/\/fpvoleibol.pt\/fpv\/wp-json\/wp\/v2\/categories?post=25405"},{"taxonomy":"post_tag","embeddable":true,"href":"https:\/\/fpvoleibol.pt\/fpv\/wp-json\/wp\/v2\/tags?post=25405"}],"curies":[{"name":"wp","href":"https:\/\/api.w.org\/{rel}","templated":true}]}}