{"id":2538,"date":"2020-11-19T18:18:34","date_gmt":"2020-11-19T17:18:34","guid":{"rendered":"https:\/\/fpvoleibol.pt\/fpv\/?p=2538"},"modified":"2020-11-19T18:27:26","modified_gmt":"2020-11-19T17:27:26","slug":"xiii-encontro-nacional-de-monitores-de-gira-volei-em-cantanhede","status":"publish","type":"post","link":"https:\/\/fpvoleibol.pt\/fpv\/2020\/11\/19\/xiii-encontro-nacional-de-monitores-de-gira-volei-em-cantanhede\/","title":{"rendered":"XIII ENCONTRO NACIONAL DE MONITORES DE GIRA-VOLEI EM CANTANHEDE"},"content":{"rendered":"<p><img loading=\"lazy\" decoding=\"async\" class=\"size-large wp-image-2540 aligncenter\" src=\"https:\/\/fpvoleibol.pt\/fpv\/wp-content\/uploads\/2020\/11\/cartaz_13_ENMGV_2020_CANTANHEDE_D-724x1024.jpg\" alt=\"\" width=\"724\" height=\"1024\" srcset=\"https:\/\/fpvoleibol.pt\/fpv\/wp-content\/uploads\/2020\/11\/cartaz_13_ENMGV_2020_CANTANHEDE_D-724x1024.jpg 724w, https:\/\/fpvoleibol.pt\/fpv\/wp-content\/uploads\/2020\/11\/cartaz_13_ENMGV_2020_CANTANHEDE_D-212x300.jpg 212w, https:\/\/fpvoleibol.pt\/fpv\/wp-content\/uploads\/2020\/11\/cartaz_13_ENMGV_2020_CANTANHEDE_D-768x1086.jpg 768w, https:\/\/fpvoleibol.pt\/fpv\/wp-content\/uploads\/2020\/11\/cartaz_13_ENMGV_2020_CANTANHEDE_D.jpg 960w\" sizes=\"auto, (max-width: 724px) 100vw, 724px\" \/><\/p>\n<p>A\u00a0<strong>Federa\u00e7\u00e3o Portuguesa de Voleibol<\/strong>, com a colabora\u00e7\u00e3o com a <a href=\"https:\/\/avcoimbra.wixsite.com\/avcoimbra\">Associa\u00e7\u00e3o de Voleibol de Coimbra (AVC)<\/a> e o apoio do <a href=\"https:\/\/www.cm-cantanhede.pt\/mcsite\/home\">C\u00e2mara Municipal de Cantanhede,<\/a> organiza, no dia 28 de Novembro, na Audit\u00f3rio da Biblioteca Municipal de Cantanhede, mais um momento do <a href=\"https:\/\/www.giravolei.com\/wp\/encontros-de-monitores-gira-volei\/xiii-encontro-de-monitores-de-gira-volei-cantanhede-2020\/\"><strong>XIII Encontro Nacional de Monitores de Gira-Volei<\/strong><\/a>, que nesta edi\u00e7\u00e3o est\u00e1 subordinado ao tema \u00ab<em>O Treino de Inicia\u00e7\u00e3o do Voleibol em Per\u00edodo de Pandemia<\/em>\u00bb.<\/p>\n<p>O Encontro Nacional de Monitores de Gira-Volei servir\u00e1 como ac\u00e7\u00e3o de forma\u00e7\u00e3o cont\u00ednua v\u00e1lida para efeitos da renova\u00e7\u00e3o do T\u00edtulo Profissional de Treinador de Desporto, conferindo 1 unidade de cr\u00e9dito (UC), na componente de forma\u00e7\u00e3o espec\u00edfica, aos treinadores de Voleibol.<\/p>\n<p>O XIII Encontro de Monitores em Cantanhede contar\u00e1 com os prelectores Leonel Salgueiro, Director T\u00e9cnico Nacional da FPV, Hugo Silva, Seleccionador Nacional de Seniores Masculinos, e os professores Jos\u00e9 Fonseca, Respons\u00e1vel pelo Centro de Gira-Volei Figueira VC, Nuno Freitas, Respons\u00e1vel pelo Centro de Gira-Volei CV Tocha, e Nuno Ribeiro, Respons\u00e1vel pelo Centro de Gira-Volei Municipal de T\u00e1bua.<\/p>\n<p>Toda a informa\u00e7\u00e3o sobre o\u00a0 XIII Encontro em Cantanhede <a href=\"https:\/\/www.giravolei.com\/wp\/encontros-de-monitores-gira-volei\/xiii-encontro-de-monitores-de-gira-volei-cantanhede-2020\/\">aqui<\/a><\/p>\n","protected":false},"excerpt":{"rendered":"<p>A\u00a0Federa\u00e7\u00e3o Portuguesa de Voleibol, com a colabora\u00e7\u00e3o com a Associa\u00e7\u00e3o de Voleibol de Coimbra (AVC) e o apoio do C\u00e2mara Municipal de Cantanhede, organiza, no dia 28 de Novembro, na [&hellip;]<\/p>\n","protected":false},"author":2,"featured_media":2544,"comment_status":"open","ping_status":"open","sticky":false,"template":"","format":"standard","meta":{"_monsterinsights_skip_tracking":false,"_monsterinsights_sitenote_active":false,"_monsterinsights_sitenote_note":"","_monsterinsights_sitenote_category":0,"footnotes":""},"categories":[8],"tags":[],"class_list":{"0":"post-2538","1":"post","2":"type-post","3":"status-publish","4":"format-standard","5":"has-post-thumbnail","7":"category-voleibol","8":"czr-hentry"},"aioseo_notices":[],"_links":{"self":[{"href":"https:\/\/fpvoleibol.pt\/fpv\/wp-json\/wp\/v2\/posts\/2538","targetHints":{"allow":["GET"]}}],"collection":[{"href":"https:\/\/fpvoleibol.pt\/fpv\/wp-json\/wp\/v2\/posts"}],"about":[{"href":"https:\/\/fpvoleibol.pt\/fpv\/wp-json\/wp\/v2\/types\/post"}],"author":[{"embeddable":true,"href":"https:\/\/fpvoleibol.pt\/fpv\/wp-json\/wp\/v2\/users\/2"}],"replies":[{"embeddable":true,"href":"https:\/\/fpvoleibol.pt\/fpv\/wp-json\/wp\/v2\/comments?post=2538"}],"version-history":[{"count":1,"href":"https:\/\/fpvoleibol.pt\/fpv\/wp-json\/wp\/v2\/posts\/2538\/revisions"}],"predecessor-version":[{"id":2541,"href":"https:\/\/fpvoleibol.pt\/fpv\/wp-json\/wp\/v2\/posts\/2538\/revisions\/2541"}],"wp:featuredmedia":[{"embeddable":true,"href":"https:\/\/fpvoleibol.pt\/fpv\/wp-json\/wp\/v2\/media\/2544"}],"wp:attachment":[{"href":"https:\/\/fpvoleibol.pt\/fpv\/wp-json\/wp\/v2\/media?parent=2538"}],"wp:term":[{"taxonomy":"category","embeddable":true,"href":"https:\/\/fpvoleibol.pt\/fpv\/wp-json\/wp\/v2\/categories?post=2538"},{"taxonomy":"post_tag","embeddable":true,"href":"https:\/\/fpvoleibol.pt\/fpv\/wp-json\/wp\/v2\/tags?post=2538"}],"curies":[{"name":"wp","href":"https:\/\/api.w.org\/{rel}","templated":true}]}}