{"id":25374,"date":"2023-06-13T14:28:15","date_gmt":"2023-06-13T14:28:15","guid":{"rendered":"https:\/\/fpvoleibol.pt\/fpv\/?p=25374"},"modified":"2023-06-27T13:06:54","modified_gmt":"2023-06-27T13:06:54","slug":"campeonato-nacional-de-voleibol-de-praia-esta-de-regresso","status":"publish","type":"post","link":"https:\/\/fpvoleibol.pt\/fpv\/2023\/06\/13\/campeonato-nacional-de-voleibol-de-praia-esta-de-regresso\/","title":{"rendered":"CAMPEONATO NACIONAL DE VOLEIBOL DE PRAIA EST\u00c1 DE REGRESSO!"},"content":{"rendered":"<p style=\"text-align: center;\"><strong><img loading=\"lazy\" decoding=\"async\" class=\"size-full wp-image-25379 aligncenter\" src=\"https:\/\/fpvoleibol.pt\/fpv\/wp-content\/uploads\/2023\/06\/etapa1_cnvp2023_d1.jpg\" alt=\"\" width=\"960\" height=\"1707\" srcset=\"https:\/\/fpvoleibol.pt\/fpv\/wp-content\/uploads\/2023\/06\/etapa1_cnvp2023_d1.jpg 960w, https:\/\/fpvoleibol.pt\/fpv\/wp-content\/uploads\/2023\/06\/etapa1_cnvp2023_d1-169x300.jpg 169w, https:\/\/fpvoleibol.pt\/fpv\/wp-content\/uploads\/2023\/06\/etapa1_cnvp2023_d1-576x1024.jpg 576w, https:\/\/fpvoleibol.pt\/fpv\/wp-content\/uploads\/2023\/06\/etapa1_cnvp2023_d1-768x1366.jpg 768w, https:\/\/fpvoleibol.pt\/fpv\/wp-content\/uploads\/2023\/06\/etapa1_cnvp2023_d1-864x1536.jpg 864w\" sizes=\"auto, (max-width: 960px) 100vw, 960px\" \/>O <span style=\"text-decoration: underline;\">Campeonato Nacional de Voleibol de Praia<\/span> est\u00e1 de volta \u00e0s areias portuguesas.<\/strong><\/p>\n<p>O <a href=\"https:\/\/fpvoleibol.pt\/cnvp2023\"><strong><span style=\"text-decoration: underline;\">Campeonato Nacional de Voleibol de Praia 2023<\/span><\/strong><\/a>, que re\u00fane as melhores duplas de seniores masculinos e femininos, <em>arranca<\/em> no dia 23 de Junho no Porto, mais concretamente na <a href=\"https:\/\/visitporto.travel\/pt-PT\/poi\/5cd04b56f979e000012c5e28#\/\">Praia Internacional<\/a>, junto ao <em>Edif\u00edcio Transparente<\/em>.<\/p>\n<p>Ao todo, ser\u00e3o realizadas cinco etapas, sendo que a 5.\u00aa Etapa ser\u00e1 considerada a Final do <a href=\"https:\/\/fpvoleibol.pt\/cnvp2023\"><strong>CNVP 2023<\/strong> <\/a>e ser\u00e1 disputada na Praia da Rocha, em Portim\u00e3o, Algarve, nos dias 11, 12 e 13 de Agosto.<\/p>\n<p style=\"text-align: center;\">As finais ser\u00e3o transmitidas em directo na <a href=\"https:\/\/www.volei.tv\/\">Volei TV<\/a> e n&#8217; A Bola TV.<\/p>\n<p style=\"text-align: center;\"><span style=\"text-decoration: underline;\"><strong>Todas as informa\u00e7\u00f5es <a href=\"https:\/\/fpvoleibol.pt\/cnvp2023\">AQUI<\/a><img loading=\"lazy\" decoding=\"async\" class=\"size-full wp-image-25378 aligncenter\" src=\"https:\/\/fpvoleibol.pt\/fpv\/wp-content\/uploads\/2023\/06\/poster_cnvp_2023_d2.jpg\" alt=\"\" width=\"960\" height=\"1358\" srcset=\"https:\/\/fpvoleibol.pt\/fpv\/wp-content\/uploads\/2023\/06\/poster_cnvp_2023_d2.jpg 960w, https:\/\/fpvoleibol.pt\/fpv\/wp-content\/uploads\/2023\/06\/poster_cnvp_2023_d2-212x300.jpg 212w, https:\/\/fpvoleibol.pt\/fpv\/wp-content\/uploads\/2023\/06\/poster_cnvp_2023_d2-724x1024.jpg 724w, https:\/\/fpvoleibol.pt\/fpv\/wp-content\/uploads\/2023\/06\/poster_cnvp_2023_d2-768x1086.jpg 768w\" sizes=\"auto, (max-width: 960px) 100vw, 960px\" \/>Calend\u00e1rio<\/strong><\/span><\/p>\n<p style=\"text-align: center;\"><strong>1.\u00aa Etapa (Porto)<br \/>\n<\/strong>23 a 25 de Junho \u2013 <strong>Praia Internacional<\/strong><\/p>\n<p style=\"text-align: center;\"><strong>2.\u00aa Etapa (Espinho)<\/strong><br \/>\n7 a 9 de Julho \u2013 Praia da Ba\u00eda<\/p>\n<p style=\"text-align: center;\"><strong>3.\u00aa Etapa (Cascais)<\/strong><br \/>\n21 a 23 de Julho \u2013 Praia de Carcavelos<\/p>\n<p style=\"text-align: center;\"><strong>4.\u00aa Etapa (Freixo de Espada \u00e0 Cinta)<br \/>\n<\/strong>28 a 30 de Julho \u2013 Praia da Congida<\/p>\n<p style=\"text-align: center;\"><strong>5.\u00aa Etapa (Portim\u00e3o)<\/strong><br \/>\n11 a 13 de Agosto \u2013 Praia da Rocha<\/p>\n<p style=\"text-align: center;\"><span style=\"text-decoration: underline; background-color: #c7bdbd;\"><strong>Em 2022:<br \/>\n<\/strong><\/span><\/p>\n<p><img loading=\"lazy\" decoding=\"async\" class=\"size-full wp-image-18136 aligncenter\" src=\"https:\/\/fpvoleibol.pt\/fpv\/wp-content\/uploads\/2022\/08\/VP2022_podio-nacional-d.jpg\" alt=\"\" width=\"1040\" height=\"693\" srcset=\"https:\/\/fpvoleibol.pt\/fpv\/wp-content\/uploads\/2022\/08\/VP2022_podio-nacional-d.jpg 1040w, https:\/\/fpvoleibol.pt\/fpv\/wp-content\/uploads\/2022\/08\/VP2022_podio-nacional-d-300x200.jpg 300w, https:\/\/fpvoleibol.pt\/fpv\/wp-content\/uploads\/2022\/08\/VP2022_podio-nacional-d-1024x682.jpg 1024w, https:\/\/fpvoleibol.pt\/fpv\/wp-content\/uploads\/2022\/08\/VP2022_podio-nacional-d-768x512.jpg 768w\" sizes=\"auto, (max-width: 1040px) 100vw, 1040px\" \/><\/p>\n<p>As duplas de Voleibol de Praia <strong>Jo\u00e3o Pedrosa\/Hugo Campos <\/strong>e\u00a0<strong>Beatriz Pinheiro\/In\u00eas Castro<\/strong> venceram no dia 7 de Agosto de 2022 a Final (5.\u00aa Etapa) do <a href=\"https:\/\/fpvoleibol.pt\/cnvp2022\/\">Campeonato Lidl<\/a>, disputada no Centro de Alto Rendimento de Voleibol de Praia (CARVP) da Federa\u00e7\u00e3o Portuguesa de Voleibol (FPV), em Cortega\u00e7a, Ovar. Toda a informa\u00e7\u00e3o <a href=\"https:\/\/fpvoleibol.pt\/cnvp2022\/\">AQUI<\/a><\/p>\n<p><img loading=\"lazy\" decoding=\"async\" class=\"size-full wp-image-18139 aligncenter\" src=\"https:\/\/fpvoleibol.pt\/fpv\/wp-content\/uploads\/2022\/08\/VP2022_campeoes-nacionais_fem.jpg\" alt=\"\" width=\"1000\" height=\"666\" srcset=\"https:\/\/fpvoleibol.pt\/fpv\/wp-content\/uploads\/2022\/08\/VP2022_campeoes-nacionais_fem.jpg 1000w, https:\/\/fpvoleibol.pt\/fpv\/wp-content\/uploads\/2022\/08\/VP2022_campeoes-nacionais_fem-300x200.jpg 300w, https:\/\/fpvoleibol.pt\/fpv\/wp-content\/uploads\/2022\/08\/VP2022_campeoes-nacionais_fem-768x511.jpg 768w\" sizes=\"auto, (max-width: 1000px) 100vw, 1000px\" \/>Para conseguir o seu primeiro <em>ceptro<\/em> nacional, <strong>Beatriz Pinheiro\/In\u00eas Castro<\/strong>, jovem dupla apoiada pela Federa\u00e7\u00e3o Portuguesa de Voleibol (FPV), derrotou (2-0: 21-10 e 21-19), na final, <strong>Ana Rui Monteiro\/Margarida Santos<\/strong>, dupla formada por duas jovens de 17 anos que representam a Selec\u00e7\u00e3o Nacional.<\/p>\n<p>No \u00faltimo lugar do p\u00f3dio ficou a dupla campe\u00e3 em 2021, <strong>Juliana Antunes\/T\u00e2nia Oliveira<\/strong> ao superar (2-0: 22-20 e 23-21) <strong>Raquel Lacerda\/Marta Hurst<\/strong>.<\/p>\n<p style=\"text-align: center;\">Declara\u00e7\u00f5es das campe\u00e3s no final do <a href=\"https:\/\/www.youtube.com\/watch?v=w0GldYYpghU\">V\u00cdDEO<\/a><\/p>\n<p><img loading=\"lazy\" decoding=\"async\" class=\"size-full wp-image-18138 aligncenter\" src=\"https:\/\/fpvoleibol.pt\/fpv\/wp-content\/uploads\/2022\/08\/VP2022_campeoes-nacionais_mas.jpg\" alt=\"\" width=\"1000\" height=\"665\" srcset=\"https:\/\/fpvoleibol.pt\/fpv\/wp-content\/uploads\/2022\/08\/VP2022_campeoes-nacionais_mas.jpg 1000w, https:\/\/fpvoleibol.pt\/fpv\/wp-content\/uploads\/2022\/08\/VP2022_campeoes-nacionais_mas-300x200.jpg 300w, https:\/\/fpvoleibol.pt\/fpv\/wp-content\/uploads\/2022\/08\/VP2022_campeoes-nacionais_mas-768x511.jpg 768w\" sizes=\"auto, (max-width: 1000px) 100vw, 1000px\" \/>Em masculinos, <strong>Jo\u00e3o Pedrosa\/Hugo Campos<\/strong>, dupla apoiada pela FPV, tamb\u00e9m conseguiu o seu primeiro t\u00edtulo nacional, depois de vencer, na final, outra jovem dupla que faz parte das Selec\u00e7\u00f5es Nacionais, <strong>Guilherme Maia\/Filipe Leite<\/strong> por 2-0: 21-16 e 21-15.<\/p>\n<p>No terceiro lugar ficaram <strong>Jos\u00e9 Monteiro e Sim\u00e3o Teixeira<\/strong>, ap\u00f3s derrotarem (2-0: 21-18 e 21-16) <strong>Guilherme Costa e Andr\u00e9 Sapina<\/strong>.<\/p>\n<p style=\"text-align: center;\">Declara\u00e7\u00f5es dos campe\u00f5es no final do <a href=\"https:\/\/www.youtube.com\/watch?v=w0GldYYpghU\">V\u00cdDEO<\/a><\/p>\n<p style=\"text-align: center;\">As finais de femininos e de masculinos foram transmitidas em directo na <a href=\"https:\/\/www.volei.tv\/\">Volei TV<\/a> e A Bola TV.<\/p>\n<p>&nbsp;<\/p>\n","protected":false},"excerpt":{"rendered":"<p>O Campeonato Nacional de Voleibol de Praia est\u00e1 de volta \u00e0s areias portuguesas. O Campeonato Nacional de Voleibol de Praia 2023, que re\u00fane as melhores duplas de seniores masculinos e [&hellip;]<\/p>\n","protected":false},"author":2,"featured_media":25791,"comment_status":"open","ping_status":"open","sticky":false,"template":"","format":"standard","meta":{"_monsterinsights_skip_tracking":false,"_monsterinsights_sitenote_active":false,"_monsterinsights_sitenote_note":"","_monsterinsights_sitenote_category":0,"footnotes":""},"categories":[9,31],"tags":[93,71],"class_list":{"0":"post-25374","1":"post","2":"type-post","3":"status-publish","4":"format-standard","5":"has-post-thumbnail","7":"category-voleibol-de-praia","8":"category-voleitv","9":"tag-cnvp2023","10":"tag-epoca-2022-2023","11":"czr-hentry"},"aioseo_notices":[],"_links":{"self":[{"href":"https:\/\/fpvoleibol.pt\/fpv\/wp-json\/wp\/v2\/posts\/25374","targetHints":{"allow":["GET"]}}],"collection":[{"href":"https:\/\/fpvoleibol.pt\/fpv\/wp-json\/wp\/v2\/posts"}],"about":[{"href":"https:\/\/fpvoleibol.pt\/fpv\/wp-json\/wp\/v2\/types\/post"}],"author":[{"embeddable":true,"href":"https:\/\/fpvoleibol.pt\/fpv\/wp-json\/wp\/v2\/users\/2"}],"replies":[{"embeddable":true,"href":"https:\/\/fpvoleibol.pt\/fpv\/wp-json\/wp\/v2\/comments?post=25374"}],"version-history":[{"count":8,"href":"https:\/\/fpvoleibol.pt\/fpv\/wp-json\/wp\/v2\/posts\/25374\/revisions"}],"predecessor-version":[{"id":25699,"href":"https:\/\/fpvoleibol.pt\/fpv\/wp-json\/wp\/v2\/posts\/25374\/revisions\/25699"}],"wp:featuredmedia":[{"embeddable":true,"href":"https:\/\/fpvoleibol.pt\/fpv\/wp-json\/wp\/v2\/media\/25791"}],"wp:attachment":[{"href":"https:\/\/fpvoleibol.pt\/fpv\/wp-json\/wp\/v2\/media?parent=25374"}],"wp:term":[{"taxonomy":"category","embeddable":true,"href":"https:\/\/fpvoleibol.pt\/fpv\/wp-json\/wp\/v2\/categories?post=25374"},{"taxonomy":"post_tag","embeddable":true,"href":"https:\/\/fpvoleibol.pt\/fpv\/wp-json\/wp\/v2\/tags?post=25374"}],"curies":[{"name":"wp","href":"https:\/\/api.w.org\/{rel}","templated":true}]}}