{"id":25132,"date":"2023-06-05T14:18:45","date_gmt":"2023-06-05T14:18:45","guid":{"rendered":"https:\/\/fpvoleibol.pt\/fpv\/?p=25132"},"modified":"2023-06-05T14:18:45","modified_gmt":"2023-06-05T14:18:45","slug":"fase-final-de-infantis-masculinos","status":"publish","type":"post","link":"https:\/\/fpvoleibol.pt\/fpv\/2023\/06\/05\/fase-final-de-infantis-masculinos\/","title":{"rendered":"FASE FINAL DE INFANTIS MASCULINOS"},"content":{"rendered":"<p style=\"text-align: left;\"><img loading=\"lazy\" decoding=\"async\" class=\"size-full wp-image-25133 aligncenter\" src=\"https:\/\/fpvoleibol.pt\/fpv\/wp-content\/uploads\/2023\/06\/0609_cartaz_infmasc_d.jpg\" alt=\"\" width=\"960\" height=\"1357\" srcset=\"https:\/\/fpvoleibol.pt\/fpv\/wp-content\/uploads\/2023\/06\/0609_cartaz_infmasc_d.jpg 960w, https:\/\/fpvoleibol.pt\/fpv\/wp-content\/uploads\/2023\/06\/0609_cartaz_infmasc_d-212x300.jpg 212w, https:\/\/fpvoleibol.pt\/fpv\/wp-content\/uploads\/2023\/06\/0609_cartaz_infmasc_d-724x1024.jpg 724w, https:\/\/fpvoleibol.pt\/fpv\/wp-content\/uploads\/2023\/06\/0609_cartaz_infmasc_d-768x1086.jpg 768w\" sizes=\"auto, (max-width: 960px) 100vw, 960px\" \/>A <strong>Fase Final do Campeonato Nacional de Infantis<\/strong><strong> Masculi<\/strong><strong>nos \u2013 Apuramento do Campe\u00e3o Nacional<\/strong>, disputada por oito equipas, realiza-se no pr\u00f3ximo fim-de-semana (9 a 11 de Junho) nos pavilh\u00f5es do Col\u00e9gio La Salle e da Escola EB 2\/3 Manhente, em Barcelos, sendo organizada pela <span style=\"text-decoration: underline;\">Federa\u00e7\u00e3o Portuguesa de Voleibol<\/span>.<\/p>\n<p>Disputam o t\u00edtulo as equipas de Amares Volei, CV Oeiras, GDC Gueif\u00e3es, Leix\u00f5es SC, SL Benfica, Esmoriz GC, AA Espinho e Gama Barros Voleibol.<\/p>\n<p>As <a href=\"https:\/\/fpvoleibol.pt\/fpv\/competicoes\/fases-finais-2022-2023\/\">Fases Finais<\/a> dos escal\u00f5es mais jovens s\u00e3o transmitidas pela <a href=\"https:\/\/www.volei.tv\/\">Volei TV<\/a>. Mais informa\u00e7\u00f5es e fotos dispon\u00edveis em <a class=\"x1i10hfl xjbqb8w x6umtig x1b1mbwd xaqea5y xav7gou x9f619 x1ypdohk xt0psk2 xe8uvvx xdj266r x11i5rnm xat24cr x1mh8g0r xexx8yu x4uap5 x18d9i69 xkhd6sd x16tdsg8 x1hl2dhg xggy1nq x1a2a7pz xt0b8zv x1qq9wsj xo1l8bm\" tabindex=\"0\" role=\"link\" href=\"https:\/\/www.facebook.com\/hashtag\/fasesfinaisvoleibol?__eep__=6&amp;__cft__[0]=AZWL-tQDPJknfCLr3ZqComJR99dhjJ-nABmtOUJcOZu29bIJMzf55jNYp_6mvQAmj0hgBqm6xVEPSA1yaS3Il2NyKN7hO2cVhWNW96Vt40TxUTZeIWPRdVCQ6U_fc12Oyn4&amp;__tn__=*NK-R\">#FasesFinaisVoleibol<\/a><\/p>\n<p style=\"text-align: center;\"><a href=\"https:\/\/www.portugalvoleibol.com\/classificacao\"><span style=\"text-decoration: underline;\"><strong>Calend\u00e1rio de Jogos AQUI<\/strong><\/span><\/a><\/p>\n<p style=\"text-align: center;\"><span style=\"text-decoration: underline;\"><strong>Resultados, classifica\u00e7\u00e3o e informa\u00e7\u00f5es adicionais<\/strong><\/span> <strong>em <a href=\"https:\/\/fpvoleibol.pt\/fpv\/competicoes\/fases-finais-2022-2023\/\">https:\/\/fpvoleibol.pt\/fpv\/competicoes\/fases-finais-2022-2023\/<\/a><\/strong><\/p>\n","protected":false},"excerpt":{"rendered":"<p>A Fase Final do Campeonato Nacional de Infantis Masculinos \u2013 Apuramento do Campe\u00e3o Nacional, disputada por oito equipas, realiza-se no pr\u00f3ximo fim-de-semana (9 a 11 de Junho) nos pavilh\u00f5es do [&hellip;]<\/p>\n","protected":false},"author":2,"featured_media":25134,"comment_status":"open","ping_status":"open","sticky":false,"template":"","format":"standard","meta":{"_monsterinsights_skip_tracking":false,"_monsterinsights_sitenote_active":false,"_monsterinsights_sitenote_note":"","_monsterinsights_sitenote_category":0,"footnotes":""},"categories":[8],"tags":[],"class_list":{"0":"post-25132","1":"post","2":"type-post","3":"status-publish","4":"format-standard","5":"has-post-thumbnail","7":"category-voleibol","8":"czr-hentry"},"aioseo_notices":[],"_links":{"self":[{"href":"https:\/\/fpvoleibol.pt\/fpv\/wp-json\/wp\/v2\/posts\/25132","targetHints":{"allow":["GET"]}}],"collection":[{"href":"https:\/\/fpvoleibol.pt\/fpv\/wp-json\/wp\/v2\/posts"}],"about":[{"href":"https:\/\/fpvoleibol.pt\/fpv\/wp-json\/wp\/v2\/types\/post"}],"author":[{"embeddable":true,"href":"https:\/\/fpvoleibol.pt\/fpv\/wp-json\/wp\/v2\/users\/2"}],"replies":[{"embeddable":true,"href":"https:\/\/fpvoleibol.pt\/fpv\/wp-json\/wp\/v2\/comments?post=25132"}],"version-history":[{"count":2,"href":"https:\/\/fpvoleibol.pt\/fpv\/wp-json\/wp\/v2\/posts\/25132\/revisions"}],"predecessor-version":[{"id":25146,"href":"https:\/\/fpvoleibol.pt\/fpv\/wp-json\/wp\/v2\/posts\/25132\/revisions\/25146"}],"wp:featuredmedia":[{"embeddable":true,"href":"https:\/\/fpvoleibol.pt\/fpv\/wp-json\/wp\/v2\/media\/25134"}],"wp:attachment":[{"href":"https:\/\/fpvoleibol.pt\/fpv\/wp-json\/wp\/v2\/media?parent=25132"}],"wp:term":[{"taxonomy":"category","embeddable":true,"href":"https:\/\/fpvoleibol.pt\/fpv\/wp-json\/wp\/v2\/categories?post=25132"},{"taxonomy":"post_tag","embeddable":true,"href":"https:\/\/fpvoleibol.pt\/fpv\/wp-json\/wp\/v2\/tags?post=25132"}],"curies":[{"name":"wp","href":"https:\/\/api.w.org\/{rel}","templated":true}]}}