{"id":24826,"date":"2023-05-26T11:46:53","date_gmt":"2023-05-26T11:46:53","guid":{"rendered":"https:\/\/fpvoleibol.pt\/fpv\/?p=24826"},"modified":"2023-05-29T14:11:03","modified_gmt":"2023-05-29T14:11:03","slug":"duelo-espanha-x-franca-na-taca-das-nacoes","status":"publish","type":"post","link":"https:\/\/fpvoleibol.pt\/fpv\/2023\/05\/26\/duelo-espanha-x-franca-na-taca-das-nacoes\/","title":{"rendered":"DUELO ESPANHA x FRAN\u00c7A NA TA\u00c7A DAS NA\u00c7\u00d5ES"},"content":{"rendered":"<p><img loading=\"lazy\" decoding=\"async\" class=\"size-full wp-image-24840 aligncenter\" src=\"https:\/\/fpvoleibol.pt\/fpv\/wp-content\/uploads\/2023\/05\/beatriz_ines_taca_nacoes2023_dd.jpg\" alt=\"\" width=\"960\" height=\"1015\" srcset=\"https:\/\/fpvoleibol.pt\/fpv\/wp-content\/uploads\/2023\/05\/beatriz_ines_taca_nacoes2023_dd.jpg 960w, https:\/\/fpvoleibol.pt\/fpv\/wp-content\/uploads\/2023\/05\/beatriz_ines_taca_nacoes2023_dd-284x300.jpg 284w, https:\/\/fpvoleibol.pt\/fpv\/wp-content\/uploads\/2023\/05\/beatriz_ines_taca_nacoes2023_dd-768x812.jpg 768w\" sizes=\"auto, (max-width: 960px) 100vw, 960px\" \/>As duplas de Voleibol de Praia da Espanha e da Fran\u00e7a disputam amanh\u00e3, no Karteros Beach Sport Center da cidade grega de Heraklion \u2013 sede da <a href=\"https:\/\/www.cev.eu\/beach\/nations-cup\/2023\/\">Pool E de Femininos<\/a> \u2013, o apuramento para a fase final da <a href=\"https:\/\/www.cev.eu\/beach\/nations-cup\/2023\/\">Ta\u00e7a das Na\u00e7\u00f5es<\/a>, uma competi\u00e7\u00e3o que apura para os Jogos Ol\u00edmpicos de Paris 2024.<\/p>\n<p>As espanholas <span style=\"text-decoration: underline;\">Liliana Steiner\/Paula Guti\u00e9rrez<\/span> e <span style=\"text-decoration: underline;\">Maria Carro\/Angela Lobato<\/span> confirmaram o favoritismo que lhes \u00e9 atribu\u00eddo ao vencerem hoje, respectivamente as portuguesas <strong>Beatriz Pinheiro\/<\/strong><strong>In\u00eas Castro<\/strong> (2-1: 22-20, 16-21 e 15-12)\u00a0e <strong>Ana Monteiro\/<\/strong><strong>Margarida Santos<\/strong> (2-0: 21-14 e 21-12).<\/p>\n<p>Por seu turno, as outras favoritas, as francesas <span style=\"text-decoration: underline;\">Aline Chamereau\/Cl\u00e9mence Vieira<\/span> e <span style=\"text-decoration: underline;\">L\u00e9zana Placette\/Alexia Richard<\/span> para atingirem a final de amanh\u00e3 superaram hoje as duplas gregas. Ver resultados e classifica\u00e7\u00e3o <a href=\"https:\/\/www.cev.eu\/beach\/nations-cup\/2023\/qualifiers-women\/pool-e-heraklion-gre\/#final-ranking\">AQUI<\/a><\/p>\n<p><strong>Beatriz Pinheiro\/<\/strong><strong>In\u00eas Castro<\/strong> e <strong>Ana Monteiro\/<\/strong><strong>Margarida Santos<\/strong>, respectivamente campe\u00e3s e vice-campe\u00e3s nacionais em t\u00edtulo,\u00a0s\u00e3o acompanhadas pelo Seleccionador Nacional de femininos, <strong>Ricardo Rocha.<\/strong><\/p>\n<p>O regresso ao nosso Pa\u00eds est\u00e1 agendado para o dia 28 de Maio, com chegada prevista ao Porto \u00e0s 14h25.<\/p>\n<p style=\"text-align: center;\" align=\"justify\"><span style=\"text-decoration: underline;\"><strong><a href=\"https:\/\/www.fivb.com\/en\/beachvolleyball\/beachplayersdatabase\/146919-beatriz-pinheiro\">In\u00eas Castro<\/a>\/<a href=\"https:\/\/www.fivb.com\/en\/beachvolleyball\/beachplayersdatabase\/146870-ines-castro\">Beatriz Pinheiro<\/a><\/strong><\/span><\/p>\n<p style=\"text-align: center;\" align=\"justify\"><span style=\"text-decoration: underline;\"><strong>2023<br \/>\n<\/strong><\/span><strong>Beach Pro Tour Futures Madrid<\/strong> (Espanha) \u2013 9.\u00ba lugar<\/p>\n<p style=\"text-align: center;\" align=\"justify\"><span style=\"text-decoration: underline;\"><strong>2022<br \/>\n<\/strong><\/span><strong>FISU Championships<\/strong> (Macei\u00f3\/Brasil) \u2013 25.\u00ba lugar<br \/>\n<strong>Futures Cortega\u00e7<\/strong>a (Portugal) \u2013 5.\u00ba lugar<br \/>\n<strong>Challenge Espinho<\/strong> (Portugal) \u2013 17.\u00ba lugar<br \/>\nFutures Madrid (Espanha) \u2013 21.\u00ba lugar<br \/>\n<span style=\"text-decoration: underline;\"><strong>2021<br \/>\n<\/strong><\/span><strong>Future Madrid<\/strong> (Espanha) \u2013 21.\u00ba lugar<br \/>\n<strong>WT1* Madrid<\/strong> (Espanha) \u2013 21.\u00ba lugar<br \/>\n<strong>WT1* Cervia<\/strong> (It\u00e1lia) \u2013 21.\u00ba lugar<br \/>\n<strong>WT1* Budapeste<\/strong> (Hungria) \u2013 21.\u00ba lugar<br \/>\n<strong>WT1* Cortega\u00e7a<\/strong> (Portugal) \u2013 5.\u00ba lugar<br \/>\n<strong>WT1* S\u00f3fia<\/strong> (Bulg\u00e1ria) \u2013 21.\u00ba lugar<br \/>\n<span style=\"text-decoration: underline;\"><strong>2020<\/strong><\/span><br \/>\n<strong>Europeu de Sub-22 <\/strong>(Izmir<strong>\/<\/strong>Turquia) \u2013 25.\u00ba lugar<\/p>\n<p><strong>Ana Monteiro e Margarida Santos<\/strong> tornaram-se vice-campe\u00e3s nacionais de seniores aos 17 anos e, tamb\u00e9m em 2022, classificaram-se no 5.\u00ba lugar no Torneio Internacional Sub-19 da WEVZA e no 13.\u00ba lugar no Campeonato da Europa de Sub-18 (Loutraki\/Gr\u00e9cia), no Europeu de Sub-20 (Izmir, Turquia) e no Beach Pro Tour Cortega\u00e7a Futures.<br \/>\nAna Monteiro fez recentemente 18 anos e Margarida Santos tem 17 anos.<\/p>\n<p style=\"text-align: center;\" align=\"justify\"><span style=\"text-decoration: underline;\"><strong><a href=\"https:\/\/www.fivb.com\/en\/beachvolleyball\/beachplayersdatabase\/177574-ana-monteiro\">Ana Monteiro<\/a>\/<a href=\"https:\/\/www.fivb.com\/en\/beachvolleyball\/beachplayersdatabase\/177605-margarida-santos\">Margarida Santos<\/a><\/strong><\/span><\/p>\n<p style=\"text-align: center;\" align=\"justify\"><span style=\"text-decoration: underline;\"><strong>2022<\/strong><\/span><br \/>\nEuropeu de Sub-18 (Loutraki\/Gr\u00e9cia) \u2013 13.\u00ba lugar<br \/>\nBPT Futures Cortega\u00e7a (Portugal) \u2013 13.\u00ba lugar<br \/>\nEuropeu de Sub-20 (Izmir\/Turquia), 13.\u00ba lugar<\/p>\n<p style=\"text-align: center;\"><span style=\"background-color: #333333; color: #ffffff;\"><strong>\u00c1rbitros portugueses em ac\u00e7\u00e3o<br \/>\nno Voleibol de Praia<\/strong><\/span><\/p>\n<p style=\"text-align: center;\"><strong>Sandra Deveza<\/strong><br \/>\nBeach Pro Tour Challenge \u2013 Jurmala (Let\u00f3nia), de 15 a 18 de Junho de 2023.<br \/>\nBeach Pro Tour Challenge \u2013 Espinho, de 13 a 16 Julho de 2023.<br \/>\nANOC World Beach Games Bali 2023, Voleibol de Praia 4 x 4, de 5 a 12 de Agosto de 2023, na Indon\u00e9sia.<br \/>\nElite 16 \u2013 Austr\u00e1lia, de 21 a 26 Novembro de 2023.<\/p>\n<p style=\"text-align: center;\"><strong>S\u00e9rgio Pereira<\/strong><br \/>\nBeach Pro Tour Challenge \u2013 Espinho, de 13 a 16 Julho de 2023.<br \/>\nPool F \u2013 Femininos da Ta\u00e7a das Na\u00e7\u00f5es, na Esc\u00f3cia, de 18 a 21 de Maio de 2023.<\/p>\n<p style=\"text-align: center;\"><strong>Maria Michelle Ferreira<\/strong><br \/>\nBeach Pro Tour Challenge \u2013 Espinho, de 13 a 16 Julho de 2023.<\/p>\n<p style=\"text-align: center;\"><strong>Patr\u00edcia Gomes<\/strong><br \/>\nBeach Pro Tour Futures Spiez (Su\u00ed\u00e7a), de 8 a 11 de Junho de 2023.<\/p>\n<p style=\"text-align: center;\"><strong>Rui Carvalho<\/strong><br \/>\nBeach Pro Tour Elite 16 \u2013 Ostrava (Ch\u00e9quia), de 31 de Maio a 4 de Junho de 2023.<br \/>\nBeach Pro Tour Challenge \u2013 Espinho, de 13 a 16 Julho de 2023.<br \/>\nBPT\u00a0Elite 16 \u2013 Hamburgo (Alemanha), de 16 a 20 de Agosto de 2023.<br \/>\nFinais BPT 2023 \u2013 Doha (Catar), de 6 a 9 de Dezembro de 2023.<\/p>\n<p><span style=\"text-decoration: underline;\">Em masculinos, os representantes do nosso Pa\u00eds v\u00e3o integrar (10 e 11 de Junho) a Pool G juntamente com a Fran\u00e7a, a Ch\u00e9quia, a Eslov\u00e1quia e a Irlanda do Norte.<\/span><\/p>\n<p><img loading=\"lazy\" decoding=\"async\" class=\"size-full wp-image-22518 aligncenter\" src=\"https:\/\/fpvoleibol.pt\/fpv\/wp-content\/uploads\/2023\/02\/BVNC_Men_d.jpg\" alt=\"\" width=\"960\" height=\"960\" srcset=\"https:\/\/fpvoleibol.pt\/fpv\/wp-content\/uploads\/2023\/02\/BVNC_Men_d.jpg 960w, https:\/\/fpvoleibol.pt\/fpv\/wp-content\/uploads\/2023\/02\/BVNC_Men_d-300x300.jpg 300w, https:\/\/fpvoleibol.pt\/fpv\/wp-content\/uploads\/2023\/02\/BVNC_Men_d-150x150.jpg 150w, https:\/\/fpvoleibol.pt\/fpv\/wp-content\/uploads\/2023\/02\/BVNC_Men_d-768x768.jpg 768w, https:\/\/fpvoleibol.pt\/fpv\/wp-content\/uploads\/2023\/02\/BVNC_Men_d-510x510.jpg 510w\" sizes=\"auto, (max-width: 960px) 100vw, 960px\" \/>A <strong>CEV Beach Volley Nations Cup 2023<\/strong> (<span style=\"text-decoration: underline;\">Ta\u00e7a das Na\u00e7\u00f5es de Voleibol de Praia<\/span>) \u00e9 uma competi\u00e7\u00e3o que apura para os Jogos Ol\u00edmpicos de Paris 2024.<br \/>\nA segunda edi\u00e7\u00e3o da Ta\u00e7a das Na\u00e7\u00f5es envolve duplas de 31 pa\u00edses e ser\u00e1 disputada nos meses de Maio e Junho.<\/p>\n<p>O sorteio da Fase Preliminar decorreu na sede da Confedera\u00e7\u00e3o Europeia de Voleibol (CEV), na cidade de Luxemburgo, e as sete melhores na\u00e7\u00f5es da Europa \u2013 de acordo com o Ranking da CEV \u2013 foram distribu\u00eddas como <em>cabe\u00e7as-de-s\u00e9rie<\/em> dos respectivos grupos.<\/p>\n<p>Esta segunda edi\u00e7\u00e3o da <strong>CEV Beach Volley Nations Cup<\/strong> ganha ainda mais import\u00e2ncia pois representa um dos caminhos pelos quais um pa\u00eds poder\u00e1 garantir uma (muito cobi\u00e7ada) presen\u00e7a nos Jogos Ol\u00edmpicos de Paris 2024.<\/p>\n<p>A primeira edi\u00e7\u00e3o da BVNC, realizada na cidade austr\u00edaca de Viena no ano passado, foi vencida pelos <em>Vikings<\/em> da Noruega em masculinos e pela Su\u00ed\u00e7a em femininos.<\/p>\n","protected":false},"excerpt":{"rendered":"<p>As duplas de Voleibol de Praia da Espanha e da Fran\u00e7a disputam amanh\u00e3, no Karteros Beach Sport Center da cidade grega de Heraklion \u2013 sede da Pool E de Femininos [&hellip;]<\/p>\n","protected":false},"author":2,"featured_media":24829,"comment_status":"open","ping_status":"open","sticky":false,"template":"","format":"standard","meta":{"_monsterinsights_skip_tracking":false,"_monsterinsights_sitenote_active":false,"_monsterinsights_sitenote_note":"","_monsterinsights_sitenote_category":0,"footnotes":""},"categories":[13,9],"tags":[71,86],"class_list":{"0":"post-24826","1":"post","2":"type-post","3":"status-publish","4":"format-standard","5":"has-post-thumbnail","7":"category-arbitragem","8":"category-voleibol-de-praia","9":"tag-epoca-2022-2023","10":"tag-taca-das-nacoes-v-praia","11":"czr-hentry"},"aioseo_notices":[],"_links":{"self":[{"href":"https:\/\/fpvoleibol.pt\/fpv\/wp-json\/wp\/v2\/posts\/24826","targetHints":{"allow":["GET"]}}],"collection":[{"href":"https:\/\/fpvoleibol.pt\/fpv\/wp-json\/wp\/v2\/posts"}],"about":[{"href":"https:\/\/fpvoleibol.pt\/fpv\/wp-json\/wp\/v2\/types\/post"}],"author":[{"embeddable":true,"href":"https:\/\/fpvoleibol.pt\/fpv\/wp-json\/wp\/v2\/users\/2"}],"replies":[{"embeddable":true,"href":"https:\/\/fpvoleibol.pt\/fpv\/wp-json\/wp\/v2\/comments?post=24826"}],"version-history":[{"count":6,"href":"https:\/\/fpvoleibol.pt\/fpv\/wp-json\/wp\/v2\/posts\/24826\/revisions"}],"predecessor-version":[{"id":24920,"href":"https:\/\/fpvoleibol.pt\/fpv\/wp-json\/wp\/v2\/posts\/24826\/revisions\/24920"}],"wp:featuredmedia":[{"embeddable":true,"href":"https:\/\/fpvoleibol.pt\/fpv\/wp-json\/wp\/v2\/media\/24829"}],"wp:attachment":[{"href":"https:\/\/fpvoleibol.pt\/fpv\/wp-json\/wp\/v2\/media?parent=24826"}],"wp:term":[{"taxonomy":"category","embeddable":true,"href":"https:\/\/fpvoleibol.pt\/fpv\/wp-json\/wp\/v2\/categories?post=24826"},{"taxonomy":"post_tag","embeddable":true,"href":"https:\/\/fpvoleibol.pt\/fpv\/wp-json\/wp\/v2\/tags?post=24826"}],"curies":[{"name":"wp","href":"https:\/\/api.w.org\/{rel}","templated":true}]}}