{"id":24746,"date":"2023-05-23T14:39:43","date_gmt":"2023-05-23T14:39:43","guid":{"rendered":"https:\/\/fpvoleibol.pt\/fpv\/?p=24746"},"modified":"2023-05-23T14:39:43","modified_gmt":"2023-05-23T14:39:43","slug":"pre-inscricoes-para-curso-de-treinadores-de-grau-iii","status":"publish","type":"post","link":"https:\/\/fpvoleibol.pt\/fpv\/2023\/05\/23\/pre-inscricoes-para-curso-de-treinadores-de-grau-iii\/","title":{"rendered":"PR\u00c9-INSCRI\u00c7\u00d5ES PARA CURSO DE TREINADORES DE GRAU III"},"content":{"rendered":"<p><img loading=\"lazy\" decoding=\"async\" class=\"size-full wp-image-24748 aligncenter\" src=\"https:\/\/fpvoleibol.pt\/fpv\/wp-content\/uploads\/2023\/05\/curso-voleibol-3a.jpg\" alt=\"\" width=\"960\" height=\"852\" srcset=\"https:\/\/fpvoleibol.pt\/fpv\/wp-content\/uploads\/2023\/05\/curso-voleibol-3a.jpg 960w, https:\/\/fpvoleibol.pt\/fpv\/wp-content\/uploads\/2023\/05\/curso-voleibol-3a-300x266.jpg 300w, https:\/\/fpvoleibol.pt\/fpv\/wp-content\/uploads\/2023\/05\/curso-voleibol-3a-768x682.jpg 768w\" sizes=\"auto, (max-width: 960px) 100vw, 960px\" \/>No \u00e2mbito do <strong>Programa Nacional de Forma\u00e7\u00e3o de Treinadores de 2023<\/strong>, a <span style=\"text-decoration: underline;\">Federa\u00e7\u00e3o Portuguesa de Voleibol (FPV)<\/span> prev\u00ea realizar, de <strong>5 a 28 de Julho de 2023<\/strong>, mais um curso para treinadores, no caso concreto um <strong>Curso de Treinadores de Grau III de \u00e2mbito nacional<\/strong> e a realizar na cidade do Porto, cujo <span style=\"text-decoration: underline;\">per\u00edodo de pr\u00e9-inscri\u00e7\u00e3o<\/span> se encontra aberto de <strong>23 de Maio a 16 de Junho<\/strong>.<br \/>\nAp\u00f3s a normaliza\u00e7\u00e3o da situa\u00e7\u00e3o de Pandemia\/Endemia da Covid-19, a participa\u00e7\u00e3o no curso ser\u00e1 realizada de forma online (te\u00f3rica) e presencial (pr\u00e1tica) \u2013 instala\u00e7\u00f5es da Faculdade de Desporto da Universidade do Porto (FADEUP).<\/p>\n<p><strong><u>Curso de Grau III<\/u><\/strong> de \u00e2mbito nacional<strong>:<\/strong><\/p>\n<p><strong>1.\u00aa Fase online (in\u00edcio a 5 Julho &#8211; final a 18 de Julho) <\/strong>\u2013 de <u>5 a 9 de Julho (de quarta-feira a domingo)<\/u>, de <u>11 e 18 de Julho (3.\u00aa feira a 3.\u00aa feira)<\/u> e <u>21 a 28 de Julho (6\u00aa. feira a 6.\u00aa feira)<\/u>.<\/p>\n<p><strong>2.\u00aa Fase pr\u00e1tica (presencial e com avalia\u00e7\u00e3o)<\/strong> \u2013 de 21 a 28 de Julho (4.\u00aa a 6.\u00aa feira) na Faculdade de Desporto da Universidade do Porto (FADEUP).<\/p>\n<p style=\"text-align: left;\">O <span style=\"text-decoration: underline;\">Curso de Treinadores de Voleibol de Grau III<\/span> destina-se a treinadores com:<br \/>\n\u2013 T\u00edtulo Profissional Treinador Desporto (TPTD) de Grau II;<br \/>\n\u2013 Pelo menos 1 ano de pr\u00e1tica efectiva de Treinador de Grau II (o ano de est\u00e1gio n\u00e3o conta);<br \/>\n\u2013 Idade superior a 21 anos e escolaridade m\u00ednima obrigat\u00f3ria, em fun\u00e7\u00e3o da data de nascimento (ver a listagem <a href=\"https:\/\/www.fpvoleibol.pt\/cursos\/info_curso_2023_grau3_julho.pdf?_ga=2.213387350.352053755.1684852756-2008061723.1683712564\">AQUI<\/a>).<\/p>\n<p style=\"text-align: left;\"><span style=\"text-decoration: underline;\"><strong>PROGRAMA DO CURSO<\/strong><\/span><\/p>\n<table style=\"width: 98.5021%; height: 294px;\">\n<tbody>\n<tr style=\"height: 38px;\">\n<td style=\"width: 10.6195%; text-align: center; height: 38px; background-color: #1590b3;\" width=\"56\"><span style=\"color: #ffffff;\"><strong>Curso<\/strong><\/span><\/td>\n<td style=\"width: 46.5617%; text-align: center; height: 38px; background-color: #1590b3;\" width=\"350\"><span style=\"color: #ffffff;\"><strong>Parte Te\u00f3rica<\/strong><\/span><\/td>\n<td style=\"width: 181.281%; text-align: center; height: 38px; background-color: #1590b3;\" width=\"141\"><span style=\"color: #ffffff;\"><strong>Parte Pr\u00e1tica<\/strong><\/span><\/td>\n<\/tr>\n<tr style=\"height: 256px;\">\n<td style=\"width: 10.6195%; height: 256px; text-align: center;\" width=\"56\"><strong>Grau III<\/strong><\/td>\n<td style=\"width: 46.5617%; height: 256px; text-align: center;\" width=\"350\"><strong>5 a 18 Julho<\/strong><\/p>\n<p>1\u00aa Fase \u2013 online<\/p>\n<p>Plataforma ZOOM<\/td>\n<td style=\"width: 181.281%; height: 256px; text-align: center;\" width=\"141\"><strong>21 a 28 Julho<\/strong><\/p>\n<p>Presencial + avalia\u00e7\u00e3o<br \/>\n<span style=\"text-decoration: underline;\">Faculdade Desporto Universidade do Porto &#8211; FADEUP<\/span><\/td>\n<\/tr>\n<\/tbody>\n<\/table>\n<p>O programa e o hor\u00e1rio provis\u00f3rio do curso, bem como toda a informa\u00e7\u00e3o necess\u00e1ria para formular a inscri\u00e7\u00e3o podem ser consultados em <a href=\"https:\/\/fpvoleibol.pt\/fpv\/formacao\/cursos-de-voleibol-2023\/\">https:\/\/fpvoleibol.pt\/fpv\/formacao\/cursos-de-voleibol-2023<\/a><\/p>\n","protected":false},"excerpt":{"rendered":"<p>No \u00e2mbito do Programa Nacional de Forma\u00e7\u00e3o de Treinadores de 2023, a Federa\u00e7\u00e3o Portuguesa de Voleibol (FPV) prev\u00ea realizar, de 5 a 28 de Julho de 2023, mais um curso [&hellip;]<\/p>\n","protected":false},"author":2,"featured_media":24749,"comment_status":"open","ping_status":"open","sticky":false,"template":"","format":"standard","meta":{"_monsterinsights_skip_tracking":false,"_monsterinsights_sitenote_active":false,"_monsterinsights_sitenote_note":"","_monsterinsights_sitenote_category":0,"footnotes":""},"categories":[8],"tags":[],"class_list":{"0":"post-24746","1":"post","2":"type-post","3":"status-publish","4":"format-standard","5":"has-post-thumbnail","7":"category-voleibol","8":"czr-hentry"},"aioseo_notices":[],"_links":{"self":[{"href":"https:\/\/fpvoleibol.pt\/fpv\/wp-json\/wp\/v2\/posts\/24746","targetHints":{"allow":["GET"]}}],"collection":[{"href":"https:\/\/fpvoleibol.pt\/fpv\/wp-json\/wp\/v2\/posts"}],"about":[{"href":"https:\/\/fpvoleibol.pt\/fpv\/wp-json\/wp\/v2\/types\/post"}],"author":[{"embeddable":true,"href":"https:\/\/fpvoleibol.pt\/fpv\/wp-json\/wp\/v2\/users\/2"}],"replies":[{"embeddable":true,"href":"https:\/\/fpvoleibol.pt\/fpv\/wp-json\/wp\/v2\/comments?post=24746"}],"version-history":[{"count":4,"href":"https:\/\/fpvoleibol.pt\/fpv\/wp-json\/wp\/v2\/posts\/24746\/revisions"}],"predecessor-version":[{"id":24753,"href":"https:\/\/fpvoleibol.pt\/fpv\/wp-json\/wp\/v2\/posts\/24746\/revisions\/24753"}],"wp:featuredmedia":[{"embeddable":true,"href":"https:\/\/fpvoleibol.pt\/fpv\/wp-json\/wp\/v2\/media\/24749"}],"wp:attachment":[{"href":"https:\/\/fpvoleibol.pt\/fpv\/wp-json\/wp\/v2\/media?parent=24746"}],"wp:term":[{"taxonomy":"category","embeddable":true,"href":"https:\/\/fpvoleibol.pt\/fpv\/wp-json\/wp\/v2\/categories?post=24746"},{"taxonomy":"post_tag","embeddable":true,"href":"https:\/\/fpvoleibol.pt\/fpv\/wp-json\/wp\/v2\/tags?post=24746"}],"curies":[{"name":"wp","href":"https:\/\/api.w.org\/{rel}","templated":true}]}}