{"id":24608,"date":"2023-05-17T16:32:18","date_gmt":"2023-05-17T16:32:18","guid":{"rendered":"https:\/\/fpvoleibol.pt\/fpv\/?p=24608"},"modified":"2023-05-17T16:40:52","modified_gmt":"2023-05-17T16:40:52","slug":"treinos-de-observacao-para-sub-19-femininos","status":"publish","type":"post","link":"https:\/\/fpvoleibol.pt\/fpv\/2023\/05\/17\/treinos-de-observacao-para-sub-19-femininos\/","title":{"rendered":"TREINOS DE OBSERVA\u00c7\u00c3O PARA SUB-19 FEMININOS"},"content":{"rendered":"<p><img loading=\"lazy\" decoding=\"async\" class=\"size-full wp-image-24611 aligncenter\" src=\"https:\/\/fpvoleibol.pt\/fpv\/wp-content\/uploads\/2023\/05\/u17fem2022_d1.jpg\" alt=\"\" width=\"960\" height=\"640\" srcset=\"https:\/\/fpvoleibol.pt\/fpv\/wp-content\/uploads\/2023\/05\/u17fem2022_d1.jpg 960w, https:\/\/fpvoleibol.pt\/fpv\/wp-content\/uploads\/2023\/05\/u17fem2022_d1-300x200.jpg 300w, https:\/\/fpvoleibol.pt\/fpv\/wp-content\/uploads\/2023\/05\/u17fem2022_d1-768x512.jpg 768w\" sizes=\"auto, (max-width: 960px) 100vw, 960px\" \/>Tendo em vista a participa\u00e7\u00e3o no<strong>\u00a0Torneio da WEVZA<\/strong>, a disputar de 10 a 14 de Julho de 2023 em Espanha, a equipa t\u00e9cnica da <strong>Selec\u00e7\u00e3o Nacional de Sub-19 Femininos<\/strong> convocou 22 atletas para os<strong> treinos de observa\u00e7\u00e3o<\/strong>, a realizar de <strong>22 a 29 de Maio<\/strong> (segunda a quinta-feira, das 18h00 \u00e0s 21h30), na Escola B\u00e1sica Secund\u00e1ria Rodrigues de Freitas, no Porto.<\/p>\n<p style=\"text-align: center;\"><span style=\"background-color: #000000; color: #ffffff;\">Convocadas para treinos de observa\u00e7\u00e3o<\/span><\/p>\n<p style=\"text-align: center;\"><strong><u>AA Jos\u00e9 Moreira<\/u><\/strong><br \/>\nMaria Jo\u00e3o Peres<br \/>\nMaria Teresa Gomes<br \/>\nMariana Marques<br \/>\nMariana Martins<\/p>\n<p style=\"text-align: center;\"><strong><u>Cast\u00ealo Maia GC<\/u><\/strong><br \/>\nIn\u00eas Campos<br \/>\nLuna Nunes<br \/>\nMariana Duarte Almeida<\/p>\n<p style=\"text-align: center;\"><strong><u>Dumiense FC\u00a0\u00a0\u00a0<\/u><\/strong><br \/>\nMaria In\u00eas Vieira<\/p>\n<p style=\"text-align: center;\"><strong><u>Frei Gil VC<\/u><\/strong><br \/>\nLara Carvalho<\/p>\n<p style=\"text-align: center;\"><strong><u>GC Vilacondense<\/u><\/strong><br \/>\nIn\u00eas Costa<\/p>\n<p style=\"text-align: center;\"><strong><u>Leix\u00f5es SC<\/u><\/strong><br \/>\nLu\u00edsa Caldeira<\/p>\n<p style=\"text-align: center;\"><strong><u>PV 2014\/Col\u00e9gio Efanor<\/u><\/strong><br \/>\nAna Garrido<br \/>\nB\u00e1rbara Alves<br \/>\nBeatriz Cerveira<br \/>\nEma Torres<br \/>\nRita Ben\u00eddio<\/p>\n<p style=\"text-align: center;\"><strong><u>SC Arcozelo<\/u><\/strong><br \/>\n\u00cdris Rodrigues<\/p>\n<p style=\"text-align: center;\"><strong><u>SC Braga<\/u><\/strong><br \/>\nLara Jorge Silva<br \/>\nMaria Leonor Coelho<\/p>\n<p style=\"text-align: center;\"><strong><u>SC Espinho<\/u><\/strong><br \/>\nAlexandra Moreira<\/p>\n<p style=\"text-align: center;\"><strong><u>VC Viana<\/u><\/strong><br \/>\nMaria Carlota Amaral<\/p>\n<p style=\"text-align: center;\"><strong><u>Vit\u00f3ria SC<\/u><\/strong><br \/>\nLuana Ferreira<\/p>\n<p style=\"text-align: left;\">*<span style=\"font-size: 8pt;\">Mais conhecida pela sigla WEVZA, a <strong>Associa\u00e7\u00e3o Zonal de Voleibol do Oeste Europeu <\/strong>foi constitu\u00edda no dia 26 de Setembro de 2013, integra oito pa\u00edses \u2013 Portugal, Espanha, Alemanha, B\u00e9lgica, It\u00e1lia, Holanda, Fran\u00e7a e Su\u00ed\u00e7a \u2013 e tem actualmente como Presidente o portugu\u00eas Vicente Ara\u00fajo, Presidente da FPV, e como Vice-Presidentes o franc\u00eas Eric Tanguy, Presidente da Federa\u00e7\u00e3o Francesa, e o belga Claude Kriescher, representante da Federa\u00e7\u00e3o Belga.<br \/>\n<\/span><span style=\"font-size: 8pt;\">O objectivo primordial desta associa\u00e7\u00e3o zonal \u00e9 fortalecer e fomentar a organiza\u00e7\u00e3o de actividades desportivas, tanto de Voleibol como de Voleibol de Praia, com especial \u00eanfase nas categorias de forma\u00e7\u00e3o.<br \/>\n<\/span><span style=\"font-size: 8pt;\">A Confedera\u00e7\u00e3o Europeia de Voleibol (CEV) conta com seis associa\u00e7\u00f5es zonais: a WEVZA (Europa Ocidental), a BVA (Balc\u00e3s), a EEVZA (Europa de Leste), a MEVZA (Europa Central), a NEVZA (Europa do Norte) e ainda a SCD (Divis\u00e3o dos Pequenos Pa\u00edses), da qual fazem parte Andorra, Chipre, Ilhas Faro\u00e9, Gibraltar, Gronel\u00e2ndia, Isl\u00e2ndia, Irlanda, Liechtenstein, Luxemburgo, Malta, M\u00f3naco, Irlanda do Norte, San Marino, Esc\u00f3cia e Pa\u00eds de Gales.<\/span><\/p>\n<p class=\"auto-style2\" style=\"text-align: center;\" align=\"justify\">Mais informa\u00e7\u00f5es:\u00a0<a href=\"http:\/\/wevza.com\/\" target=\"_blank\" rel=\"noopener noreferrer\">www.wevza.com<\/a><\/p>\n","protected":false},"excerpt":{"rendered":"<p>Tendo em vista a participa\u00e7\u00e3o no\u00a0Torneio da WEVZA, a disputar de 10 a 14 de Julho de 2023 em Espanha, a equipa t\u00e9cnica da Selec\u00e7\u00e3o Nacional de Sub-19 Femininos convocou [&hellip;]<\/p>\n","protected":false},"author":2,"featured_media":24610,"comment_status":"open","ping_status":"open","sticky":false,"template":"","format":"standard","meta":{"_monsterinsights_skip_tracking":false,"_monsterinsights_sitenote_active":false,"_monsterinsights_sitenote_note":"","_monsterinsights_sitenote_category":0,"footnotes":""},"categories":[11,8],"tags":[71,50],"class_list":{"0":"post-24608","1":"post","2":"type-post","3":"status-publish","4":"format-standard","5":"has-post-thumbnail","7":"category-formacao","8":"category-voleibol","9":"tag-epoca-2022-2023","10":"tag-wevza","11":"czr-hentry"},"aioseo_notices":[],"_links":{"self":[{"href":"https:\/\/fpvoleibol.pt\/fpv\/wp-json\/wp\/v2\/posts\/24608","targetHints":{"allow":["GET"]}}],"collection":[{"href":"https:\/\/fpvoleibol.pt\/fpv\/wp-json\/wp\/v2\/posts"}],"about":[{"href":"https:\/\/fpvoleibol.pt\/fpv\/wp-json\/wp\/v2\/types\/post"}],"author":[{"embeddable":true,"href":"https:\/\/fpvoleibol.pt\/fpv\/wp-json\/wp\/v2\/users\/2"}],"replies":[{"embeddable":true,"href":"https:\/\/fpvoleibol.pt\/fpv\/wp-json\/wp\/v2\/comments?post=24608"}],"version-history":[{"count":5,"href":"https:\/\/fpvoleibol.pt\/fpv\/wp-json\/wp\/v2\/posts\/24608\/revisions"}],"predecessor-version":[{"id":24616,"href":"https:\/\/fpvoleibol.pt\/fpv\/wp-json\/wp\/v2\/posts\/24608\/revisions\/24616"}],"wp:featuredmedia":[{"embeddable":true,"href":"https:\/\/fpvoleibol.pt\/fpv\/wp-json\/wp\/v2\/media\/24610"}],"wp:attachment":[{"href":"https:\/\/fpvoleibol.pt\/fpv\/wp-json\/wp\/v2\/media?parent=24608"}],"wp:term":[{"taxonomy":"category","embeddable":true,"href":"https:\/\/fpvoleibol.pt\/fpv\/wp-json\/wp\/v2\/categories?post=24608"},{"taxonomy":"post_tag","embeddable":true,"href":"https:\/\/fpvoleibol.pt\/fpv\/wp-json\/wp\/v2\/tags?post=24608"}],"curies":[{"name":"wp","href":"https:\/\/api.w.org\/{rel}","templated":true}]}}