{"id":24603,"date":"2023-05-17T14:54:27","date_gmt":"2023-05-17T14:54:27","guid":{"rendered":"https:\/\/fpvoleibol.pt\/fpv\/?p=24603"},"modified":"2023-05-17T14:54:27","modified_gmt":"2023-05-17T14:54:27","slug":"25-o-encontro-nacional-de-treinadores-de-voleibol","status":"publish","type":"post","link":"https:\/\/fpvoleibol.pt\/fpv\/2023\/05\/17\/25-o-encontro-nacional-de-treinadores-de-voleibol\/","title":{"rendered":"25.\u00ba ENCONTRO NACIONAL DE TREINADORES DE VOLEIBOL"},"content":{"rendered":"<p><img loading=\"lazy\" decoding=\"async\" class=\"size-full wp-image-24604 aligncenter\" src=\"https:\/\/fpvoleibol.pt\/fpv\/wp-content\/uploads\/2023\/05\/ANTV_Cartaz_Encontro_2023_d.jpg\" alt=\"\" width=\"960\" height=\"698\" srcset=\"https:\/\/fpvoleibol.pt\/fpv\/wp-content\/uploads\/2023\/05\/ANTV_Cartaz_Encontro_2023_d.jpg 960w, https:\/\/fpvoleibol.pt\/fpv\/wp-content\/uploads\/2023\/05\/ANTV_Cartaz_Encontro_2023_d-300x218.jpg 300w, https:\/\/fpvoleibol.pt\/fpv\/wp-content\/uploads\/2023\/05\/ANTV_Cartaz_Encontro_2023_d-768x558.jpg 768w\" sizes=\"auto, (max-width: 960px) 100vw, 960px\" \/>J\u00e1 abriram as inscri\u00e7\u00f5es para o <span style=\"text-decoration: underline;\">Encontro Nacional de Treinadores de Voleibol 2023,<\/span> que a <strong>Associa\u00e7\u00e3o Nacional de Treinadores de Voleibol<\/strong> (ANTV) organiza pela 25.\u00aa vez.<\/p>\n<p>A 25.\u00aa edi\u00e7\u00e3o do prestigiado evento nacional para treinadores de Voleibol decorrer\u00e1 nos dias 17 e 18 de Junho na Faculdade de Desporto da Universidade do Porto (FADEUP) e ser\u00e1 dedicada ao tema \u00ab<strong>Apontar ao Sucesso<\/strong>\u00bb.<\/p>\n<p>Segundo os organizadores, &#8220;<em>para al\u00e9m do famoso treinador brasileiro Rubinho, cabe\u00e7a-de-cartaz j\u00e1 anunciado, o Encontro contar\u00e1 com um leque de prelectores e convidados de excel\u00eancia<\/em>&#8220;, que a ANTV ir\u00e1 apresentar nas suas redes sociais nos pr\u00f3ximos dias.<\/p>\n<p>Ainda de acordo com a ANTV, &#8220;<em>o Encontro \u00e9 tamb\u00e9m ocasi\u00e3o para fazermos um balan\u00e7o da nossa actividade e prestarmos contas aos s\u00f3cios, na Assembleia Geral da ANTV. Finalmente, \u00e9 no Encontro que escolhemos, votando, naqueles que pretendemos distinguir como Treinadores do Ano da \u00e9poca que termina, a quem \u00e9 atribu\u00eddo o famoso e desejado trof\u00e9u ANTV<\/em>&#8220;.<\/p>\n<p style=\"text-align: center;\"><span style=\"text-decoration: underline;\">INSCRI\u00c7\u00c3O atrav\u00e9s do link: <\/span><\/p>\n<p style=\"text-align: center;\"><strong>Mais informa\u00e7\u00f5es <a href=\"https:\/\/www.facebook.com\/ANTV.org\/\">AQUI<\/a><\/strong><\/p>\n","protected":false},"excerpt":{"rendered":"<p>J\u00e1 abriram as inscri\u00e7\u00f5es para o Encontro Nacional de Treinadores de Voleibol 2023, que a Associa\u00e7\u00e3o Nacional de Treinadores de Voleibol (ANTV) organiza pela 25.\u00aa vez. A 25.\u00aa edi\u00e7\u00e3o do [&hellip;]<\/p>\n","protected":false},"author":2,"featured_media":24605,"comment_status":"open","ping_status":"open","sticky":false,"template":"","format":"standard","meta":{"_monsterinsights_skip_tracking":false,"_monsterinsights_sitenote_active":false,"_monsterinsights_sitenote_note":"","_monsterinsights_sitenote_category":0,"footnotes":""},"categories":[11,8],"tags":[71],"class_list":{"0":"post-24603","1":"post","2":"type-post","3":"status-publish","4":"format-standard","5":"has-post-thumbnail","7":"category-formacao","8":"category-voleibol","9":"tag-epoca-2022-2023","10":"czr-hentry"},"aioseo_notices":[],"_links":{"self":[{"href":"https:\/\/fpvoleibol.pt\/fpv\/wp-json\/wp\/v2\/posts\/24603","targetHints":{"allow":["GET"]}}],"collection":[{"href":"https:\/\/fpvoleibol.pt\/fpv\/wp-json\/wp\/v2\/posts"}],"about":[{"href":"https:\/\/fpvoleibol.pt\/fpv\/wp-json\/wp\/v2\/types\/post"}],"author":[{"embeddable":true,"href":"https:\/\/fpvoleibol.pt\/fpv\/wp-json\/wp\/v2\/users\/2"}],"replies":[{"embeddable":true,"href":"https:\/\/fpvoleibol.pt\/fpv\/wp-json\/wp\/v2\/comments?post=24603"}],"version-history":[{"count":1,"href":"https:\/\/fpvoleibol.pt\/fpv\/wp-json\/wp\/v2\/posts\/24603\/revisions"}],"predecessor-version":[{"id":24606,"href":"https:\/\/fpvoleibol.pt\/fpv\/wp-json\/wp\/v2\/posts\/24603\/revisions\/24606"}],"wp:featuredmedia":[{"embeddable":true,"href":"https:\/\/fpvoleibol.pt\/fpv\/wp-json\/wp\/v2\/media\/24605"}],"wp:attachment":[{"href":"https:\/\/fpvoleibol.pt\/fpv\/wp-json\/wp\/v2\/media?parent=24603"}],"wp:term":[{"taxonomy":"category","embeddable":true,"href":"https:\/\/fpvoleibol.pt\/fpv\/wp-json\/wp\/v2\/categories?post=24603"},{"taxonomy":"post_tag","embeddable":true,"href":"https:\/\/fpvoleibol.pt\/fpv\/wp-json\/wp\/v2\/tags?post=24603"}],"curies":[{"name":"wp","href":"https:\/\/api.w.org\/{rel}","templated":true}]}}