{"id":24594,"date":"2023-05-17T14:32:53","date_gmt":"2023-05-17T14:32:53","guid":{"rendered":"https:\/\/fpvoleibol.pt\/fpv\/?p=24594"},"modified":"2023-05-17T14:32:53","modified_gmt":"2023-05-17T14:32:53","slug":"finais-da-champions-disputam-se-no-sabado","status":"publish","type":"post","link":"https:\/\/fpvoleibol.pt\/fpv\/2023\/05\/17\/finais-da-champions-disputam-se-no-sabado\/","title":{"rendered":"FINAIS DA CHAMPIONS DISPUTAM-SE NO S\u00c1BADO"},"content":{"rendered":"<p style=\"text-align: center;\"><img loading=\"lazy\" decoding=\"async\" class=\"size-full wp-image-24597 aligncenter\" src=\"https:\/\/fpvoleibol.pt\/fpv\/wp-content\/uploads\/2023\/05\/superfinaisturin03_d.jpg\" alt=\"\" width=\"960\" height=\"448\" srcset=\"https:\/\/fpvoleibol.pt\/fpv\/wp-content\/uploads\/2023\/05\/superfinaisturin03_d.jpg 960w, https:\/\/fpvoleibol.pt\/fpv\/wp-content\/uploads\/2023\/05\/superfinaisturin03_d-300x140.jpg 300w, https:\/\/fpvoleibol.pt\/fpv\/wp-content\/uploads\/2023\/05\/superfinaisturin03_d-768x358.jpg 768w\" sizes=\"auto, (max-width: 960px) 100vw, 960px\" \/><strong>\u00c9 j\u00e1 este s\u00e1bado (20 de Maio) que a cidade italiana de Turim recebe as <a href=\"https:\/\/championsleague.cev.eu\/en\/super-finals\/\"><em>Super Finais<\/em><\/a> da Liga dos Campe\u00f5es (femininos e masculinos),<br \/>\nque atribuem 500 mil euros aos vencedores e 250 mil aos vencidos. Os jogos das finais podem ser seguidos atrav\u00e9s do <a href=\"https:\/\/link.cev.eu\/Subscription\">EuroVolley.TV<\/a><\/strong><\/p>\n<p>A final de masculinos tem um aliciante extra: o jogo decisivo dos masculinos \u2013 que se disputa \u00e0s 19h30, com transmiss\u00e3o em directo na <a href=\"https:\/\/www.sporttv.pt\/pesquisa\/voleibol\/\">Sport TV<\/a> \u2013 ser\u00e1 arbitrado por um portugu\u00eas, <strong>Ricardo Ferreira*<\/strong>.<br \/>\nCampe\u00e3o polaco por 9 vezes, a \u00faltima das quais em 2021\/2022, o Zaksa Kedzierzyn-Kozle \u00e9 super-favorito por ter vencido as duas \u00faltimas edi\u00e7\u00f5es da competi\u00e7\u00e3o, mas o Jastrzebski Wegiel apresenta como credenciais o t\u00edtulo de campe\u00e3o nacional polaco de 2022\/2023, bem como o terceiro lugar em 2013\/2014 e o quarto em 2010\/2011 na Liga dos Campe\u00f5es.<\/p>\n<p>Este jogo ser\u00e1 antecedido pela final de femininos, sendo que o facto de as finalistas serem duas equipas turcas \u00e9 a face mais vis\u00edvel do trabalho que tem vindo a ser desenvolvido no Voleibol feminino otomano.<br \/>\nDefensora do t\u00edtulo conquistado no ano passado, a equipa do VakifBank Istanbul j\u00e1 conquistou a Liga dos Campe\u00f5es por cinco vezes, tendo sido finalista vencida em outras tr\u00eas.<br \/>\nPor seu turno, o Eczacibasi VitrA Istanbul ergueu o trof\u00e9u de campe\u00e3o na \u00e9poca de 2014\/2015 ao vencer (3-0) a equipa italiana do Unendo Yamamay Busto Arsizio, na final disputada em Szczecin (Pol\u00f3nia).<\/p>\n<p><img loading=\"lazy\" decoding=\"async\" class=\"size-full wp-image-23834 aligncenter\" src=\"https:\/\/fpvoleibol.pt\/fpv\/wp-content\/uploads\/2023\/04\/ricardo_ferreira_fivb01_d.jpg\" alt=\"\" width=\"960\" height=\"640\" srcset=\"https:\/\/fpvoleibol.pt\/fpv\/wp-content\/uploads\/2023\/04\/ricardo_ferreira_fivb01_d.jpg 960w, https:\/\/fpvoleibol.pt\/fpv\/wp-content\/uploads\/2023\/04\/ricardo_ferreira_fivb01_d-300x200.jpg 300w, https:\/\/fpvoleibol.pt\/fpv\/wp-content\/uploads\/2023\/04\/ricardo_ferreira_fivb01_d-768x512.jpg 768w\" sizes=\"auto, (max-width: 960px) 100vw, 960px\" \/>*A cumprir 29 \u00e9pocas como \u00e1rbitro, <strong>Ricardo Ferreira<\/strong>, de 47 anos, viu ser reconhecido, uma vez mais, o seu trabalho pelas entidades que regulam o Voleibol a n\u00edvel internacional e vai estar, pela primeira vez na arbitragem nacional, numa final da Liga dos Campe\u00f5es de clubes.<\/p>\n<p>A Confedera\u00e7\u00e3o Europeia de Voleibol (CEV) nomeou-o para a equipa de arbitragem da final da Liga dos Campe\u00f5es 2023 \u2013 Masculinos, a disputar entre as equipas polacas do Grupa Azoty Kedzierzyn-Kozle, actual bicampe\u00e3 europeia, e o Jastrzebski Wegiel (19h30). O italiano Stefano Cesare ser\u00e1 o 1.\u00ba \u00e1rbitro e Ricardo Ferreira o 2.\u00ba \u00e1rbitro.<br \/>\nEste jogo ser\u00e1 antecedido pela Final de femininos (16h30), disputada por duas equipas turcas, o VakifBank Istanbul, campe\u00e3 em t\u00edtulo, e Eczacibasi Dynavit Istanbul.<\/p>\n<p>Alguns dos mais recentes <em>momentos-altos<\/em> de Ricardo Ferreira a n\u00edvel internacional: Quartos-de-final da Liga dos Campe\u00f5es 2020\/21 \u2013 Femininos; Quartos-de-final da Liga dos Campe\u00f5es 2022\/23 \u2013 Femininos; Final do Campeonato da Europa 2022 de Sub-23 Masculinos; Europeu de Seniores Femininos 2019 (oitavos-de-final) e Europeu de Seniores Masculinos 2021 (fase de grupos).<\/p>\n<p style=\"text-align: center;\"><span style=\"text-decoration: underline;\"><strong>\u00c1rbitros portugueses em ac\u00e7\u00e3o<\/strong><\/span><\/p>\n<p><strong>Ricardo Ferreira<br \/>\n<\/strong>Grupa Azoty Kedzierzyn-Kozle (Pol\u00f3nia) x Jastrzebski Wegiel (Pol\u00f3nia), Final da Liga dos Campe\u00f5es 2023 \u2013 Masculinos, no dia 20 de Maio de 2023, em Turim (It\u00e1lia).<\/p>\n<p><strong>V\u00edtor Gon\u00e7alves<\/strong><br \/>\nB\u00e9lgica x B\u00f3snia-Herzegovina, da Golden League &#8211; Femininos, no dia 27 de Maio de 2023.<strong><br \/>\n<\/strong>Campeonato do Mundo de Sub-19 Masculinos, na Argentina, de 4 a 13 de Agosto de 2023.<\/p>\n<p><strong>Nuno Teixeira<\/strong><br \/>\nPortugal x Montenegro, European Silver League 2023 &#8211; Femininos, no dia 31 de Maio de 2023.<\/p>\n<p><strong>Jos\u00e9 Caramez<\/strong><br \/>\nPortugal x Ge\u00f3rgia, European Silver League 2023 &#8211; Femininos, no dia 28 de Maio de 2023.<\/p>\n<p><strong>Raquel Portela<br \/>\n<\/strong>Portugal x Turquia, European Golden League 2023 &#8211; Masculinos, no dia 31 de Maio de 2023.<br \/>\nPortugal x Ilhas Faro\u00e9, European Silver League 2023 &#8211; Femininos, no dia 11 de Junho de 2023.<br \/>\nCampeonato do Mundo de Sub-19 \u2013 Femininos.<\/p>\n<p><strong>Nuno Maia<\/strong><br \/>\nPortugal x Rom\u00e9nia, European Golden League 2023 &#8211; Masculinos, no dia 27 de Maio de 2023.<br \/>\nPool B da Fase de Qualifica\u00e7\u00e3o para o Campeonato da Europa de 2024, em Sub-22 Masculinos, a disputar entre 20 e 22 de Julho de 2023, na \u00c1ustria.<\/p>\n<p><strong>Pedro Pinto<\/strong><br \/>\nPortugal x Dinamarca, European Golden League 2023 &#8211; Masculinos, no dia 10 de Junho de 2023.<\/p>\n<p style=\"text-align: center;\"><span style=\"text-decoration: underline;\"><strong>Voleibol de Praia<\/strong><\/span><\/p>\n<p style=\"text-align: left;\"><strong>Sandra Deveza<\/strong><br \/>\nBeach Pro Tour Challenge \u2013 Jurmala (Let\u00f3nia), de 15 a 18 de Junho de 2023.<br \/>\nBeach Pro Tour Challenge \u2013 Espinho, de 13 a 16 Julho de 2023.<br \/>\nANOC World Beach Games Bali 2023, Voleibol de Praia 4 x 4, de 5 a 12 de Agosto de 2023, na Indon\u00e9sia.<br \/>\nElite 16 \u2013 Austr\u00e1lia, de 21 a 26 Novembro de 2023.<\/p>\n<p style=\"text-align: left;\"><strong>S\u00e9rgio Pereira<\/strong><br \/>\nBeach Pro Tour Challenge \u2013 Espinho, de 13 a 16 Julho de 2023.<br \/>\nPool F \u2013 Femininos da Ta\u00e7a das Na\u00e7\u00f5es, na Esc\u00f3cia, de 18 a 21 de Maio de 2023.<\/p>\n<p style=\"text-align: left;\"><strong>Maria Michelle Ferreira<\/strong><br \/>\nBeach Pro Tour Challenge \u2013 Espinho, de 13 a 16 Julho de 2023.<\/p>\n<p style=\"text-align: left;\"><strong>Patr\u00edcia Gomes<\/strong><br \/>\nBeach Pro Tour Futures Spiez (Su\u00ed\u00e7a), de 8 a 11 de Junho de 2023.<\/p>\n<p style=\"text-align: left;\"><strong>Rui Carvalho<\/strong><br \/>\nBeach Pro Tour Elite 16 \u2013 Ostrava (Ch\u00e9quia), de 31 de Maio a 4 de Junho de 2023.<br \/>\nBeach Pro Tour Challenge \u2013 Espinho, de 13 a 16 Julho de 2023.<br \/>\nBPT\u00a0Elite 16 \u2013 Hamburgo (Alemanha), de 16 a 20 de Agosto de 2023.<br \/>\nFinais BPT 2023 \u2013 Doha (Catar), de 6 a 9 de Dezembro de 2023.<\/p>\n","protected":false},"excerpt":{"rendered":"<p>\u00c9 j\u00e1 este s\u00e1bado (20 de Maio) que a cidade italiana de Turim recebe as Super Finais da Liga dos Campe\u00f5es (femininos e masculinos), que atribuem 500 mil euros aos [&hellip;]<\/p>\n","protected":false},"author":2,"featured_media":24598,"comment_status":"open","ping_status":"open","sticky":false,"template":"","format":"standard","meta":{"_monsterinsights_skip_tracking":false,"_monsterinsights_sitenote_active":false,"_monsterinsights_sitenote_note":"","_monsterinsights_sitenote_category":0,"footnotes":""},"categories":[13,8,9],"tags":[71,32],"class_list":{"0":"post-24594","1":"post","2":"type-post","3":"status-publish","4":"format-standard","5":"has-post-thumbnail","7":"category-arbitragem","8":"category-voleibol","9":"category-voleibol-de-praia","10":"tag-epoca-2022-2023","11":"tag-liga-dos-campeoes","12":"czr-hentry"},"aioseo_notices":[],"_links":{"self":[{"href":"https:\/\/fpvoleibol.pt\/fpv\/wp-json\/wp\/v2\/posts\/24594","targetHints":{"allow":["GET"]}}],"collection":[{"href":"https:\/\/fpvoleibol.pt\/fpv\/wp-json\/wp\/v2\/posts"}],"about":[{"href":"https:\/\/fpvoleibol.pt\/fpv\/wp-json\/wp\/v2\/types\/post"}],"author":[{"embeddable":true,"href":"https:\/\/fpvoleibol.pt\/fpv\/wp-json\/wp\/v2\/users\/2"}],"replies":[{"embeddable":true,"href":"https:\/\/fpvoleibol.pt\/fpv\/wp-json\/wp\/v2\/comments?post=24594"}],"version-history":[{"count":6,"href":"https:\/\/fpvoleibol.pt\/fpv\/wp-json\/wp\/v2\/posts\/24594\/revisions"}],"predecessor-version":[{"id":24602,"href":"https:\/\/fpvoleibol.pt\/fpv\/wp-json\/wp\/v2\/posts\/24594\/revisions\/24602"}],"wp:featuredmedia":[{"embeddable":true,"href":"https:\/\/fpvoleibol.pt\/fpv\/wp-json\/wp\/v2\/media\/24598"}],"wp:attachment":[{"href":"https:\/\/fpvoleibol.pt\/fpv\/wp-json\/wp\/v2\/media?parent=24594"}],"wp:term":[{"taxonomy":"category","embeddable":true,"href":"https:\/\/fpvoleibol.pt\/fpv\/wp-json\/wp\/v2\/categories?post=24594"},{"taxonomy":"post_tag","embeddable":true,"href":"https:\/\/fpvoleibol.pt\/fpv\/wp-json\/wp\/v2\/tags?post=24594"}],"curies":[{"name":"wp","href":"https:\/\/api.w.org\/{rel}","templated":true}]}}