{"id":24522,"date":"2023-05-17T15:12:14","date_gmt":"2023-05-17T15:12:14","guid":{"rendered":"https:\/\/fpvoleibol.pt\/fpv\/?p=24522"},"modified":"2023-05-25T08:50:30","modified_gmt":"2023-05-25T08:50:30","slug":"portuguesas-preparam-estreia-na-silver-league-2023","status":"publish","type":"post","link":"https:\/\/fpvoleibol.pt\/fpv\/2023\/05\/17\/portuguesas-preparam-estreia-na-silver-league-2023\/","title":{"rendered":"PORTUGUESAS PREPARAM ESTREIA NA SILVER LEAGUE 2023"},"content":{"rendered":"<p><img loading=\"lazy\" decoding=\"async\" class=\"size-full wp-image-24791 aligncenter\" src=\"https:\/\/fpvoleibol.pt\/fpv\/wp-content\/uploads\/2023\/05\/cartaz_esl_santotirso_d2.jpg\" alt=\"\" width=\"960\" height=\"1440\" srcset=\"https:\/\/fpvoleibol.pt\/fpv\/wp-content\/uploads\/2023\/05\/cartaz_esl_santotirso_d2.jpg 960w, https:\/\/fpvoleibol.pt\/fpv\/wp-content\/uploads\/2023\/05\/cartaz_esl_santotirso_d2-200x300.jpg 200w, https:\/\/fpvoleibol.pt\/fpv\/wp-content\/uploads\/2023\/05\/cartaz_esl_santotirso_d2-683x1024.jpg 683w, https:\/\/fpvoleibol.pt\/fpv\/wp-content\/uploads\/2023\/05\/cartaz_esl_santotirso_d2-768x1152.jpg 768w\" sizes=\"auto, (max-width: 960px) 100vw, 960px\" \/>A <strong>Selec\u00e7\u00e3o Nacional de Seniores Femininos<\/strong> estreia-se na <a href=\"https:\/\/fpvoleibol.pt\/silverleague2023\">European Silver League 2023<\/a> no dia 28 de Maio (<strong>17h00*<\/strong>) frente \u00e0 Ge\u00f3rgia. Tr\u00eas dias depois, a 31 de Maio (15h00), as portuguesas recebem as montenegrinas, sendo os dois jogos disputados no Pavilh\u00e3o Municipal de Santo Tirso.<\/p>\n<p>At\u00e9 l\u00e1, e desde o dia 8 de Maio, o grupo de trabalho orientado por Hugo Silva cumpre est\u00e1gio, com treinos bidi\u00e1rios, no Municipal de Santo Tirso.<\/p>\n<p>*Todos os jogos disputados\u00a0<em>em casa<\/em>\u00a0pela Selec\u00e7\u00e3o Nacional ter\u00e3o transmiss\u00e3o em directo na\u00a0<a href=\"https:\/\/www.sporttv.pt\/pesquisa\/PORTUGAL-X-GE%C3%93RGIA\/\">Sport TV<\/a>.<\/p>\n<p>&#8220;<em>No geral, os treinos t\u00eam corrido bem, com as atletas a procurarem entrar no ritmo. No entanto, na sua maioria, est\u00e1 a ser mais dif\u00edcil e at\u00e9 mesmo penoso encaixar no processo de trabalho da Selec\u00e7\u00e3o Nacional. Umas porque chegaram em m\u00e1s condi\u00e7\u00f5es e outras porque tal formato \u00e9 mesmo novidade para elas. Mas faz parte do processo e, infelizmente, j\u00e1 estamos habituados, pelo que s\u00f3 temos que redobrar o trabalho e colocar o grupo no seu melhor.<\/em><br \/>\n<em>Preferia que as minhas preocupa\u00e7\u00f5es tivessem mais a ver com o facto de como as atletas chegam ao final da \u00e9poca pelos seus clubes, mas a verdade \u00e9 que as nossas preocupa\u00e7\u00f5es prendem-se mais com o in\u00edcio da \u00e9poca na Selec\u00e7\u00e3o. Queremos com isto dizer que o volume \u00e9 parte essencial do nosso processo de minimizar as lacunas no pouco tempo que temos. Quem conhece o nosso trabalho, j\u00e1 sabe com o que contar, mas as mais novas v\u00e3o ter de aprender r\u00e1pido e de prefer\u00eancia bem, pois precisamos de todas para atingir os nossos objectivos.<\/em><br \/>\n<em>A J\u00falia [Kavalenka] foi a \u00faltima a incorporar-se [hoje] mas como ela pr\u00f3pria j\u00e1 interiorizou a nossa forma de trabalhar, prepara-se melhor para o processo e para al\u00e9m disso, estando consciente da sua preponder\u00e2ncia, prepara-se bem para as melhores respostas no dia-a-dia da Selec\u00e7\u00e3o<\/em>&#8220;, salienta Hugo Silva.<\/p>\n<p>At\u00e9 se estrear na Silver League 2023 \u2013 no dia 28 de Maio (16h00) frente \u00e0 Ge\u00f3rgia, em Santo Tirso \u2013, a Selec\u00e7\u00e3o Nacional de Seniores Femininos vai continuar a realizar a sua prepara\u00e7\u00e3o em solo portugu\u00eas.<br \/>\n&#8220;<em>Infelizmente, n\u00e3o temos tempo nem oportunidade para jogos de prepara\u00e7\u00e3o, o que vai implicar outros cuidados da nossa parte de forma a podermos entrar da melhor maneira na competi\u00e7\u00e3o. Espero \u2013 e acredito \u2013 que os t\u00e3o importantes jogos n\u00e3o venham a fazer falta no desenrolar da prova.<\/em><br \/>\n<em>Como sempre, para al\u00e9m da melhor prepara\u00e7\u00e3o da equipa, procuramos preparar todas as atletas para o futuro e contribuir dessa forma para o crescimento individual e, por consequ\u00eancia, do Voleibol feminino nacional<\/em>&#8220;, conclui o Seleccionador Nacional.<\/p>\n<p>Na <strong>European Silver League<\/strong>, as portuguesas v\u00e3o defrontar, na <span style=\"text-decoration: underline;\">Pool B<\/span>, as selec\u00e7\u00f5es de Ge\u00f3rgia, Montenegro (em Santo Tirso) e Ilhas Faro\u00e9 (em Viana do Castelo, Cidade Europeia do Desporto 2023). A Pool A ser\u00e1 formada por \u00c1ustria, Est\u00f3nia, Let\u00f3nia e Maced\u00f3nia.<\/p>\n<p style=\"text-align: center;\"><span style=\"text-decoration: underline;\"><strong><img loading=\"lazy\" decoding=\"async\" class=\"size-full wp-image-24103 aligncenter\" src=\"https:\/\/fpvoleibol.pt\/fpv\/wp-content\/uploads\/2023\/04\/ESL2022_HSeFV.jpg\" alt=\"\" width=\"960\" height=\"570\" srcset=\"https:\/\/fpvoleibol.pt\/fpv\/wp-content\/uploads\/2023\/04\/ESL2022_HSeFV.jpg 960w, https:\/\/fpvoleibol.pt\/fpv\/wp-content\/uploads\/2023\/04\/ESL2022_HSeFV-300x178.jpg 300w, https:\/\/fpvoleibol.pt\/fpv\/wp-content\/uploads\/2023\/04\/ESL2022_HSeFV-768x456.jpg 768w\" sizes=\"auto, (max-width: 960px) 100vw, 960px\" \/><\/strong><\/span>A equipa t\u00e9cnica da Selec\u00e7\u00e3o Nacional de Seniores Femininos, liderada por Hugo Silva, tem 14 jogadoras \u00e0 sua disposi\u00e7\u00e3o no est\u00e1gio de prepara\u00e7\u00e3o:<\/p>\n<p style=\"text-align: center;\"><span style=\"text-decoration: underline;\"><strong>Jogadoras no est\u00e1gio<\/strong><\/span><\/p>\n<p style=\"text-align: center;\"><strong><u>AJM\/FCP<\/u><\/strong><br \/>\nJoana Resende (Libero)<\/p>\n<p style=\"text-align: center;\"><strong><u>Cast\u00ealo da Maia GC<\/u><\/strong><br \/>\nMargarida Maia (Zona 4)<\/p>\n<p style=\"text-align: center;\"><strong><u>Clube Kair\u00f3s<\/u><\/strong><br \/>\nK\u00e1tia Oliveira (Central)<\/p>\n<p style=\"text-align: center;\"><strong><u>Dumiense FC<\/u><\/strong><br \/>\nSara Fernandes (Central)<\/p>\n<p style=\"text-align: center;\"><strong><u>GC Vilacondense<\/u><\/strong><br \/>\nAna Afonso (Zona 4)<br \/>\nMarlene Pereira (Central)<\/p>\n<p style=\"text-align: center;\"><strong><u>Leix\u00f5es SC<\/u><\/strong><br \/>\nMaria Reis Lopes (Oposta)<\/p>\n<p style=\"text-align: center;\"><strong><u>PV2014\/AV Col. Efanor<\/u><\/strong><br \/>\nIn\u00eas Pereira (Zona 4)<\/p>\n<p style=\"text-align: center;\"><strong><u>SL Benfica<\/u><\/strong><br \/>\nMarisa Pardal (Zona 4)<br \/>\nEliana Dur\u00e3o (Distribuidora)<br \/>\nMatilde Calado Rodrigues (Libero)<\/p>\n<p style=\"text-align: center;\"><strong><u>Sporting CP<\/u><\/strong><br \/>\nAmanda Cavalcanti (Central)<br \/>\nAna Carmo Figueiras (Distribuidora)<\/p>\n<p style=\"text-align: center;\"><strong><u>Anthea Vicenza Volley (ITA)<\/u><\/strong><br \/>\nJ\u00falia Kavalenka (Oposta)<\/p>\n<p style=\"text-align: center;\"><strong>Acredita\u00e7\u00e3o de jornalistas<\/strong> <a href=\"https:\/\/fpvoleibol.pt\/fpv\/competicoes\/imprensa\/\">AQUI<\/a><\/p>\n<p style=\"text-align: center;\"><span style=\"text-decoration: underline;\"><strong>Todas as informa\u00e7\u00f5es sobre a European Silver League 2023 em <a href=\"https:\/\/fpvoleibol.pt\/silverleague2023\">https:\/\/fpvoleibol.pt\/silverleague2023<\/a><\/strong><\/span><\/p>\n<p style=\"text-align: center;\"><strong><span style=\"background-color: #999999; color: #ffffff;\">Calend\u00e1rio Pool B<\/span><\/strong><\/p>\n<p style=\"text-align: center;\"><strong>Horas locais<\/strong><br \/>\n<strong>27.05.2023 \/ 18h00 \u2013 <\/strong>Ilhas Faro\u00e9 x Montenegro \u2013 Torshavn<br \/>\n<strong>28.05.2023 \/ 17h00 <\/strong>\u2013 PORTUGAL x Ge\u00f3rgia \u2013 Santo Tirso<\/p>\n<p style=\"text-align: center;\"><strong>31.05.2023 \/ 15h00 <\/strong>\u2013 PORTUGAL x Montenegro \u2013 Santo Tirso<br \/>\n<strong>31.05.2023 \/ 19h00 <\/strong>\u2013 Ilhas Faro\u00e9 x Ge\u00f3rgia \u2013 Torshavn<\/p>\n<p style=\"text-align: center;\"><strong>3.06.2023 \/ 20h00 <\/strong>\u2013 Montenegro x Ge\u00f3rgia \u2013 Podgorica<br \/>\n<strong>4.06.2023 \/ 16h00 <\/strong>\u2013 Ilhas Faro\u00e9 x PORTUGAL \u2013 Torshavn<\/p>\n<p style=\"text-align: center;\"><strong>10.06.2023 \/ 17h00 <\/strong>\u2013 Ge\u00f3rgia x Montenegro \u2013 Gori<br \/>\n<strong>11.06.2023 \/ 16h00 <\/strong>\u2013 PORTUGAL x Ilhas Faro\u00e9 \u2013 Viana do Castelo<\/p>\n<p style=\"text-align: center;\"><strong>14.06.2023 \/ 20h00 <\/strong>\u2013 Montenegro x PORTUGAL \u2013 Herceg Novi<br \/>\n<strong>14.06.2023 \/ 17h00 <\/strong>\u2013 Ge\u00f3rgia x Ilhas Faro\u00e9 \u2013 Gori<\/p>\n<p style=\"text-align: center;\"><strong>16.06.2023 \/ 20h00 <\/strong>\u2013 Montenegro x Ilhas Faro\u00e9 \u2013 Bar<br \/>\n<strong>17.06.2023 \/ 16h00 <\/strong>\u2013 Ge\u00f3rgia x PORTUGAL \u2013 Gori<\/p>\n<p>A presente edi\u00e7\u00e3o da Silver League apresenta duas pools e os <strong>vencedores e os 2.\u00bas classificados* de cada pool apuram-se para a Final Four<\/strong>, agendada para a cidade de Graz, na \u00c1ustria, nos dias 24 e 25 Junho.<br \/>\n<strong><span style=\"text-decoration: underline;\">*Se o organizador (\u00c1ustria) for 3.\u00ba ou 4.\u00ba classificado na sua pool, apuram-se os dois 1.\u00bas das pools e o melhor segundo classificado entre as duas pools<\/span><\/strong>.<br \/>\nO vencedor da final qualifica-se para a European Golden League 2024.<\/p>\n<p>Em 2022, a Su\u00e9cia ergueu o trof\u00e9u de vencedora da European Silver League e garantiu a presen\u00e7a na European Golden League 2023 ao vencer (3-0: 25-19, 25-21 e 25-16) Portugal no Idrottshallen de Lund, cidade sueca onde se disputou a final da competi\u00e7\u00e3o.<br \/>\nAs portuguesas atingiram a final com um registo de 6 vit\u00f3rias (Est\u00f3nia, Eslov\u00e9nia, Su\u00e9cia e Luxemburgo) e apenas 2 desaires (Su\u00e9cia e Eslov\u00e9nia).<br \/>\nEm 2021, a Selec\u00e7\u00e3o Nacional apurou-se para a Final Four da prova depois de vencer a Pool B de qualifica\u00e7\u00e3o \u2013 na cidade b\u00f3snia de Zenica \u2013, com cinco vit\u00f3rias e apenas um desaire: Est\u00f3nia (3-2 e 3-1), Let\u00f3nia (3-0 e 3-0) e B\u00f3snia-Herzegovina (0-3 e 3-1), tendo sido esta \u00faltima selec\u00e7\u00e3o a vencer a ESL 2021, enquanto Portugal foi 4.\u00ba classificado.<\/p>\n<p style=\"text-align: center;\"><strong>A Pool A da ESL arranca no dia 27 de Maio e prolonga-se at\u00e9 ao dia 25 de Junho. Ver mais informa\u00e7\u00f5es <a href=\"https:\/\/fpvoleibol.pt\/silverleague2023\">AQUI<\/a><\/strong><\/p>\n<p style=\"text-align: center;\">Mais informa\u00e7\u00f5es em <a href=\"http:\/\/www.cev.eu\">www.cev.eu<\/a> \/ <a href=\"http:\/\/www.fivb.com\">www.fivb.com<\/a><\/p>\n","protected":false},"excerpt":{"rendered":"<p>A Selec\u00e7\u00e3o Nacional de Seniores Femininos estreia-se na European Silver League 2023 no dia 28 de Maio (17h00*) frente \u00e0 Ge\u00f3rgia. Tr\u00eas dias depois, a 31 de Maio (15h00), as [&hellip;]<\/p>\n","protected":false},"author":2,"featured_media":24550,"comment_status":"open","ping_status":"open","sticky":false,"template":"","format":"standard","meta":{"_monsterinsights_skip_tracking":false,"_monsterinsights_sitenote_active":false,"_monsterinsights_sitenote_note":"","_monsterinsights_sitenote_category":0,"footnotes":""},"categories":[8],"tags":[71,40,83],"class_list":{"0":"post-24522","1":"post","2":"type-post","3":"status-publish","4":"format-standard","5":"has-post-thumbnail","7":"category-voleibol","8":"tag-epoca-2022-2023","9":"tag-european-silver-league","10":"tag-european-silver-league-2023","11":"czr-hentry"},"aioseo_notices":[],"_links":{"self":[{"href":"https:\/\/fpvoleibol.pt\/fpv\/wp-json\/wp\/v2\/posts\/24522","targetHints":{"allow":["GET"]}}],"collection":[{"href":"https:\/\/fpvoleibol.pt\/fpv\/wp-json\/wp\/v2\/posts"}],"about":[{"href":"https:\/\/fpvoleibol.pt\/fpv\/wp-json\/wp\/v2\/types\/post"}],"author":[{"embeddable":true,"href":"https:\/\/fpvoleibol.pt\/fpv\/wp-json\/wp\/v2\/users\/2"}],"replies":[{"embeddable":true,"href":"https:\/\/fpvoleibol.pt\/fpv\/wp-json\/wp\/v2\/comments?post=24522"}],"version-history":[{"count":19,"href":"https:\/\/fpvoleibol.pt\/fpv\/wp-json\/wp\/v2\/posts\/24522\/revisions"}],"predecessor-version":[{"id":24795,"href":"https:\/\/fpvoleibol.pt\/fpv\/wp-json\/wp\/v2\/posts\/24522\/revisions\/24795"}],"wp:featuredmedia":[{"embeddable":true,"href":"https:\/\/fpvoleibol.pt\/fpv\/wp-json\/wp\/v2\/media\/24550"}],"wp:attachment":[{"href":"https:\/\/fpvoleibol.pt\/fpv\/wp-json\/wp\/v2\/media?parent=24522"}],"wp:term":[{"taxonomy":"category","embeddable":true,"href":"https:\/\/fpvoleibol.pt\/fpv\/wp-json\/wp\/v2\/categories?post=24522"},{"taxonomy":"post_tag","embeddable":true,"href":"https:\/\/fpvoleibol.pt\/fpv\/wp-json\/wp\/v2\/tags?post=24522"}],"curies":[{"name":"wp","href":"https:\/\/api.w.org\/{rel}","templated":true}]}}