{"id":24249,"date":"2023-05-06T19:16:58","date_gmt":"2023-05-06T19:16:58","guid":{"rendered":"https:\/\/fpvoleibol.pt\/fpv\/?p=24249"},"modified":"2023-05-07T18:55:00","modified_gmt":"2023-05-07T18:55:00","slug":"sl-benfica-campeao-nacional-2","status":"publish","type":"post","link":"https:\/\/fpvoleibol.pt\/fpv\/2023\/05\/06\/sl-benfica-campeao-nacional-2\/","title":{"rendered":"SL BENFICA CAMPE\u00c3O NACIONAL"},"content":{"rendered":"<p class=\"descricaonoticia\" style=\"text-align: center;\" align=\"justify\"><a href=\"https:\/\/www.facebook.com\/SportLisboaBenficaModalidades\"><span style=\"font-size: 8pt;\"><strong><img loading=\"lazy\" decoding=\"async\" class=\"size-full wp-image-24259 aligncenter\" src=\"https:\/\/fpvoleibol.pt\/fpv\/wp-content\/uploads\/2023\/05\/slb_modalidades_campeao.jpg\" alt=\"\" width=\"960\" height=\"503\" srcset=\"https:\/\/fpvoleibol.pt\/fpv\/wp-content\/uploads\/2023\/05\/slb_modalidades_campeao.jpg 960w, https:\/\/fpvoleibol.pt\/fpv\/wp-content\/uploads\/2023\/05\/slb_modalidades_campeao-300x157.jpg 300w, https:\/\/fpvoleibol.pt\/fpv\/wp-content\/uploads\/2023\/05\/slb_modalidades_campeao-768x402.jpg 768w\" sizes=\"auto, (max-width: 960px) 100vw, 960px\" \/>Foto: SLB modalidades<\/strong><\/span><\/a><\/p>\n<p class=\"descricaonoticia\" style=\"text-align: left;\" align=\"justify\">O <strong>Sport Lisboa e Benfica<\/strong> sagrou-se campe\u00e3o nacional de seniores masculinos pela <a href=\"https:\/\/fpvoleibol.pt\/fpv\/menu-voleibol\/historico-campeoes-nacionais\/\">11.\u00aa vez<\/a> \u2013 quarta consecutiva* \u2013 ao vencer, hoje, na Luz,\u00a0a Associa\u00e7\u00e3o de Jovens da Fonte do Bastardo por <a href=\"https:\/\/fpv-web.dataproject.com\/MatchStatistics.aspx?mID=7756&amp;ID=72&amp;CID=234&amp;PID=106&amp;type=LegList\">3-0 (25-18, 25-16 e 26-24)<\/a> no quinto e \u00faltimo jogo do Play-off do t\u00edtulo da <a href=\"https:\/\/fpvoleibol.pt\/fpv\/wp-content\/uploads\/2021\/09\/reg_esc_seniores_Ligas.pdf\">Elite<\/a> \u2013 <a href=\"https:\/\/fpvoleibol.pt\/fpv\/wp-content\/uploads\/2021\/09\/reg_esc_seniores_Ligas.pdf\">3.\u00aa Fase<\/a> da <a href=\"https:\/\/fpv-web.dataproject.com\/MatchStatistics.aspx?mID=7756&amp;ID=72&amp;CID=234&amp;PID=106&amp;type=LegList\">Liga Una Seguros<\/a>.<\/p>\n<p align=\"justify\"><strong>Andr\u00e9 Aleixo<\/strong> (Japa), do SL Benfica, e <strong>Edson Gonzalez<\/strong>, da AJF Bastardo, foram os melhores pontuadores do jogo ao contabilizarem, respectivamente, 16 e 11 pontos. Ver estat\u00edstica <a href=\"https:\/\/fpv-web.dataproject.com\/MatchStatistics.aspx?mID=7756&amp;ID=72&amp;CID=234&amp;PID=106&amp;type=LegList\">AQUI<\/a><\/p>\n<p class=\"descricaonoticia\" style=\"text-align: left;\" align=\"justify\">As<em> \u00e1guias<\/em> conquistaram assim a <em>dobradinha<\/em>, depois de terem erguido o seu 20.\u00ba trof\u00e9u da Ta\u00e7a de Portugal ao superarem (3-0), na final da Ta\u00e7a Placard, a AJ Fonte do Bastardo, no Centro Cultural de Viana do Castelo.<\/p>\n<p align=\"justify\">Na hora de festejar, uma \u00abtristeza\u00bb: a despedida dos campos protagonizada por Andr\u00e9 Lopes.<br \/>\nO Zona 4 fez este s\u00e1bado o seu \u00faltimo jogo como atleta profissional de Voleibol, ap\u00f3s 24 anos de carreira, 13 deles dedicados ao SL Benfica.<br \/>\nPela Selec\u00e7\u00e3o Nacional, o ex-internacional portugu\u00eas venceu a Liga Europeia 2010 e foi duas vezes o Melhor na Recep\u00e7\u00e3o da European Golden League, o Melhor no Servi\u00e7o da Golden League, o Melhor na Recep\u00e7\u00e3o na Challenge Cup e na Liga Francesa.<br \/>\nNa sua carreira, foi 7 vezes campe\u00e3o nacional, ergueu a Ta\u00e7a de Portugal por 9 vezes e a Superta\u00e7a em 7 ocasi\u00f5es.<\/p>\n<p align=\"justify\">A AJF Bastardo, que foi campe\u00e3 nacional em 2010\/2011 e 2015\/2016, ergueu a sua primeira Superta\u00e7a ao vencer, no dia 1 de Outubro de 2022, o SL Benfica no Pavilh\u00e3o Municipal de Santo Tirso.<\/p>\n<p style=\"text-align: center;\"><span style=\"background-color: #000000; color: #ffffff;\">Liga Una Seguros 2022\/2023<\/span><\/p>\n<p style=\"text-align: center;\"><strong>\u00a0<\/strong><strong>3.\u00aa FASE \u2013 DIVIS\u00c3O ELITE \u2013 Apuramento do Campe\u00e3o<br \/>\n<\/strong><strong>Play-Off #3 (Vencedor #1 \/ Vencedor #2)<\/strong><strong>\u00a0<\/strong><\/p>\n<table style=\"width: 97.5118%;\" width=\"0\">\n<tbody>\n<tr>\n<td style=\"width: 11.6314%;\" width=\"73\">n.\u00ba 2839<\/td>\n<td style=\"width: 28.5498%;\" width=\"184\"><strong>AJF Bastardo<\/strong> x SL Benfica<\/td>\n<td style=\"width: 13.7462%;\" width=\"86\">16.04.2023<\/td>\n<td style=\"width: 9.81873%;\" width=\"61\"><strong>3-2<\/strong><\/td>\n<td style=\"width: 134.814%;\" width=\"220\">Comp. Desp. Vitorino Nem\u00e9sio<\/td>\n<\/tr>\n<tr>\n<td style=\"width: 11.6314%;\" width=\"73\">n.\u00ba 2840<\/td>\n<td style=\"width: 28.5498%;\" width=\"184\"><strong>SL Benfica<\/strong> x AJF Bastardo<\/td>\n<td style=\"width: 13.7462%;\" width=\"86\">22.04.2023<\/td>\n<td style=\"width: 9.81873%;\" width=\"61\"><strong>3-2<\/strong><\/td>\n<td style=\"width: 134.814%;\" width=\"220\">Pav. N.\u00ba 2 \u2013 Est\u00e1dio SLB<\/td>\n<\/tr>\n<tr>\n<td style=\"width: 11.6314%;\" width=\"73\">n.\u00ba 2841<\/td>\n<td style=\"width: 28.5498%;\" width=\"184\"><strong>SL Benfica<\/strong> x AJF Bastardo<\/td>\n<td style=\"width: 13.7462%;\" width=\"86\">29.04.2023<\/td>\n<td style=\"width: 9.81873%;\" width=\"61\"><strong>3-0<\/strong><\/td>\n<td style=\"width: 134.814%;\" width=\"220\">Pav. N\u00ba 2 \u2013 Est\u00e1dio SLB<\/td>\n<\/tr>\n<tr>\n<td style=\"width: 11.6314%;\" width=\"73\">n.\u00ba\u00a0 2842<\/td>\n<td style=\"width: 28.5498%;\" width=\"184\"><strong>AJF Bastardo<\/strong> x SL Benfica<\/td>\n<td style=\"width: 13.7462%;\" width=\"86\">03.05.2023<\/td>\n<td style=\"width: 9.81873%;\" width=\"61\"><strong>3-2<\/strong><\/td>\n<td style=\"width: 134.814%;\" width=\"220\">Comp. Desp. Vitorino Nem\u00e9sio<\/td>\n<\/tr>\n<tr>\n<td style=\"width: 11.6314%;\" width=\"73\">n.\u00ba 2843<\/td>\n<td style=\"width: 28.5498%;\" width=\"184\">\u00a0<strong>SL Benfica<\/strong> x AJF Bastardo<\/td>\n<td style=\"width: 13.7462%;\" width=\"86\">06.05.2023<\/td>\n<td style=\"width: 9.81873%;\" width=\"61\"><strong>3-0<\/strong><\/td>\n<td style=\"width: 134.814%;\" width=\"220\">Pav. N.\u00ba 2 \u2013 Est\u00e1dio SLB<\/td>\n<\/tr>\n<\/tbody>\n<\/table>\n<p style=\"text-align: center;\"><strong>3.\u00aa FASE \u2013 VENCEDOR TA\u00c7A FEDERA\u00c7\u00c3O<br \/>\n<\/strong><strong>Play-Off #11 (Vencedor #9 \/ Vencedor #10)<\/strong><strong>\u00a0<\/strong><\/p>\n<table style=\"width: 97.2119%;\" width=\"0\">\n<tbody>\n<tr>\n<td style=\"width: 10.8025%;\" width=\"66\">n.\u00ba 2876<\/td>\n<td style=\"width: 27.8213%;\" width=\"170\"><strong>Esmoriz GC<\/strong> x Sporting CP<\/td>\n<td style=\"width: 14.005%;\" width=\"94\">29.04.2023<\/td>\n<td style=\"width: 10.1593%;\" width=\"57\"><strong>3-1<\/strong><\/td>\n<td style=\"width: 145.371%;\" width=\"227\">Pav. do Esmoriz GC<\/td>\n<\/tr>\n<tr>\n<td style=\"width: 10.8025%;\" width=\"66\">n.\u00ba 2877<\/td>\n<td style=\"width: 27.8213%;\" width=\"170\">Sporting CP x Esmoriz GC<\/td>\n<td style=\"width: 14.005%;\" width=\"94\">06.05.2023<\/td>\n<td style=\"width: 10.1593%;\" width=\"57\">21h30<\/td>\n<td style=\"width: 145.371%;\" width=\"227\">Pav. Jo\u00e3o Rocha &#8211; Lisboa<\/td>\n<\/tr>\n<tr>\n<td style=\"width: 10.8025%;\" width=\"66\"><strong>\u00a0<\/strong><\/td>\n<td style=\"width: 27.8213%;\" colspan=\"4\" width=\"170\"><strong>Se necess\u00e1rio<\/strong><\/td>\n<\/tr>\n<tr>\n<td style=\"width: 10.8025%;\" width=\"66\">n.\u00ba 2878<\/td>\n<td style=\"width: 27.8213%;\" width=\"170\">Sporting CP x Esmoriz GC<\/td>\n<td style=\"width: 14.005%;\" width=\"94\">07.05.2023<\/td>\n<td style=\"width: 10.1593%;\" width=\"57\">16h00<\/td>\n<td style=\"width: 145.371%;\" width=\"227\">Pav. Pav. Jo\u00e3o Rocha &#8211; Lisboa<\/td>\n<\/tr>\n<\/tbody>\n<\/table>\n<p style=\"text-align: center;\"><strong><br \/>\n<img loading=\"lazy\" decoding=\"async\" class=\"size-full wp-image-24255 aligncenter\" src=\"https:\/\/fpvoleibol.pt\/fpv\/wp-content\/uploads\/2023\/05\/slbxajfb_fair_d.jpg\" alt=\"\" width=\"960\" height=\"768\" srcset=\"https:\/\/fpvoleibol.pt\/fpv\/wp-content\/uploads\/2023\/05\/slbxajfb_fair_d.jpg 960w, https:\/\/fpvoleibol.pt\/fpv\/wp-content\/uploads\/2023\/05\/slbxajfb_fair_d-300x240.jpg 300w, https:\/\/fpvoleibol.pt\/fpv\/wp-content\/uploads\/2023\/05\/slbxajfb_fair_d-768x614.jpg 768w\" sizes=\"auto, (max-width: 960px) 100vw, 960px\" \/>3.\u00aa FASE \u2013 TA\u00c7A FEDERA\u00c7\u00c3O<br \/>\n<\/strong><strong>Play-Off #11 (Vencedor #9 \/ Vencedor #10)<\/strong><strong>\u00a0<\/strong><\/p>\n<p style=\"text-align: center;\"><span style=\"text-decoration: underline;\"><strong>Play-Off de Manuten\u00e7\u00e3o \/ Subida \u00e0 I Divis\u00e3o de Seniores Masculinos*<\/strong><strong>\u00a0<\/strong><\/span><\/p>\n<table style=\"width: 97.5733%;\" width=\"0\">\n<tbody>\n<tr>\n<td style=\"width: 11.8827%;\" width=\"73\">n.\u00ba 2847<\/td>\n<td style=\"width: 26.5145%;\" width=\"163\">CA Madalena x <strong>VC Viana\/Casa Peixoto<\/strong><\/td>\n<td style=\"width: 14.3806%;\" width=\"94\">22.04.2023<\/td>\n<td style=\"width: 9.41358%;\" width=\"57\"><strong>1-3<\/strong><\/td>\n<td style=\"width: 143.21%;\" width=\"227\">Pav. Mun. Atl\u00e2ntico Madalena<\/td>\n<\/tr>\n<tr>\n<td style=\"width: 11.8827%;\" width=\"73\">n.\u00ba 2848<\/td>\n<td style=\"width: 26.5145%;\" width=\"163\"><strong>VC Viana\/Casa Peixoto<\/strong> x CA Madalena<\/td>\n<td style=\"width: 14.3806%;\" width=\"94\">29.04.2023<\/td>\n<td style=\"width: 9.41358%;\" width=\"57\">3-0<\/td>\n<td style=\"width: 143.21%;\" width=\"227\">Pav. Mun. Santa Maria Maior<\/td>\n<\/tr>\n<\/tbody>\n<\/table>\n<p style=\"text-align: center;\">Toda a informa\u00e7\u00e3o em<strong>\u00a0<a href=\"https:\/\/fpv-web.dataproject.com\/MainHome.aspx\">https:\/\/fpv-web.dataproject.com\/MainHome.aspx<\/a><\/strong><\/p>\n<p style=\"text-align: center;\">A lista dos \u00e1rbitros nomeados (actualizada \u00e0 quinta-feira) pode ser consultada em<strong>\u00a0<a href=\"https:\/\/fpvoleibol.pt\/fpv\/arbitragem\/nomeacoes\">https:\/\/fpvoleibol.pt\/fpv\/arbitragem\/nomeacoes<\/a><\/strong><\/p>\n<p style=\"text-align: center;\"><span style=\"font-size: 10pt;\"><strong>*A data e\/ou o hor\u00e1rio dos jogos poder\u00e3o sofrer altera\u00e7\u00f5es.<\/strong><\/span><\/p>\n<p style=\"text-align: center;\">Ver Calend\u00e1rios de Jogos em<br \/>\n<a href=\"https:\/\/www.portugalvoleibol.com\/classificacao\/\"><strong>https:\/\/www.portugalvoleibol.com\/classificacao\/<\/strong><\/a><\/p>\n","protected":false},"excerpt":{"rendered":"<p>Foto: SLB modalidades O Sport Lisboa e Benfica sagrou-se campe\u00e3o nacional de seniores masculinos pela 11.\u00aa vez \u2013 quarta consecutiva* \u2013 ao vencer, hoje, na Luz,\u00a0a Associa\u00e7\u00e3o de Jovens da [&hellip;]<\/p>\n","protected":false},"author":2,"featured_media":24257,"comment_status":"open","ping_status":"open","sticky":false,"template":"","format":"standard","meta":{"_monsterinsights_skip_tracking":false,"_monsterinsights_sitenote_active":false,"_monsterinsights_sitenote_note":"","_monsterinsights_sitenote_category":0,"footnotes":""},"categories":[13,20,8],"tags":[71,46],"class_list":{"0":"post-24249","1":"post","2":"type-post","3":"status-publish","4":"format-standard","5":"has-post-thumbnail","7":"category-arbitragem","8":"category-destaque","9":"category-voleibol","10":"tag-epoca-2022-2023","11":"tag-liga-una-seguros","12":"czr-hentry"},"aioseo_notices":[],"_links":{"self":[{"href":"https:\/\/fpvoleibol.pt\/fpv\/wp-json\/wp\/v2\/posts\/24249","targetHints":{"allow":["GET"]}}],"collection":[{"href":"https:\/\/fpvoleibol.pt\/fpv\/wp-json\/wp\/v2\/posts"}],"about":[{"href":"https:\/\/fpvoleibol.pt\/fpv\/wp-json\/wp\/v2\/types\/post"}],"author":[{"embeddable":true,"href":"https:\/\/fpvoleibol.pt\/fpv\/wp-json\/wp\/v2\/users\/2"}],"replies":[{"embeddable":true,"href":"https:\/\/fpvoleibol.pt\/fpv\/wp-json\/wp\/v2\/comments?post=24249"}],"version-history":[{"count":9,"href":"https:\/\/fpvoleibol.pt\/fpv\/wp-json\/wp\/v2\/posts\/24249\/revisions"}],"predecessor-version":[{"id":24270,"href":"https:\/\/fpvoleibol.pt\/fpv\/wp-json\/wp\/v2\/posts\/24249\/revisions\/24270"}],"wp:featuredmedia":[{"embeddable":true,"href":"https:\/\/fpvoleibol.pt\/fpv\/wp-json\/wp\/v2\/media\/24257"}],"wp:attachment":[{"href":"https:\/\/fpvoleibol.pt\/fpv\/wp-json\/wp\/v2\/media?parent=24249"}],"wp:term":[{"taxonomy":"category","embeddable":true,"href":"https:\/\/fpvoleibol.pt\/fpv\/wp-json\/wp\/v2\/categories?post=24249"},{"taxonomy":"post_tag","embeddable":true,"href":"https:\/\/fpvoleibol.pt\/fpv\/wp-json\/wp\/v2\/tags?post=24249"}],"curies":[{"name":"wp","href":"https:\/\/api.w.org\/{rel}","templated":true}]}}