{"id":24223,"date":"2023-05-06T09:00:01","date_gmt":"2023-05-06T09:00:01","guid":{"rendered":"https:\/\/fpvoleibol.pt\/fpv\/?p=24223"},"modified":"2023-05-05T20:35:39","modified_gmt":"2023-05-05T20:35:39","slug":"nao-seja-bully-de-bancada","status":"publish","type":"post","link":"https:\/\/fpvoleibol.pt\/fpv\/2023\/05\/06\/nao-seja-bully-de-bancada\/","title":{"rendered":"N\u00c3O SEJA BULLY DE BANCADA"},"content":{"rendered":"<p><img loading=\"lazy\" decoding=\"async\" class=\"size-full wp-image-24243 aligncenter\" src=\"https:\/\/fpvoleibol.pt\/fpv\/wp-content\/uploads\/2023\/05\/bullynao_d4.jpg\" alt=\"\" width=\"960\" height=\"1264\" srcset=\"https:\/\/fpvoleibol.pt\/fpv\/wp-content\/uploads\/2023\/05\/bullynao_d4.jpg 960w, https:\/\/fpvoleibol.pt\/fpv\/wp-content\/uploads\/2023\/05\/bullynao_d4-228x300.jpg 228w, https:\/\/fpvoleibol.pt\/fpv\/wp-content\/uploads\/2023\/05\/bullynao_d4-778x1024.jpg 778w, https:\/\/fpvoleibol.pt\/fpv\/wp-content\/uploads\/2023\/05\/bullynao_d4-768x1011.jpg 768w\" sizes=\"auto, (max-width: 960px) 100vw, 960px\" \/>O Instituto Portugu\u00eas do Desporto e Juventude lan\u00e7a este s\u00e1bado, dia 6 de maio, a campanha nacional <strong>#N\u00e3oSejaBullydeBancada<\/strong>.<\/p>\n<p>A campanha foi desenvolvida em parceria e conta com o apoio das federa\u00e7\u00f5es portuguesas de Andebol, Basquetebol, Futebol, Patinagem e Voleibol e pretende contribuir para a erradica\u00e7\u00e3o de comportamentos pouco \u00e9ticos e violentos dos pais e encarregados de educa\u00e7\u00e3o no desporto de forma\u00e7\u00e3o.<\/p>\n<p>Em v\u00e1rios jogos das cinco modalidades parceiras, haver\u00e1 momentos espec\u00edficos de sensibiliza\u00e7\u00e3o dos espectadores para o tema, para al\u00e9m da dissemina\u00e7\u00e3o da mensagem atrav\u00e9s das redes sociais e publicidade est\u00e1tica em m\u00faltiplas plataformas em todo o territ\u00f3rio nacional.<\/p>\n<p>Tendo as crian\u00e7as uma forte tend\u00eancia para imitar os comportamentos dos adultos que lhes servem de refer\u00eancia, cabe precisamente a estes \u00faltimos quebrar um potencial ciclo de perpetua\u00e7\u00e3o adotando atitudes consideradas como bons exemplos.<\/p>\n<p>O desporto tem de ser fonte de respeito por todos os intervenientes, de \u00e9tica, fair-play e a campanha <strong>#N\u00e3oSejaBullydeBancada<\/strong> pretende alertar para que a solu\u00e7\u00e3o tem de come\u00e7ar nas camadas jovens, cujo contexto formador amplia a necessidade de se trabalhar para um ambiente mais saud\u00e1vel.<\/p>\n<p>O secret\u00e1rio de Estado da Juventude e do Desporto, Jo\u00e3o Paulo Correia, sublinha a import\u00e2ncia de uma campanha destas. \u201c<em>Sabemos que n\u00e3o h\u00e1 legisla\u00e7\u00e3o perfeita que possa acabar com discursos de \u00f3dio. Mas \u00e9 poss\u00edvel mudar, com o compromisso de todos, clubes, atletas e sobretudo os adeptos, e entre estes os pais que acompanham os seus filhos nas diferentes modalidades<\/em>.\u201d<\/p>\n<p>Pode aceder aos recursos gr\u00e1ficos da campanha, incluindo o v\u00eddeo promocional aqui: <\/p>\n<p><img loading=\"lazy\" decoding=\"async\" class=\"size-full wp-image-24224 aligncenter\" src=\"https:\/\/fpvoleibol.pt\/fpv\/wp-content\/uploads\/2023\/05\/bullynao_dd.jpg\" alt=\"\" width=\"960\" height=\"320\" srcset=\"https:\/\/fpvoleibol.pt\/fpv\/wp-content\/uploads\/2023\/05\/bullynao_dd.jpg 960w, https:\/\/fpvoleibol.pt\/fpv\/wp-content\/uploads\/2023\/05\/bullynao_dd-300x100.jpg 300w, https:\/\/fpvoleibol.pt\/fpv\/wp-content\/uploads\/2023\/05\/bullynao_dd-768x256.jpg 768w\" sizes=\"auto, (max-width: 960px) 100vw, 960px\" \/><\/p>\n","protected":false},"excerpt":{"rendered":"<p>O Instituto Portugu\u00eas do Desporto e Juventude lan\u00e7a este s\u00e1bado, dia 6 de maio, a campanha nacional #N\u00e3oSejaBullydeBancada. A campanha foi desenvolvida em parceria e conta com o apoio das [&hellip;]<\/p>\n","protected":false},"author":2,"featured_media":24244,"comment_status":"open","ping_status":"open","sticky":false,"template":"","format":"standard","meta":{"_monsterinsights_skip_tracking":false,"_monsterinsights_sitenote_active":false,"_monsterinsights_sitenote_note":"","_monsterinsights_sitenote_category":0,"footnotes":""},"categories":[20,11,14,8],"tags":[],"class_list":{"0":"post-24223","1":"post","2":"type-post","3":"status-publish","4":"format-standard","5":"has-post-thumbnail","7":"category-destaque","8":"category-formacao","9":"category-institucional","10":"category-voleibol","11":"czr-hentry"},"aioseo_notices":[],"_links":{"self":[{"href":"https:\/\/fpvoleibol.pt\/fpv\/wp-json\/wp\/v2\/posts\/24223","targetHints":{"allow":["GET"]}}],"collection":[{"href":"https:\/\/fpvoleibol.pt\/fpv\/wp-json\/wp\/v2\/posts"}],"about":[{"href":"https:\/\/fpvoleibol.pt\/fpv\/wp-json\/wp\/v2\/types\/post"}],"author":[{"embeddable":true,"href":"https:\/\/fpvoleibol.pt\/fpv\/wp-json\/wp\/v2\/users\/2"}],"replies":[{"embeddable":true,"href":"https:\/\/fpvoleibol.pt\/fpv\/wp-json\/wp\/v2\/comments?post=24223"}],"version-history":[{"count":4,"href":"https:\/\/fpvoleibol.pt\/fpv\/wp-json\/wp\/v2\/posts\/24223\/revisions"}],"predecessor-version":[{"id":24247,"href":"https:\/\/fpvoleibol.pt\/fpv\/wp-json\/wp\/v2\/posts\/24223\/revisions\/24247"}],"wp:featuredmedia":[{"embeddable":true,"href":"https:\/\/fpvoleibol.pt\/fpv\/wp-json\/wp\/v2\/media\/24244"}],"wp:attachment":[{"href":"https:\/\/fpvoleibol.pt\/fpv\/wp-json\/wp\/v2\/media?parent=24223"}],"wp:term":[{"taxonomy":"category","embeddable":true,"href":"https:\/\/fpvoleibol.pt\/fpv\/wp-json\/wp\/v2\/categories?post=24223"},{"taxonomy":"post_tag","embeddable":true,"href":"https:\/\/fpvoleibol.pt\/fpv\/wp-json\/wp\/v2\/tags?post=24223"}],"curies":[{"name":"wp","href":"https:\/\/api.w.org\/{rel}","templated":true}]}}