{"id":2400,"date":"2020-11-12T17:52:49","date_gmt":"2020-11-12T16:52:49","guid":{"rendered":"https:\/\/fpvoleibol.pt\/fpv\/?p=2400"},"modified":"2020-11-13T22:27:02","modified_gmt":"2020-11-13T21:27:02","slug":"campeonatos-nacionais-da-i-divisao","status":"publish","type":"post","link":"https:\/\/fpvoleibol.pt\/fpv\/2020\/11\/12\/campeonatos-nacionais-da-i-divisao\/","title":{"rendered":"CAMPEONATOS NACIONAIS DA I DIVIS\u00c3O"},"content":{"rendered":"<p><img loading=\"lazy\" decoding=\"async\" class=\"alignnone size-large wp-image-2197\" src=\"https:\/\/fpvoleibol.pt\/fpv\/wp-content\/uploads\/2020\/11\/slider_queremos_ajudar-1024x438.jpg\" alt=\"\" width=\"1024\" height=\"438\" srcset=\"https:\/\/fpvoleibol.pt\/fpv\/wp-content\/uploads\/2020\/11\/slider_queremos_ajudar-1024x438.jpg 1024w, https:\/\/fpvoleibol.pt\/fpv\/wp-content\/uploads\/2020\/11\/slider_queremos_ajudar-300x128.jpg 300w, https:\/\/fpvoleibol.pt\/fpv\/wp-content\/uploads\/2020\/11\/slider_queremos_ajudar-768x328.jpg 768w, https:\/\/fpvoleibol.pt\/fpv\/wp-content\/uploads\/2020\/11\/slider_queremos_ajudar.jpg 1170w\" sizes=\"auto, (max-width: 1024px) 100vw, 1024px\" \/><\/p>\n<p>Realiza-se este fim-de-semana a 13.\u00aa jornada do Campeonato Nacional da I Divis\u00e3o de Seniores Masculinos, que se inicia amanh\u00e3, com o Cast\u00ealo da Maia GC x Esmoriz GC, transmitido em directo (20h30) na <a href=\"https:\/\/youtu.be\/IdsHVpaF44Q\">Volei TV<\/a>, e se prolonga pela pr\u00f3xima segunda-feira, com o SL Benfica x AJF Bastardo (Benfica TV).<\/p>\n<p>No Campeonato Nacional da I Divis\u00e3o de Seniores Femininos ser\u00e3o disputadas a 10.\u00aa e a 11.\u00aa jornadas, com destaque para os jogos \u00a0AVC Famalic\u00e3o x AJM\/FC Porto e PV21014\/Academia de Voleibol Col\u00e9gio Efanor x Leix\u00f5es SC.<\/p>\n<p style=\"text-align: center;\"><span style=\"text-decoration: underline;\"><strong>Jogos da I Divis\u00e3o*<\/strong><\/span><\/p>\n<p><span style=\"text-decoration: underline;\"><strong>Masculinos:<\/strong><\/span><\/p>\n<p><strong>13.\u00aa Jornada<\/strong><br \/>\n<strong>13.11.2020<\/strong><br \/>\n<strong>20h30<\/strong> \u2013 Cast\u00ealo da Maia GC x Esmoriz GC, no Pav. C. Maia GC \u2013 em directo na <a href=\"https:\/\/youtu.be\/IdsHVpaF44Q\">Volei TV<\/a><br \/>\n<strong>14.11.2020<\/strong><br \/>\n<strong>11h00<\/strong> \u2013 Gin\u00e1stica x Vit\u00f3ria SC, no Comp. Desp. CN Gin\u00e1stica<br \/>\n<strong>11h00<\/strong> \u2013 SC Caldas x AA S. Mamede, no Pav. Rainha D.\u00aa Leonor<br \/>\n<strong>16.11.2020<\/strong><br \/>\n<strong>12h00<\/strong> \u2013 SL Benfica x AJF Bastardo, no Pav. N.\u00ba 2 do Est\u00e1dio da Luz \u2013 na Benfica TV<br \/>\n<strong>5.12.2020<\/strong><br \/>\n<strong>14h00 locais<\/strong> \u2013 Clube Kair\u00f3s x Ala Nun\u2019\u00c1lvares de Gondomar, no Comp. Desp. Laranjeiras<br \/>\n<span style=\"text-decoration: underline;\"><strong>Adiado para data e hora a definir<\/strong><\/span><br \/>\nVC Viana\/Casa Peixoto x Sporting CP<\/p>\n<p><strong>Todas as informa\u00e7\u00f5es sobre os Campeonatos Nacionais<\/strong> em <a href=\"https:\/\/fpv-web.dataproject.com\/MainHome.aspx\">https:\/\/fpv-web.dataproject.com\/MainHome.aspx<\/a><\/p>\n<p style=\"text-align: center;\"><span style=\"text-decoration: underline;\"><strong>Jogos reagendados da I Divis\u00e3o \u2013 masculinos*<br \/>\n(em actualiza\u00e7\u00e3o)<\/strong><\/span><\/p>\n<p><strong>1.\u00aa Jornada<\/strong><br \/>\n<strong>15.11.2020<\/strong><br \/>\n<strong>11h30<\/strong> \u2013 Sporting CP x Cast\u00ealo da Maia GC, no Pav. Jo\u00e3o Rocha \u2013 na Sporting TV<\/p>\n<p><strong>9.\u00aa Jornada<\/strong><br \/>\n<strong>6.12.2020<\/strong><br \/>\n<strong>14h00 locais<\/strong> \u2013 Clube Kair\u00f3s x SC Espinho, no Comp. Desp. Laranjeiras<\/p>\n<p><strong>12.\u00aa Jornada<\/strong><br \/>\n<strong>15.11.2020<\/strong><br \/>\n<strong>11h00<\/strong> \u2013 SC Caldas x SC Espinho, no Pav. Rainha D.\u00aa. Leonor<\/p>\n<p><strong>14.\u00aa Jornada (Ver <a href=\"https:\/\/fpvoleibol.pt\/fpv\/wp-content\/uploads\/2020\/11\/I-Div.Masc_Jogos_21_22novem.pdf\">novos hor\u00e1rios aqui<\/a>)<\/strong><br \/>\n<span style=\"text-decoration: underline;\"><strong>Adiado para data e hora a definir<\/strong><\/span><br \/>\nVC Viana\/Casa Peixoto x SC Espinho<\/p>\n<p><strong>15.\u00aa Jornada (Ver <a href=\"https:\/\/fpvoleibol.pt\/fpv\/wp-content\/uploads\/2020\/11\/I-Div.Masc_Jogos_21_22novem.pdf\">novos hor\u00e1rios aqui<\/a>)<\/strong><br \/>\n<span style=\"text-decoration: underline;\"><strong>Adiado para data e hora a definir<\/strong><\/span><br \/>\nAA S. Mamede x VC Viana\/Casa Peixoto<\/p>\n<p>A 10.\u00aa e a 11.\u00aa Jornadas est\u00e3o agendadas respectivamente para os dias 28 e 29 de Novembro de 2020*.<\/p>\n<p class=\"descricaonoticia\" align=\"justify\">A lista dos\u00a0<strong>\u00e1rbitros nomeados<\/strong>\u00a0pode ser consultada\u00a0<a href=\"https:\/\/www.fpvoleibol.pt\/fpv\/arbitragem\/nomeacoes\/\" target=\"_blank\" rel=\"noopener noreferrer\">aqui\u00a0<\/a>(actualizada \u00e0 quinta-feira)<\/p>\n<p class=\"descricaonoticia\" align=\"justify\"><strong>*<\/strong> O hor\u00e1rio dos jogos poder\u00e1 sofrer altera\u00e7\u00f5es. Ver Calend\u00e1rios de Jogos em<br \/>\n<a href=\"https:\/\/www.portugalvoleibol.com\/classificacao\/\" target=\"_blank\" rel=\"noopener noreferrer\">https:\/\/www.portugalvoleibol.com\/classificacao\/<\/a><\/p>\n<p><span style=\"text-decoration: underline;\"><strong>Femininos:<\/strong><\/span><\/p>\n<p><strong>10.\u00aa Jornada<\/strong><br \/>\n<strong>14.11.2020<\/strong><br \/>\n<strong>10h30<\/strong> \u2013 AVC Famalic\u00e3o x AJM\/FC Porto, no Pav. Mun. Lameiras<br \/>\n<strong>N\u00e3o se realiza<\/strong> \u2013 SC Braga\/U. Minho x CF Belenenses, no Pav. Esc. EB2,3 de Gualtar<br \/>\n<strong>11h00<\/strong> \u2013 Boavista FC x Vit\u00f3ria SC, no Pav. Esc. EB2 Irene Lisboa<br \/>\n<strong>11h00<\/strong> \u2013 PV21014\/Academia de Voleibol Col\u00e9gio Efanor x Leix\u00f5es SC, no Pav. Col\u00e9gio Efanor<br \/>\n<strong>11h00<\/strong> \u2013 GC Vilacondense x Clube Kair\u00f3s, no Parque Jogos Vila Conde<\/p>\n<p><span style=\"text-decoration: underline;\"><strong>Adiado para data e hora a definir<\/strong><\/span><br \/>\nSporting CP x SL Benfica<br \/>\n<strong>#<\/strong>Cast\u00ealo da Maia GC x CD Aves\/Termolan<\/p>\n<p><strong>11.\u00aa Jornada<\/strong><br \/>\n<strong>15.11.2020<\/strong><br \/>\n<strong>10h30<\/strong> \u2013 AVC Famalic\u00e3o x CF \u00abOs Belenenses\u00bb, no Pav. Mun. Lameiras<br \/>\n<strong>11h00<\/strong> \u2013 AJM\/FC Porto x Leix\u00f5es SC, no Centro Luso Venezolano<br \/>\n<strong>9h00<\/strong> \u2013 Sporting CP x Clube Kair\u00f3s, no Pav. Jo\u00e3o Rocha<br \/>\n<strong>11h00<\/strong> \u2013 GC Vilacondense x PV21014\/Academia de Voleibol Col\u00e9gio Efanor, no Parque Jogos Vila Conde<br \/>\n<strong>16.11.2020<\/strong><br \/>\n<strong>20h30<\/strong> \u2013 Boavista FC x Cast\u00ealo da Maia GC, no Pav. Esc. EB2 Irene Lisboa<br \/>\n<span style=\"text-decoration: underline;\"><strong>Adiado para data e hora a definir<\/strong><\/span><br \/>\nSL Benfica x Vit\u00f3ria SC<br \/>\n<strong>#<\/strong>CD Aves\/Termolan x SC Braga\/U. Minho<\/p>\n<p>#Adiado no dia 13 de Novembro de 2020<\/p>\n<p><span style=\"text-decoration: underline;\"><strong>12.\u00aa Jornada<\/strong><\/span> <strong> (Ver <a href=\"https:\/\/fpvoleibol.pt\/fpv\/wp-content\/uploads\/2020\/11\/I-Div.Feminina_21_22novem.pdf\">novos hor\u00e1rios aqui<\/a>)<\/strong><\/p>\n<p style=\"text-align: center;\"><span style=\"text-decoration: underline;\"><strong>Jogos reagendados da I Divis\u00e3o \u2013 femininos*<br \/>\n(em actualiza\u00e7\u00e3o)<\/strong><\/span><\/p>\n<p><strong>4.\u00aa Jornada<\/strong><br \/>\n<strong>17.01.2021<\/strong><br \/>\n<strong>16h00 locais<\/strong> \u2013 Clube Kair\u00f3s x CF \u00abOs Belenenses\u00bb, no Pav. Clube K<\/p>\n<p><strong>5.\u00aa Jornada<\/strong><br \/>\n<strong>12.12.2020<\/strong><br \/>\n<strong>18h00<\/strong> \u2013 Leix\u00f5es SC x CF \u00abOs Belenenses\u00bb, na Nave Il\u00eddio Ramos &#8211; CDC Matosinhos<br \/>\n<strong>28.11.2020<\/strong><br \/>\n<strong>15h00<\/strong> \u2013\u00a0 Cast\u00ealo da Maia GC x Sporting CP, no Pav. C. Maia GC<\/p>\n<p><strong>6.\u00aa Jornada<\/strong><br \/>\n<span style=\"text-decoration: underline;\"><strong>Adiado para data e hora a definir<\/strong><\/span><br \/>\nCast\u00ealo da Maia GC x SL Benfica<br \/>\nAJM\/FC Porto x GC Vilacondense<\/p>\n<p><strong>7.\u00aa Jornada<\/strong><br \/>\n<strong>18.11.2020<\/strong><br \/>\n<strong>20h30<\/strong> \u2013 AJM\/FC Porto x Boavista FC, no Centro Luso Venezolano<br \/>\n<strong>28.11.2020<\/strong><br \/>\n<strong>15h00<\/strong> \u2013 Cast\u00ealo da Maia GC x Vit\u00f3ria SC, no Pav. C. Maia GC<br \/>\n<strong>21.11.2020<\/strong><br \/>\n<strong>16h00<\/strong> \u2013 PV2014\/ Academia de Voleibol Col\u00e9gio Efanor x SL Benfica, no Pav. Col\u00e9gio Efanor<br \/>\n<span style=\"text-decoration: underline;\"><strong>Adiado para data e hora a definir<br \/>\n<\/strong><\/span>CD Aves\/Termolan x Leix\u00f5es SC<\/p>\n<p><strong>8.\u00aa Jornada<\/strong><br \/>\n<strong>11.11.2020<\/strong><br \/>\n<strong>20h00<\/strong> \u2013 PV2014\/ Academia de Voleibol Col\u00e9gio Efanor x CD Aves\/Termolan, no Pav. Col\u00e9gio Efanor<\/p>\n<p><strong>9.\u00aa Jornada<\/strong><br \/>\n<strong>12.12.2020<\/strong><br \/>\n<strong>15h00<\/strong> \u2013 Sporting CP x AVC Famalic\u00e3o, no Pav. Jo\u00e3o Rocha<br \/>\n<strong>12h30<\/strong> \u2013 SL Benfica x Boavista FC, no Pav. N.\u00ba 2 do Est\u00e1dio da Luz<br \/>\n<strong>16.12.2020<\/strong><br \/>\n<strong>21h00<\/strong> \u2013 AJM\/FC Porto x SC Braga\/U. Minho, no Centro Luso Venezolano<br \/>\n<span style=\"text-decoration: underline;\"><strong>Adiado para data e hora a definir<\/strong><\/span><br \/>\nVit\u00f3ria SC x GC Vilacondense<\/p>\n<p class=\"descricaonoticia\" align=\"justify\">A lista dos\u00a0<strong>\u00e1rbitros nomeados<\/strong>\u00a0pode ser consultada\u00a0<a href=\"https:\/\/www.fpvoleibol.pt\/fpv\/arbitragem\/nomeacoes\/\" target=\"_blank\" rel=\"noopener noreferrer\">aqui\u00a0<\/a>(actualizada \u00e0 quinta-feira)<\/p>\n<p class=\"descricaonoticia\" align=\"justify\"><strong>*<\/strong> O hor\u00e1rio dos jogos poder\u00e1 sofrer altera\u00e7\u00f5es. Ver Calend\u00e1rios de Jogos em<br \/>\n<a href=\"https:\/\/www.portugalvoleibol.com\/classificacao\/\" target=\"_blank\" rel=\"noopener noreferrer\">https:\/\/www.portugalvoleibol.com\/classificacao\/<\/a><\/p>\n","protected":false},"excerpt":{"rendered":"<p>Realiza-se este fim-de-semana a 13.\u00aa jornada do Campeonato Nacional da I Divis\u00e3o de Seniores Masculinos, que se inicia amanh\u00e3, com o Cast\u00ealo da Maia GC x Esmoriz GC, transmitido em [&hellip;]<\/p>\n","protected":false},"author":2,"featured_media":2010,"comment_status":"open","ping_status":"open","sticky":false,"template":"","format":"standard","meta":{"_monsterinsights_skip_tracking":false,"_monsterinsights_sitenote_active":false,"_monsterinsights_sitenote_note":"","_monsterinsights_sitenote_category":0,"footnotes":""},"categories":[8],"tags":[],"class_list":{"0":"post-2400","1":"post","2":"type-post","3":"status-publish","4":"format-standard","5":"has-post-thumbnail","7":"category-voleibol","8":"czr-hentry"},"aioseo_notices":[],"_links":{"self":[{"href":"https:\/\/fpvoleibol.pt\/fpv\/wp-json\/wp\/v2\/posts\/2400","targetHints":{"allow":["GET"]}}],"collection":[{"href":"https:\/\/fpvoleibol.pt\/fpv\/wp-json\/wp\/v2\/posts"}],"about":[{"href":"https:\/\/fpvoleibol.pt\/fpv\/wp-json\/wp\/v2\/types\/post"}],"author":[{"embeddable":true,"href":"https:\/\/fpvoleibol.pt\/fpv\/wp-json\/wp\/v2\/users\/2"}],"replies":[{"embeddable":true,"href":"https:\/\/fpvoleibol.pt\/fpv\/wp-json\/wp\/v2\/comments?post=2400"}],"version-history":[{"count":12,"href":"https:\/\/fpvoleibol.pt\/fpv\/wp-json\/wp\/v2\/posts\/2400\/revisions"}],"predecessor-version":[{"id":2441,"href":"https:\/\/fpvoleibol.pt\/fpv\/wp-json\/wp\/v2\/posts\/2400\/revisions\/2441"}],"wp:featuredmedia":[{"embeddable":true,"href":"https:\/\/fpvoleibol.pt\/fpv\/wp-json\/wp\/v2\/media\/2010"}],"wp:attachment":[{"href":"https:\/\/fpvoleibol.pt\/fpv\/wp-json\/wp\/v2\/media?parent=2400"}],"wp:term":[{"taxonomy":"category","embeddable":true,"href":"https:\/\/fpvoleibol.pt\/fpv\/wp-json\/wp\/v2\/categories?post=2400"},{"taxonomy":"post_tag","embeddable":true,"href":"https:\/\/fpvoleibol.pt\/fpv\/wp-json\/wp\/v2\/tags?post=2400"}],"curies":[{"name":"wp","href":"https:\/\/api.w.org\/{rel}","templated":true}]}}