{"id":23701,"date":"2023-04-11T14:52:51","date_gmt":"2023-04-11T14:52:51","guid":{"rendered":"https:\/\/fpvoleibol.pt\/fpv\/?p=23701"},"modified":"2023-04-14T15:58:27","modified_gmt":"2023-04-14T15:58:27","slug":"portugueses-no-mundo-79","status":"publish","type":"post","link":"https:\/\/fpvoleibol.pt\/fpv\/2023\/04\/11\/portugueses-no-mundo-79\/","title":{"rendered":"PORTUGUESES NO MUNDO"},"content":{"rendered":"<p style=\"text-align: center;\"><span style=\"font-size: 8pt;\"><strong><img loading=\"lazy\" decoding=\"async\" class=\"size-full wp-image-23714 aligncenter\" src=\"https:\/\/fpvoleibol.pt\/fpv\/wp-content\/uploads\/2023\/04\/alex_jorn11abril.jpg\" alt=\"\" width=\"960\" height=\"808\" srcset=\"https:\/\/fpvoleibol.pt\/fpv\/wp-content\/uploads\/2023\/04\/alex_jorn11abril.jpg 960w, https:\/\/fpvoleibol.pt\/fpv\/wp-content\/uploads\/2023\/04\/alex_jorn11abril-300x253.jpg 300w, https:\/\/fpvoleibol.pt\/fpv\/wp-content\/uploads\/2023\/04\/alex_jorn11abril-768x646.jpg 768w\" sizes=\"auto, (max-width: 960px) 100vw, 960px\" \/>Imagem: <a href=\"https:\/\/tvf-web.dataproject.com\/CompetitionHome.aspx?ID=78\">TVF<\/a><\/strong><\/span><\/p>\n<p>Na Turquia, o Fenerbah\u00e7e HDI Sigorta (4.\u00ba), de <strong>Alexandre Ferreira<\/strong>, perdeu (<a href=\"https:\/\/tvf-web.dataproject.com\/MatchStatistics.aspx?mID=9241&amp;ID=78&amp;CID=232&amp;PID=153&amp;type=LegList\">1-3: 25-23, 17-25, 22-25 e 20-25<\/a>) na recep\u00e7\u00e3o ao Ziraat BankKart, vice-l\u00edder da Efeler Ligi e antiga equipa do capit\u00e3o da Selec\u00e7\u00e3o Nacional, mas mant\u00e9m-se no 3.\u00ba lugar da classifica\u00e7\u00e3o na <a href=\"https:\/\/tvf-web.dataproject.com\/CompetitionHome.aspx?ID=78\">Efeler Ligi<\/a>.<br \/>\nAlex, que contabilizou 10 pontos (8 ataques e 2 blocos) e mereceu uma refer\u00eancia nos <em>melhores da jornada<\/em>, ocupa actualmente o 3.\u00ba lugar entre os <a href=\"https:\/\/tvf-web.dataproject.com\/Statistics.aspx?ID=78&amp;PID=153\">zonas 4<\/a>, o 5.\u00ba lugar nos <a href=\"https:\/\/tvf-web.dataproject.com\/BestPlayerRankingComplete.aspx?ID=78&amp;rt=5\">melhores no servi\u00e7o<\/a>, com 36 <em>ases<\/em>, e o 7.\u00ba lugar na <a href=\"https:\/\/tvf-web.dataproject.com\/BestPlayerRankingComplete.aspx?ID=78&amp;rt=7\">recep\u00e7\u00e3o<\/a>.<br \/>\nNa 26.\u00aa e \u00faltima jornada da fase regular do campeonato otomano, agendada para o dia 12 de Abril, o Fenerbah\u00e7e recebe o TFL Altekma, actual 12.\u00ba classificado.<\/p>\n<p>Na Pol\u00f3nia, o<span style=\"text-decoration: underline;\">\u00a0Aluron CMC Warta Zawiercie<\/span>, de\u00a0<strong>Miguel Tavares Rodrigues<\/strong>, recebeu e <em>despachou<\/em> o Indykpol AZS Olsztynl por duplo 3-0 (<a href=\"https:\/\/www.plusliga.pl\/games\/id\/1102689.html#stats\">25-13, 25-20 e 25-21<\/a>, no 1.\u00ba jogo, e <a href=\"https:\/\/www.plusliga.pl\/games\/id\/1102690.html#stats\">25-22, 25-23 e 25-21<\/a>, no 2.\u00ba jogo) nos quartos-de-final da \u00a0<a style=\"color: #001b2e;\" href=\"http:\/\/www.plusliga.pl\">PlusLiga<\/a> e, se vencer novamente no dia 15 de Abril, agora fora de portas, apura-se para as meias-finais do principal campeonato polaco.<br \/>\nO distribuidor da Selec\u00e7\u00e3o Nacional, que det\u00e9m j\u00e1 o <a href=\"https:\/\/www.plusliga.pl\/news\/id\/52518.html\">recorde do n\u00famero de servi\u00e7os<\/a>\u00a0directos (ases) na PlusLiga,\u00a0\u00a0contabilizou <a href=\"https:\/\/www.plusliga.pl\/games\/id\/1102689.html#stats\">4 pontos<\/a> (3 servi\u00e7os e 1 ataque) e <a href=\"https:\/\/www.plusliga.pl\/games\/id\/1102690.html#stats\">4 pontos<\/a> (2 servi\u00e7os e 2 ataques) nos referidos jogos, ocupando actualmente um lugar no <a href=\"https:\/\/www.plusliga.pl\/statsRanking.html\"><strong>Top 4<\/strong>\u00a0dos melhores<\/a> no servi\u00e7o no presente campeonato.<\/p>\n<p style=\"text-align: center;\"><span style=\"font-size: 8pt;\"><strong><img loading=\"lazy\" decoding=\"async\" class=\"size-full wp-image-23713 aligncenter\" src=\"https:\/\/fpvoleibol.pt\/fpv\/wp-content\/uploads\/2023\/04\/cvet_jorn11abril.jpg\" alt=\"\" width=\"960\" height=\"814\" srcset=\"https:\/\/fpvoleibol.pt\/fpv\/wp-content\/uploads\/2023\/04\/cvet_jorn11abril.jpg 960w, https:\/\/fpvoleibol.pt\/fpv\/wp-content\/uploads\/2023\/04\/cvet_jorn11abril-300x254.jpg 300w, https:\/\/fpvoleibol.pt\/fpv\/wp-content\/uploads\/2023\/04\/cvet_jorn11abril-768x651.jpg 768w\" sizes=\"auto, (max-width: 960px) 100vw, 960px\" \/>Imagem: <a href=\"https:\/\/frv-web.dataproject.com\/CompetitionHome.aspx?ID=30\">FRV<\/a><\/strong><\/span><\/p>\n<p>Na Rom\u00e9nia, o SCM Zalau, de\u00a0<strong>Filip Cveticanin<\/strong>, venceu (<a href=\"https:\/\/frv-web.dataproject.com\/MatchStatistics.aspx?mID=2326&amp;ID=30&amp;CID=76&amp;PID=38&amp;type=LegList\">3-1: 25-19, 20-25, 25-18 e 25-20<\/a>) o CS Stiinta Explorari Baia Mare no 1.\u00ba jogo do Play-off de atribui\u00e7\u00e3o do 5.\u00ba ao 8.\u00ba lugar na Divis\u00e3o A1 da Rom\u00e9nia, com o central lusitano a contabilizar <a href=\"https:\/\/frv-web.dataproject.com\/MatchStatistics.aspx?mID=2326&amp;ID=30&amp;CID=76&amp;PID=38&amp;type=LegList\">6 pontos<\/a> (3 blocos e 3 ataques) e a aparecer novamente no <em>Dream Team<\/em> da jornada.<br \/>\nO 2.\u00ba jogo est\u00e1 agendado para o dia 12 de Abril, no recinto do Stiinta.<br \/>\n<em>Cvet<\/em>\u00a0\u00e9 actualmente o l\u00edder do ranking dos\u00a0<a href=\"https:\/\/frv-web.dataproject.com\/CompetitionHome.aspx?ID=30\">melhores blocadores<\/a>, com 73 blocos.<\/p>\n<p>Em It\u00e1lia, o Anthea Vicenza Volley, de <strong>J\u00falia Kavalenka<\/strong>, perdeu na visita ao D&amp;a Esperia Cremona pela margem m\u00ednima (<a href=\"https:\/\/www.legavolleyfemminile.it\/match-center\/745908\/statistiche\/\">2-3: 13-25, 25-21, 25-10, 15-25 e 13-15<\/a>), mas mant\u00e9m-se no 5.\u00ba posto classificativo.da\u00a0<a style=\"color: #001b2e;\" href=\"https:\/\/www.legavolleyfemminile.it\/risultati\/?campionato=710283&amp;stagione=2022\">Pool Salvezza A2.<\/a><br \/>\nCom 19 pontos (18 ataques e 1 bloco), a oposta da Selec\u00e7\u00e3o Nacional cotou-se como uma das melhores pontuadoras do jogo. Ver estat\u00edstica <a href=\"https:\/\/www.legavolleyfemminile.it\/match-center\/745908\/statistiche\/\">AQUI<\/a><br \/>\nNa 7.\u00aa jornada da <a href=\"https:\/\/www.legavolleyfemminile.it\/classifica\/?campionato=710283&amp;stagione=2022\">Pool Salvezza A2<\/a>, agendada para o dia 16 de Abril, o Anthea Vicenza Volley recebe o Club Italia (10.\u00ba).<br \/>\nJ\u00falia Kavalenka integra actualmente o <a href=\"https:\/\/www.legavolleyfemminile.it\/centro-statistiche\/?stagione=2022&amp;serie=2&amp;tipocomp=RS\">Top 4<\/a>\u00a0das melhores atacantes da <a href=\"https:\/\/www.legavolleyfemminile.it\/risultati\/?campionato=710278&amp;stagione=2022&amp;giornata=712787\">Serie A2 da Liga Italiana<\/a>.<\/p>\n<p>Ainda em\u00a0It\u00e1lia, o WithU Verona, de <strong>Gustavo Cavalcanti<\/strong>, perdeu (<a href=\"https:\/\/www.legavolley.it\/match\/36833\">0-3: 19-25, 23-25 e 23-25<\/a>) em casa do Cucine Lube Civitanova \u2013 de Luciano De Cecco e Ivan Zaytsev \u2013no 5.\u00ba e \u00faltimo jogo do <a href=\"https:\/\/www.legavolley.it\/risultati\/?Anno=2022&amp;IdCampionato=886\">Playoff dos quartos-de-final<\/a>\u00a0da\u00a0<a href=\"https:\/\/www.legavolley.it\/?h=1\">Superlega Credem Banca (A1)<\/a>, tendo sido afastado da luta pelo <em>Scudetto<\/em>.<\/p>\n<p>Em Fran\u00e7a, o <span style=\"text-decoration: underline;\">Saint-Nazaire VB Atlantique<\/span>, de <strong>Louren\u00e7o Martins<\/strong>, perdeu os dois primeiros jogos dos Play-offs da <strong><a href=\"https:\/\/www.lnv.fr\">Ligue A<\/a><\/strong> no recinto do Chaumont e aposta tudo no 3.\u00ba jogo, que vai disputar em casa no dia 14 de Abril.<\/p>\n<p style=\"text-align: center;\"><span style=\"font-size: 8pt;\"><strong><img loading=\"lazy\" decoding=\"async\" class=\"size-full wp-image-23712 aligncenter\" src=\"https:\/\/fpvoleibol.pt\/fpv\/wp-content\/uploads\/2023\/04\/david.jpg\" alt=\"\" width=\"960\" height=\"791\" srcset=\"https:\/\/fpvoleibol.pt\/fpv\/wp-content\/uploads\/2023\/04\/david.jpg 960w, https:\/\/fpvoleibol.pt\/fpv\/wp-content\/uploads\/2023\/04\/david-300x247.jpg 300w, https:\/\/fpvoleibol.pt\/fpv\/wp-content\/uploads\/2023\/04\/david-768x633.jpg 768w\" sizes=\"auto, (max-width: 960px) 100vw, 960px\" \/><\/strong><\/span><\/p>\n<p style=\"text-align: left;\">Ainda em Fran\u00e7a, <strong>David Tavares Sousa<\/strong>, treinador adjunto e <em>scouter<\/em> no Tours VB, conquistou a Ta\u00e7a gaulesa. Na final da competi\u00e7\u00e3o, o Tours \u2013 que est\u00e1 em vantagem (2-0) frente ao Montpellier nos Play-offs da <strong><a href=\"https:\/\/www.lnv.fr\">Ligue A<\/a><\/strong> \u2013 venceu (3-0: 25-21, 25-21 e 25-18) o Nice e ergueu o seu <a href=\"https:\/\/www.toursvolleyball.com\/club\/\">11.\u00ba trof\u00e9u<\/a> na competi\u00e7\u00e3o.<\/p>\n<p class=\"auto-style1\" style=\"text-align: center;\"><span style=\"text-decoration: underline;\">Atletas \/ t\u00e9cnicos que actuam no estrangeiro e\/ou com<b> *inscri\u00e7\u00e3o iniciada em 2022\/2023<\/b>:<\/span><\/p>\n<p><strong><span style=\"text-decoration: underline;\">Processo conclu\u00eddo<\/span><br \/>\n<\/strong><a href=\"https:\/\/www.facebook.com\/fbhdisigorta\" target=\"_blank\" rel=\"noopener noreferrer\">Fenerbah\u00e7e HDI Sigorta (Turquia)<\/a> \u2013 Alexandre Ferreira<br \/>\n<a href=\"https:\/\/www.facebook.com\/Vicenzavolley\/\">Anthea Vicenza Volley (It\u00e1lia)<\/a> \u2013 J\u00falia Kavalenka<br \/>\n<a href=\"http:\/\/www.plusliga.pl\/en\/teams\/id\/30288.html\" target=\"_blank\" rel=\"noopener noreferrer\">Aluron Warta Zawiercie (Pol\u00f3nia)<\/a> \u2013 Miguel Tavares Rodrigues<br \/>\n<a href=\"https:\/\/www.lindemansaalst.be\/\">VB Lindemans Aalst (B\u00e9lgica)<\/a> \u2013 Jos\u00e9 Pedro Monteiro<br \/>\n<a href=\"https:\/\/www.facebook.com\/voleirapid\">Volei Rapid Bucuresti (Rom\u00e9nia)<\/a>\u00a0\u2013 Jos\u00e9 Pedro Gomes<br \/>\n<a href=\"https:\/\/www.facebook.com\/SportClubMunicipalZalau\">SCM Zalau (Rom\u00e9nia)<\/a> \u2013 Filip Cveticanin<br \/>\n<a href=\"https:\/\/almeriavoley.es\/\">CV Almeria (Espanha)<\/a>\u00a0\u2013 Marco Ferreira<br \/>\n<a href=\"https:\/\/www.facebook.com\/Club-Voleibol-Sayre-Mayser-Gran-Canaria-174626499227342\/\">CV Sayre Mayser Gran Canaria (Espanha)<\/a>\u00a0\u2013 Marta Hurst<br \/>\n<a href=\"http:\/\/www.snvba.net\/\" target=\"_blank\" rel=\"noopener noreferrer\">Saint-Nazaire VB Atlantique (Fran\u00e7a)<\/a> \u2013 Louren\u00e7o Martins<br \/>\n<a href=\"https:\/\/www.legavolley.it\/team\/6242\">Verona Volley (It\u00e1lia)<\/a> \u2013 Gustavo Cavalcanti<br \/>\n<a href=\"https:\/\/www.istres-volley.fr\/equipe-premiere\/lequipe\/\" target=\"_blank\" rel=\"noopener noreferrer\">Istres Ouest-Provence Volley-Ball (Fran\u00e7a)<\/a>\u00a0\u2013 Beatriz Santos<br \/>\n<a href=\"https:\/\/www.facebook.com\/AlCaudryVolleyBall\/\" target=\"_blank\" rel=\"noopener noreferrer\">Al Caudry Volley-Ball (Fran\u00e7a)<\/a>\u00a0\u2013 Joana Gonzalez<br \/>\n<a href=\"https:\/\/www.facebook.com\/AlCaudryVolleyBall\/\" target=\"_blank\" rel=\"noopener noreferrer\">Al Caudry Volley-Ball (Fran\u00e7a)<\/a> \u2013 Alexandre Vieira<br \/>\n<a href=\"https:\/\/www.vnvb.fr\/\">Vand\u0153uvre Nancy Volley-Ball (Fran\u00e7a)<\/a> \u2013 Jo\u00e3o Scheltinga<br \/>\n<a href=\"https:\/\/pavvb.fr\/\">Pays d&#8217;Aix Venelles Volley-Ball (Fran\u00e7a)<\/a> \u2013 Laura Castro Dias<br \/>\n<a href=\"https:\/\/www.camevolley.com\/\">Cercle Athl\u00e9tique Municipal d\u2019\u00c9pinal (Fran\u00e7a)<\/a> \u2013 Vict\u00f3ria Soares<br \/>\n<a href=\"https:\/\/www.camevolley.com\/\">Cercle Athl\u00e9tique Municipal d\u2019\u00c9pinal (Fran\u00e7a)<\/a> \u2013 Maria Helena Sampaio<br \/>\n<a href=\"https:\/\/www.facebook.com\/asberckvolleyball\/\">AS Berck Volley-ball (Fran\u00e7a)<\/a> \u2013 Ana Rita Lisboa<br \/>\n<a href=\"https:\/\/www.facebook.com\/USVvolleyball\">US Villejuif (Fran\u00e7a)<\/a> \u2013 Maressa Pavuna<br \/>\n<a href=\"https:\/\/laillevolley.fr\/\">Union Sportive Laille (Fran\u00e7a)<\/a> \u2013 Tiago Fernandes<br \/>\n<a href=\"https:\/\/ksvolley.dk\/en\/\">KSV &#8211; Kobenhavns Studenter Volley (Dinamarca)<\/a> \u2013 Pedro Varela Fernandes<br \/>\n<a href=\"http:\/\/www.le-volleys.de\/regionalliga-ost.html\" target=\"_blank\" rel=\"noopener noreferrer\">LE Volleys (Alemanha)<\/a> \u2013 Lorena Matilde Silveira<br \/>\n<a href=\"https:\/\/www.facebook.com\/VolleyballEchternach\">VB Echternach (Luxemburgo<\/a>) \u2013 Daniel Dias Amorim<br \/>\n<a href=\"https:\/\/www.facebook.com\/IBBPoloniaVC\">IBB Polonia London Volleyball Club (Inglaterra)<\/a> \u2013 Jo\u00e3o Alves<br \/>\n<a href=\"https:\/\/southamptonvolleyball.co.uk\/\">Southampton Volleyball Clube (Inglaterra)<\/a>\u00a0\u2013 Ema Sofia Carneiro<br \/>\n<a href=\"http:\/\/www.darkstarvolleyball.com\/our-teams\/male-player\/\">Darkstar Derbyshire (Inglaterra)<\/a> \u2013 Marcelo Goulart<br \/>\n<a href=\"https:\/\/www.facebook.com\/UoBvolleyballclub\/\">University of Bristol Volleyball Club (Inglaterra)<\/a> \u2013 Rita Castro Birra<br \/>\n<a href=\"https:\/\/southamptonvolleyball.co.uk\/\">Southampton Volleyball Clube (Inglaterra)<\/a>\u00a0\u2013 Maria Lima Antunes<br \/>\n<a href=\"https:\/\/www.cambridgevolleyball.org\/about-cambridge-volleyball-club\/\">Cambridge VC (Inglaterra)<\/a> \u2013 Vasco Martins<br \/>\n<a href=\"https:\/\/www.facebook.com\/pgsrebavolley\/\">AS PGS Reba Torino (It\u00e1lia)<\/a> \u2013 Alexandre Baptista Al\u00edpio<br \/>\n<a href=\"https:\/\/www.volleypizol.org\/\">Volley Pizol (Su\u00ed\u00e7a)<\/a> \u2013 Carla Nina de Oliveira<br \/>\n<a href=\"http:\/\/www.cityofedinburghvolleyball.co.uk\/index2.html\">City of Edinburgh (Esc\u00f3cia)<\/a> \u2013 Joaquim Carvalho<br \/>\n<a href=\"https:\/\/www.facebook.com\/birkirkaravolleyball\">Birkirkara Volleyball Club (Malta)<\/a> \u2013 Ashley Rose Fantazia<br \/>\n<a href=\"https:\/\/www.southerncrossvolleyball.com.au\/\">Southern Cross Volleyball Club (Austr\u00e1lia)<\/a> \u2013 Maria Trigueiros<\/p>\n<p><span style=\"text-decoration: underline;\"><span class=\"auto-style7\"><strong>Treinadores<\/strong><\/span><\/span>:<br \/>\n<a href=\"https:\/\/www.facebook.com\/toursvolleyball\">Tours VB (Fran\u00e7a)<\/a> \u2013 David Sousa<br \/>\n<a href=\"https:\/\/www.vnvb.fr\/\">Vand\u0153uvre Nancy Volley-Ball (Fran\u00e7a)<\/a> \u2013 Andr\u00e9 S\u00e1<br \/>\n<a href=\"https:\/\/www.vnvb.fr\/\">Vand\u0153uvre Nancy Volley-Ball (Fran\u00e7a)<\/a> \u2013 Jo\u00e3o Scheltinga<br \/>\n<a href=\"https:\/\/www.facebook.com\/Club-Voleibol-Sayre-Mayser-Gran-Canaria-174626499227342\/\">CV Sayre Mayser Gran Canaria (Espanha)<\/a> \u2013 R\u00faben Fevereiro<br \/>\n<a href=\"https:\/\/www.lindemansaalst.be\/\">Lindemans Aalst (B\u00e9lgica)<\/a>\u00a0\u2013 Idner Martins<br \/>\n<a href=\"https:\/\/www.volleya.ch\/\">Raiffeisen Volleya Obwalden NLB (Alemanha)<\/a>\u00a0\u2013 Filipe Carrasco Soares<br \/>\n<a href=\"https:\/\/www.facebook.com\/roteraben\">Rote Raben Vilsbiburg (Alemanha)<\/a> \u2013 Jo\u00e3o David<br \/>\n<a href=\"https:\/\/www.facebook.com\/Blue-volei-clube-1752350595073998\/\" target=\"_blank\" rel=\"noopener noreferrer\">Blue Volei Clube (Angola)<\/a>\u00a0\u2013 Andr\u00e9 Pereira<br \/>\n<a href=\"https:\/\/www.facebook.com\/ZESARVFM\/\">Volleyball Franches-Montagnes (Su\u00ed\u00e7a)<\/a> &#8211; Eduardo Faustino<br \/>\n<a href=\"https:\/\/www.facebook.com\/Cork-Volleyball-Academy-100484505416947\/\">Cork Volleyball Academy (Irlanda)<\/a> \u2013 Ant\u00f3nio Barros<\/p>\n<p style=\"text-align: center;\"><strong>\u00c1rbitros portugueses em ac\u00e7\u00e3o<\/strong><\/p>\n<p><strong>Ricardo Ferreira<br \/>\n<\/strong>Grupa Azoty Kedzierzyn-Kozle (Pol\u00f3nia) x Jastrzebski Wegiel (Pol\u00f3nia), Final da Liga dos Campe\u00f5es 2023 \u2013 Masculinos, no dia 20 de Maio de 2023, em Turim (It\u00e1lia).<\/p>\n<p><strong>V\u00edtor Gon\u00e7alves<\/strong><br \/>\nB\u00e9lgica x B\u00f3snia-Herzegovina, da Golden League &#8211; Femininos, no dia 27 de Maio de 2023.<strong><br \/>\n<\/strong>Campeonato do Mundo de Sub-19 Masculinos, na Argentina, de 4 a 13 de Agosto de 2023.<\/p>\n<p><strong>Nuno Teixeira<\/strong><br \/>\nPortugal x Montenegro, European Silver League 2023 &#8211; Femininos, no dia 31 de Maio de 2023.<\/p>\n<p><strong>Jos\u00e9 Caramez<\/strong><br \/>\nPortugal x Ge\u00f3rgia, European Silver League 2023 &#8211; Femininos, no dia 28 de Maio de 2023.<\/p>\n<p><strong>Raquel Portela<br \/>\n<\/strong>Portugal x Turquia, European Golden League 2023 &#8211; Masculinos, no dia 31 de Maio de 2023.<br \/>\nPortugal x Ilhas Faro\u00e9, European Silver League 2023 &#8211; Femininos, no dia 11 de Junho de 2023.<br \/>\nCampeonato do Mundo de Sub-19 \u2013 Femininos.<\/p>\n<p><strong>Nuno Maia<\/strong><br \/>\nPortugal x Rom\u00e9nia, European Golden League 2023 &#8211; Masculinos, no dia 27 de Maio de 2023.<\/p>\n<p><strong>Pedro Pinto<\/strong><br \/>\nPortugal x Dinamarca, European Golden League 2023 &#8211; Masculinos, no dia 10 de Junho de 2023.<\/p>\n<p style=\"text-align: center;\"><strong>Voleibol de Praia<\/strong><\/p>\n<p><strong>Sandra Deveza<\/strong><br \/>\nBeach Pro Tour Challenge \u2013 Jurmala (Let\u00f3nia), de 15 a 18 de Junho de 2023.<br \/>\nBeach Pro Tour Challenge \u2013 Espinho, de 13 a 16 Julho de 2023.<br \/>\nElite 16 &#8211; Austr\u00e1lia, de 21 a 26 Novembro de 2023.<\/p>\n<p><strong>S\u00e9rgio Pereira<\/strong><br \/>\nBeach Pro Tour Challenge \u2013 Espinho, de 13 a 16 Julho de 2023.<\/p>\n<p><strong>Maria Michelle Ferreira<\/strong><br \/>\nBeach Pro Tour Challenge \u2013 Espinho, de 13 a 16 Julho de 2023.<\/p>\n<p><strong>Rui Carvalho<\/strong><br \/>\nBeach Pro Tour Challenge \u2013 Saquarema (Brasil), de 11 a 16 de Abril de 2023.<br \/>\nBeach Pro Tour Elite 16 \u2013 Ostrava (Ch\u00e9quia), de 31 de Maio a 4 de Junho de 2023.<br \/>\nBeach Pro Tour Challenge \u2013 Espinho, de 13 a 16 Julho de 2023.<\/p>\n<p style=\"text-align: center;\">Mais informa\u00e7\u00f5es em <a href=\"https:\/\/www.cev.eu\/\">CEV<\/a> e <a href=\"https:\/\/www.fivb.com\/\">FIVB<\/a><\/p>\n","protected":false},"excerpt":{"rendered":"<p>Imagem: TVF Na Turquia, o Fenerbah\u00e7e HDI Sigorta (4.\u00ba), de Alexandre Ferreira, perdeu (1-3: 25-23, 17-25, 22-25 e 20-25) na recep\u00e7\u00e3o ao Ziraat BankKart, vice-l\u00edder da Efeler Ligi e antiga [&hellip;]<\/p>\n","protected":false},"author":2,"featured_media":22286,"comment_status":"open","ping_status":"open","sticky":false,"template":"","format":"standard","meta":{"_monsterinsights_skip_tracking":false,"_monsterinsights_sitenote_active":false,"_monsterinsights_sitenote_note":"","_monsterinsights_sitenote_category":0,"footnotes":""},"categories":[13,8,9],"tags":[71,52],"class_list":{"0":"post-23701","1":"post","2":"type-post","3":"status-publish","4":"format-standard","5":"has-post-thumbnail","7":"category-arbitragem","8":"category-voleibol","9":"category-voleibol-de-praia","10":"tag-epoca-2022-2023","11":"tag-portugueses-no-mundo","12":"czr-hentry"},"aioseo_notices":[],"_links":{"self":[{"href":"https:\/\/fpvoleibol.pt\/fpv\/wp-json\/wp\/v2\/posts\/23701","targetHints":{"allow":["GET"]}}],"collection":[{"href":"https:\/\/fpvoleibol.pt\/fpv\/wp-json\/wp\/v2\/posts"}],"about":[{"href":"https:\/\/fpvoleibol.pt\/fpv\/wp-json\/wp\/v2\/types\/post"}],"author":[{"embeddable":true,"href":"https:\/\/fpvoleibol.pt\/fpv\/wp-json\/wp\/v2\/users\/2"}],"replies":[{"embeddable":true,"href":"https:\/\/fpvoleibol.pt\/fpv\/wp-json\/wp\/v2\/comments?post=23701"}],"version-history":[{"count":12,"href":"https:\/\/fpvoleibol.pt\/fpv\/wp-json\/wp\/v2\/posts\/23701\/revisions"}],"predecessor-version":[{"id":23849,"href":"https:\/\/fpvoleibol.pt\/fpv\/wp-json\/wp\/v2\/posts\/23701\/revisions\/23849"}],"wp:featuredmedia":[{"embeddable":true,"href":"https:\/\/fpvoleibol.pt\/fpv\/wp-json\/wp\/v2\/media\/22286"}],"wp:attachment":[{"href":"https:\/\/fpvoleibol.pt\/fpv\/wp-json\/wp\/v2\/media?parent=23701"}],"wp:term":[{"taxonomy":"category","embeddable":true,"href":"https:\/\/fpvoleibol.pt\/fpv\/wp-json\/wp\/v2\/categories?post=23701"},{"taxonomy":"post_tag","embeddable":true,"href":"https:\/\/fpvoleibol.pt\/fpv\/wp-json\/wp\/v2\/tags?post=23701"}],"curies":[{"name":"wp","href":"https:\/\/api.w.org\/{rel}","templated":true}]}}