{"id":23579,"date":"2023-04-04T10:17:52","date_gmt":"2023-04-04T10:17:52","guid":{"rendered":"https:\/\/fpvoleibol.pt\/fpv\/?p=23579"},"modified":"2023-04-04T10:28:10","modified_gmt":"2023-04-04T10:28:10","slug":"cv-oeiras-virtual-campeao-da-ii-divisao","status":"publish","type":"post","link":"https:\/\/fpvoleibol.pt\/fpv\/2023\/04\/04\/cv-oeiras-virtual-campeao-da-ii-divisao\/","title":{"rendered":"CV OEIRAS VIRTUAL CAMPE\u00c3O DA II DIVIS\u00c3O"},"content":{"rendered":"<p style=\"text-align: center;\"><img loading=\"lazy\" decoding=\"async\" class=\"size-full wp-image-23586 aligncenter\" src=\"https:\/\/fpvoleibol.pt\/fpv\/wp-content\/uploads\/2023\/04\/cvoeiras_dd.jpg\" alt=\"\" width=\"960\" height=\"960\" srcset=\"https:\/\/fpvoleibol.pt\/fpv\/wp-content\/uploads\/2023\/04\/cvoeiras_dd.jpg 960w, https:\/\/fpvoleibol.pt\/fpv\/wp-content\/uploads\/2023\/04\/cvoeiras_dd-300x300.jpg 300w, https:\/\/fpvoleibol.pt\/fpv\/wp-content\/uploads\/2023\/04\/cvoeiras_dd-150x150.jpg 150w, https:\/\/fpvoleibol.pt\/fpv\/wp-content\/uploads\/2023\/04\/cvoeiras_dd-768x768.jpg 768w, https:\/\/fpvoleibol.pt\/fpv\/wp-content\/uploads\/2023\/04\/cvoeiras_dd-510x510.jpg 510w\" sizes=\"auto, (max-width: 960px) 100vw, 960px\" \/><a href=\"https:\/\/www.facebook.com\/ClubeVoleibolOeiras\"><span style=\"font-size: 8pt;\"><strong>Imagem: CVO<\/strong><\/span><\/a><\/p>\n<p>O <strong>Clube de Voleibol de Oeiras<\/strong> \u00e9 o virtual campe\u00e3o nacional da II Divis\u00e3o \u2013 Seniores Masculinos.<\/p>\n<p>Ao vencer (<a href=\"https:\/\/fpv-web.dataproject.com\/MatchStatistics.aspx?mID=7232&amp;ID=74&amp;CID=243&amp;PID=109&amp;type=LegList\">3-0: 25-14, 25-18 e 25-12<\/a>) no recinto da AD Machico no passado fim-de-semana, a forma\u00e7\u00e3o de Oeiras assegurou <em>matematicamente<\/em> o 1.\u00ba lugar na <span style=\"text-decoration: underline;\">S\u00e9rie dos Primeiros<\/span>, j\u00e1 que tem mais duas vit\u00f3rias e quatro pontos do que o CA Madalena, o seu principal perseguidor, quando falta apenas uma jornada para encerrar esta fase decisiva do campeonato.<\/p>\n<p>Na 10.\u00aa e \u00faltima jornada da S\u00e9rie dos Primeiros, o CV Oeiras recebe a Associa\u00e7\u00e3o Ru\u00ednas VC, em jogo agendado para o dia 15 de Abril, no Pavilh\u00e3o Municipal S. Juli\u00e3o da Barra, em Oeiras.<\/p>\n<p>O vencedor da S\u00e9rie dos Primeiros sagra-se campe\u00e3o nacional da II Divis\u00e3o e ascende \u00e0 I Divis\u00e3o.<br \/>\nA equipa classificada em 2.\u00ba lugar disputar\u00e1 um Play-Off para subida \u00e0 I Divis\u00e3o com a equipa classificada em pen\u00faltimo lugar na S\u00e9rie A2 da Liga Una (I Divis\u00e3o). Este Play-Off ser\u00e1 disputado \u00e0 melhor de 3 jogos: o 1.\u00ba jogo realiza-se em casa da equipa da II Divis\u00e3o; o 2.\u00ba jogo e, se necess\u00e1rio, o 3.\u00ba jogo ter\u00e3o lugar em casa da equipa da Liga Una.<br \/>\nAssim, o CA Madalena, que j\u00e1 assegurou o 2.\u00ba lugar na S\u00e9rie dos Primeiros da II Divis\u00e3o, ir\u00e1 medir for\u00e7as com o VC Viana\/Casa Peixoto (13.\u00ba na Liga Una): o 1.\u00ba jogo est\u00e1 agendado para 22 de Abril; o 2.\u00ba jogo para 29 de Abril e (se necess\u00e1rio) o 3.\u00ba jogo para 30 de Abril.<\/p>\n<p>Mais informa\u00e7\u00f5es <a href=\"https:\/\/fpv-web.dataproject.com\/CompetitionHome.aspx?ID=74\">AQUI<\/a> e <a href=\"https:\/\/portugalvoleibol.com\/classificacao\/\">AQUI<\/a><\/p>\n","protected":false},"excerpt":{"rendered":"<p>Imagem: CVO O Clube de Voleibol de Oeiras \u00e9 o virtual campe\u00e3o nacional da II Divis\u00e3o \u2013 Seniores Masculinos. Ao vencer (3-0: 25-14, 25-18 e 25-12) no recinto da AD [&hellip;]<\/p>\n","protected":false},"author":2,"featured_media":23587,"comment_status":"open","ping_status":"open","sticky":false,"template":"","format":"standard","meta":{"_monsterinsights_skip_tracking":false,"_monsterinsights_sitenote_active":false,"_monsterinsights_sitenote_note":"","_monsterinsights_sitenote_category":0,"footnotes":""},"categories":[8],"tags":[71],"class_list":{"0":"post-23579","1":"post","2":"type-post","3":"status-publish","4":"format-standard","5":"has-post-thumbnail","7":"category-voleibol","8":"tag-epoca-2022-2023","9":"czr-hentry"},"aioseo_notices":[],"_links":{"self":[{"href":"https:\/\/fpvoleibol.pt\/fpv\/wp-json\/wp\/v2\/posts\/23579","targetHints":{"allow":["GET"]}}],"collection":[{"href":"https:\/\/fpvoleibol.pt\/fpv\/wp-json\/wp\/v2\/posts"}],"about":[{"href":"https:\/\/fpvoleibol.pt\/fpv\/wp-json\/wp\/v2\/types\/post"}],"author":[{"embeddable":true,"href":"https:\/\/fpvoleibol.pt\/fpv\/wp-json\/wp\/v2\/users\/2"}],"replies":[{"embeddable":true,"href":"https:\/\/fpvoleibol.pt\/fpv\/wp-json\/wp\/v2\/comments?post=23579"}],"version-history":[{"count":9,"href":"https:\/\/fpvoleibol.pt\/fpv\/wp-json\/wp\/v2\/posts\/23579\/revisions"}],"predecessor-version":[{"id":23593,"href":"https:\/\/fpvoleibol.pt\/fpv\/wp-json\/wp\/v2\/posts\/23579\/revisions\/23593"}],"wp:featuredmedia":[{"embeddable":true,"href":"https:\/\/fpvoleibol.pt\/fpv\/wp-json\/wp\/v2\/media\/23587"}],"wp:attachment":[{"href":"https:\/\/fpvoleibol.pt\/fpv\/wp-json\/wp\/v2\/media?parent=23579"}],"wp:term":[{"taxonomy":"category","embeddable":true,"href":"https:\/\/fpvoleibol.pt\/fpv\/wp-json\/wp\/v2\/categories?post=23579"},{"taxonomy":"post_tag","embeddable":true,"href":"https:\/\/fpvoleibol.pt\/fpv\/wp-json\/wp\/v2\/tags?post=23579"}],"curies":[{"name":"wp","href":"https:\/\/api.w.org\/{rel}","templated":true}]}}