{"id":23340,"date":"2023-03-22T10:53:45","date_gmt":"2023-03-22T10:53:45","guid":{"rendered":"https:\/\/fpvoleibol.pt\/fpv\/?p=23340"},"modified":"2023-03-22T10:53:45","modified_gmt":"2023-03-22T10:53:45","slug":"voleibol-na-futuralia-2023","status":"publish","type":"post","link":"https:\/\/fpvoleibol.pt\/fpv\/2023\/03\/22\/voleibol-na-futuralia-2023\/","title":{"rendered":"VOLEIBOL NA FUTUR\u00c1LIA 2023"},"content":{"rendered":"<p><img loading=\"lazy\" decoding=\"async\" class=\"size-full wp-image-23349 aligncenter\" src=\"https:\/\/fpvoleibol.pt\/fpv\/wp-content\/uploads\/2023\/03\/futuralia_2023_gv_d.jpg\" alt=\"\" width=\"960\" height=\"960\" srcset=\"https:\/\/fpvoleibol.pt\/fpv\/wp-content\/uploads\/2023\/03\/futuralia_2023_gv_d.jpg 960w, https:\/\/fpvoleibol.pt\/fpv\/wp-content\/uploads\/2023\/03\/futuralia_2023_gv_d-300x300.jpg 300w, https:\/\/fpvoleibol.pt\/fpv\/wp-content\/uploads\/2023\/03\/futuralia_2023_gv_d-150x150.jpg 150w, https:\/\/fpvoleibol.pt\/fpv\/wp-content\/uploads\/2023\/03\/futuralia_2023_gv_d-768x768.jpg 768w, https:\/\/fpvoleibol.pt\/fpv\/wp-content\/uploads\/2023\/03\/futuralia_2023_gv_d-510x510.jpg 510w\" sizes=\"auto, (max-width: 960px) 100vw, 960px\" \/>O <strong>Voleibol,<\/strong> o<strong> Gira-Volei<\/strong> e o <strong>Voleibol Sentado<\/strong> est\u00e3o presentes na <span style=\"text-decoration: underline;\"><a href=\"https:\/\/futuralia.fil.pt\/\">Futur\u00e1lia 2023<\/a><\/span>, iniciativa da <span style=\"text-decoration: underline;\">AIP \u2013 Feiras, Congressos e Eventos<\/span>, que <em>arranca<\/em> hoje e se prolonga at\u00e9 s\u00e1bado (25 de Mar\u00e7o) na <span style=\"text-decoration: underline;\">FIL \u2013 Feira Internacional de Lisboa<\/span>. [Ver <a href=\"https:\/\/futuralia.fil.pt\/agendageral\/\">Programa<\/a>]<\/p>\n<p>Com um <em>cart\u00e3o de visita<\/em> que abrange 53.632 visitantes (em 2022) \u2013 entre os quais 282 escolas, de 17 distritos \u2013, envolvendo 200 empresas e 12 pa\u00edses, distribu\u00eddos por uma \u00e1rea de 28.000 m2, a Futur\u00e1lia \u00e9, segundo os seus organizadores, \u201c<em>dedicada \u00e0 educa\u00e7\u00e3o, forma\u00e7\u00e3o e orienta\u00e7\u00e3o educativa<\/em>&#8220;.<\/p>\n<p>O evento conta, mais uma vez, com a presen\u00e7a de diversas institui\u00e7\u00f5es de Portugal e de outros pa\u00edses que apresentam as suas ofertas em cursos e forma\u00e7\u00e3o para jovens, adultos e profissionais.<\/p>\n<p>O stand da <strong>Federa\u00e7\u00e3o Portuguesa de Voleibol (FPV)<\/strong>, organizado em colabora\u00e7\u00e3o com a <span style=\"text-decoration: underline;\">Associa\u00e7\u00e3o de Voleibol de Lisboa<\/span>, apresenta um campo para Voleibol Sentado e outro para o Gira-Volei e, ao aderir a esta iniciativa, cuja popula\u00e7\u00e3o-alvo s\u00e3o os jovens, a FPV procura promover, nomeadamente por interm\u00e9dio do Gira-Volei, a actividade f\u00edsica atrav\u00e9s de ac\u00e7\u00f5es de sensibiliza\u00e7\u00e3o e de demonstra\u00e7\u00e3o, aulas e workshops.<\/p>\n<p style=\"text-align: center;\">Mais informa\u00e7\u00f5es: <a href=\"https:\/\/futuralia.fil.pt\/\">Futur\u00e1lia<\/a><\/p>\n","protected":false},"excerpt":{"rendered":"<p>O Voleibol, o Gira-Volei e o Voleibol Sentado est\u00e3o presentes na Futur\u00e1lia 2023, iniciativa da AIP \u2013 Feiras, Congressos e Eventos, que arranca hoje e se prolonga at\u00e9 s\u00e1bado (25 [&hellip;]<\/p>\n","protected":false},"author":2,"featured_media":23348,"comment_status":"open","ping_status":"open","sticky":false,"template":"","format":"standard","meta":{"_monsterinsights_skip_tracking":false,"_monsterinsights_sitenote_active":false,"_monsterinsights_sitenote_note":"","_monsterinsights_sitenote_category":0,"footnotes":""},"categories":[12,8],"tags":[71],"class_list":{"0":"post-23340","1":"post","2":"type-post","3":"status-publish","4":"format-standard","5":"has-post-thumbnail","7":"category-gira-volei","8":"category-voleibol","9":"tag-epoca-2022-2023","10":"czr-hentry"},"aioseo_notices":[],"_links":{"self":[{"href":"https:\/\/fpvoleibol.pt\/fpv\/wp-json\/wp\/v2\/posts\/23340","targetHints":{"allow":["GET"]}}],"collection":[{"href":"https:\/\/fpvoleibol.pt\/fpv\/wp-json\/wp\/v2\/posts"}],"about":[{"href":"https:\/\/fpvoleibol.pt\/fpv\/wp-json\/wp\/v2\/types\/post"}],"author":[{"embeddable":true,"href":"https:\/\/fpvoleibol.pt\/fpv\/wp-json\/wp\/v2\/users\/2"}],"replies":[{"embeddable":true,"href":"https:\/\/fpvoleibol.pt\/fpv\/wp-json\/wp\/v2\/comments?post=23340"}],"version-history":[{"count":4,"href":"https:\/\/fpvoleibol.pt\/fpv\/wp-json\/wp\/v2\/posts\/23340\/revisions"}],"predecessor-version":[{"id":23353,"href":"https:\/\/fpvoleibol.pt\/fpv\/wp-json\/wp\/v2\/posts\/23340\/revisions\/23353"}],"wp:featuredmedia":[{"embeddable":true,"href":"https:\/\/fpvoleibol.pt\/fpv\/wp-json\/wp\/v2\/media\/23348"}],"wp:attachment":[{"href":"https:\/\/fpvoleibol.pt\/fpv\/wp-json\/wp\/v2\/media?parent=23340"}],"wp:term":[{"taxonomy":"category","embeddable":true,"href":"https:\/\/fpvoleibol.pt\/fpv\/wp-json\/wp\/v2\/categories?post=23340"},{"taxonomy":"post_tag","embeddable":true,"href":"https:\/\/fpvoleibol.pt\/fpv\/wp-json\/wp\/v2\/tags?post=23340"}],"curies":[{"name":"wp","href":"https:\/\/api.w.org\/{rel}","templated":true}]}}