{"id":23314,"date":"2023-03-20T15:44:25","date_gmt":"2023-03-20T15:44:25","guid":{"rendered":"https:\/\/fpvoleibol.pt\/fpv\/?p=23314"},"modified":"2023-03-24T15:09:16","modified_gmt":"2023-03-24T15:09:16","slug":"vice-campeoes-europeus-estagiam-em-cortegaca","status":"publish","type":"post","link":"https:\/\/fpvoleibol.pt\/fpv\/2023\/03\/20\/vice-campeoes-europeus-estagiam-em-cortegaca\/","title":{"rendered":"VICE-CAMPE\u00d5ES EUROPEUS ESTAGIAM EM CORTEGA\u00c7A"},"content":{"rendered":"<p><img loading=\"lazy\" decoding=\"async\" class=\"size-full wp-image-23320 aligncenter\" src=\"https:\/\/fpvoleibol.pt\/fpv\/wp-content\/uploads\/2023\/03\/duplas_estagio_letonia.jpg\" alt=\"\" width=\"960\" height=\"1229\" srcset=\"https:\/\/fpvoleibol.pt\/fpv\/wp-content\/uploads\/2023\/03\/duplas_estagio_letonia.jpg 960w, https:\/\/fpvoleibol.pt\/fpv\/wp-content\/uploads\/2023\/03\/duplas_estagio_letonia-234x300.jpg 234w, https:\/\/fpvoleibol.pt\/fpv\/wp-content\/uploads\/2023\/03\/duplas_estagio_letonia-800x1024.jpg 800w, https:\/\/fpvoleibol.pt\/fpv\/wp-content\/uploads\/2023\/03\/duplas_estagio_letonia-768x983.jpg 768w\" sizes=\"auto, (max-width: 960px) 100vw, 960px\" \/>Rec\u00e9m-regressada ao nosso Pa\u00eds ap\u00f3s a participa\u00e7\u00e3o no <a href=\"https:\/\/en.volleyballworld.com\/beachvolleyball\/competitions\/beach-pro-tour\/2023\/challenge\/la-paz-mex\/\">Beach Pro Tour Challenge<\/a>, etapa do Circuito Mundial de Voleibol de Praia que decorreu, at\u00e9 domingo, em La Paz (Baja California Sur), no M\u00e9xico \u2013 onde obteve o 19.\u00ba lugar, depois de ter disputado a Pool mais forte na fase de grupos, com os seus advers\u00e1rios a conquistarem os lugares cimeiros no torneio: Herrera\/Gavina (1.\u00ba), Boermans\/De Groot (2.\u00ba) e Tr. Crabb\/Brunner (5.\u00ba) \u2013, a dupla de Voleibol de Praia portuguesa <strong>Jo\u00e3o Pedrosa\/Hugo Campos<\/strong> <em>n\u00e3o descansa<\/em> e vai efectuar um est\u00e1gio de prepara\u00e7\u00e3o com uma dupla da Let\u00f3nia antes da participa\u00e7\u00e3o no <a href=\"https:\/\/en.volleyballworld.com\/beachvolleyball\/competitions\/beach-pro-tour\/2023\/challenge\/itapema-bra\/\">BPT Challenge de Itapema<\/a>, no Brasil, agendada para 6 a 9 de Abril.<\/p>\n<p>O est\u00e1gio conjunto, que se inicia amanh\u00e3 e decorre at\u00e9 ao dia 3 de Abril, trar\u00e1 ao <strong>Centro de Alto Rendimento de Voleibol de Praia<\/strong> (CARVP) da Federa\u00e7\u00e3o Portuguesa de Voleibol, localizado em Cortega\u00e7a, os jovens let\u00f5es Arturs Rinkevics (22 anos, 1,89 metros) e Ardis Bedritis (22 anos, 1,94 metros), que formam a dupla vice-campe\u00e3 europeia de Sub-22 em 2021, sendo que Rinkevics repetiu em 2022 o feito alcan\u00e7ado (formando ent\u00e3o dupla com o seu compatriota Kristians Fokerots).<\/p>\n<p>O <a href=\"https:\/\/en.volleyballworld.com\/beachvolleyball\/competitions\/beach-pro-tour\/2023\/challenge\/itapema-bra\/\">Beach Pro Tour Challenge de Itapema<\/a> \u00e9 o pr\u00f3ximo desafio internacional da dupla orientada pelo Seleccionador <strong>Leonel Gomes<\/strong>, que em 2023 procura amealhar o maior n\u00famero de pontos poss\u00edvel e subir no Ranking FIVB de modo a que seja poss\u00edvel uma eventual participa\u00e7\u00e3o nos Jogos Ol\u00edmpicos de Paris, em 2024.<\/p>\n<p style=\"text-align: left;\">O 4.\u00ba lugar no Beach Pro Tour Challenge de Torquay \u00e9, at\u00e9 ao momento, a melhor classifica\u00e7\u00e3o de sempre em etapas da categoria Challenger do Circuito Mundial desta dupla, que em 2022 conquistou o t\u00edtulo mundial universit\u00e1rio e que tem subido a pulso, mas de forma firme e progressiva, no ranking internacional da Federa\u00e7\u00e3o Internacional de Voleibol (FIVB).<\/p>\n<p>O <a href=\"https:\/\/en.volleyballworld.com\/beachvolleyball\/competitions\/beach-pro-tour\/2023\/challenge\/la-paz-mex\/\">Beach Pro Tour Challenge de La Paz<\/a>\u00a0foi a 12.\u00aa prova do <strong><em>Volleyball World Beach Pro Tour<\/em><\/strong> da FIVB em que participaram <strong>Jo\u00e3o Pedrosa<\/strong> e <strong>Hugo Campos<\/strong>, depois de terem disputado em 2022 o <a href=\"https:\/\/en.volleyballworld.com\/beachvolleyball\/competitions\/beach-pro-tour-2022\/events\/challenge\/torquay-australia-c\/schedule\/372348\/\">Beach Pro Tour Challenge de Torquay<\/a>, o <a href=\"https:\/\/en.volleyballworld.com\/beachvolleyball\/competitions\/beach-pro-tour-2022\/events\/challenge\/dubai-uae-2\/schedule\/\">Beach Pro Tour Challenge do Dubai &#8211; 2nd<\/a>, o <a href=\"https:\/\/en.volleyballworld.com\/beachvolleyball\/competitions\/beach-pro-tour-2022\/events\/challenge\/dubai-uae-1\/teams\/men\/main-draw\">Beach Pro Tour Challenge do Dubai &#8211; 1st<\/a>, o <span style=\"text-decoration: underline;\"><a href=\"https:\/\/en.volleyballworld.com\/beachvolleyball\/competitions\/beach-pro-tour-2022\/events\/future\/cortegaca-portugal\/teams\/men\/by-country\">Beach Pro Tour Future de Cortega\u00e7a<\/a>,<\/span> o <a href=\"https:\/\/en.volleyballworld.com\/beachvolleyball\/competitions\/beach-pro-tour-2022\/events\/challenge\/agadir-morocco\/\">Beach Pro Tour Challenge de Agadir<\/a>, o <a href=\"https:\/\/en.volleyballworld.com\/beachvolleyball\/competitions\/beach-pro-tour-2022\/events\/challenge\/espinho-portugal\/\">Beach Pro Tour Challenge de Espinho<\/a>,\u00a0 o <a href=\"https:\/\/www.cev.eu\/beach\/tour\/2022\/2022-volleyball-world-beach-pro-tour-futures-giardini-naxos\/\">Beach Pro Tour Future de Giardini Naxos<\/a>, o <a href=\"https:\/\/en.volleyballworld.com\/beachvolleyball\/competitions\/beach-pro-tour-2022\/events\/future\/madrid-spain-men\/teams\/men\/by-country\">Beach Pro Tour Future de Madrid<\/a>, em Espanha, o <a href=\"https:\/\/en.volleyballworld.com\/beachvolleyball\/competitions\/beach-pro-tour-2022\/events\/challenge\/doha-qatar\/teams\/men\/qualification\">Beach Pro Tour Challenge de Doha<\/a>, no Catar, o <strong><a href=\"https:\/\/en.volleyballworld.com\/beachvolleyball\/competitions\/beach-pro-tour-2022\/events\/challenge\/tlaxcala-mexico\/\">Beach Pro Tour Challenge de Tlaxcala<\/a><\/strong>, no M\u00e9xico, e o <strong><a href=\"https:\/\/en.volleyballworld.com\/beachvolleyball\/competitions\/beach-pro-tour-2022\/events\/challenge\/itapema-brazil\/\">Beach Pro Tour Challenge de Itapema<\/a><\/strong>, no Brasil.<\/p>\n<p>Apesar da sua juventude, <strong>Jo\u00e3o Pedrosa <\/strong>e<strong> Hugo Campos<\/strong>, <span style=\"text-decoration: underline;\">campe\u00f5es mundiais universit\u00e1rios<\/span>, t\u00eam j\u00e1 um registo significativo nos \u00faltimos anos:<\/p>\n<p><span style=\"text-decoration: underline;\"><strong>2023<br \/>\n<\/strong>Beach Pro Tour Challenge de La Paz \u2013 19.\u00ba lugar<br \/>\n<\/span><span style=\"text-decoration: underline;\"><strong>2022<br \/>\n<\/strong>Beach Pro Tour Challenge de Torquay \u2013 4.\u00ba lugar<br \/>\nBeach Pro Tour Challenge do Dubai &#8211; 2nd \u2013 9.\u00ba lugar<br \/>\nBeach Pro Tour Challenge do Dubai &#8211; 1st \u2013 9.\u00ba lugar<br \/>\n<strong>Mundiais Universit\u00e1rios de Voleibol de Praia, em Macei\u00f3\/Brasil &#8211; 1.\u00ba lugar<\/strong><br \/>\nBeach Pro Tour Future de Cortega\u00e7a\/Portugal &#8211; 2.\u00ba lugar<br \/>\n<\/span><span style=\"text-decoration: underline;\">Campeonato Nacional &#8211; Lidl, em Cortega\u00e7a &#8211; 1.\u00ba lugar<br \/>\nBeach Pro Tour Challenge de Agadir\/Marrocos &#8211; 33.\u00ba lugar\u00a0<strong><br \/>\n<\/strong>Beach Pro Tour Espinho Challenge\/Portugal &#8211; 19.\u00ba lugar<br \/>\nBeach Pro Tour Giardini Naxos Future\/It\u00e1lia &#8211; 9.\u00ba lugar<br \/>\nBeach Pro Tour Madrid Future\/Espanha &#8211; 17.\u00ba lugar<br \/>\nBeach Pro Tour Doha Challenge\/Catar &#8211; 25.\u00ba lugar<br \/>\nBeach Pro Tour Itapema Challenge\/Brasil &#8211; 33.\u00ba lugar<\/span><br \/>\n<span style=\"text-decoration: underline;\">Beach Pro Tour Tlaxcala Challenge\/M\u00e9xico &#8211; 33.\u00ba lugar<br \/>\n<\/span><span style=\"text-decoration: underline;\"><strong>2021<br \/>\n<\/strong><\/span>World Tour 2* (Praga\/Rep. Checa) &#8211; 21.\u00ba lugar<span style=\"text-decoration: underline;\"><br \/>\nWorld Tour 1* (Cortega\u00e7a\/Portugal) &#8211; 2.\u00ba lugar<strong><br \/>\n<\/strong><\/span>World Tour 1* (S\u00f3fia 2\/Bulg\u00e1ria) &#8211; 2.\u00ba lugar<br \/>\nWorld Tour 1* (S\u00f3fia 1\/Bulg\u00e1ria) &#8211; 3.\u00ba lugar<br \/>\nEuropeu Sub-22 (Baden\/\u00c1ustria) &#8211; 9.\u00ba lugar<br \/>\nWorld Tour 4* (Ostrava\/Rep. Checa) &#8211; 41.\u00ba lugar<br \/>\n<span style=\"text-decoration: underline;\"><strong>2020<\/strong><\/span><br \/>\nEuropeu Sub-22 (Izmir\/Turquia) &#8211; 17.\u00ba lugar<br \/>\nWorld Tour 1* (Montpellier\/Fran\u00e7a) &#8211; 9.\u00ba lugar<br \/>\n<span style=\"text-decoration: underline;\"><strong>2019<\/strong><\/span><br \/>\nJogos do Mediterr\u00e2neo \u2013 5.\u00ba lugar<br \/>\nWorld Tour 1* (Knokke-Heist\/B\u00e9lgica) \u2013 21.\u00ba lugar<br \/>\nWorld Tour 4* (Espinho\/Portugal) \u2013 25.\u00ba lugar<br \/>\nEuropeu Sub-20 (Gotemburgo\/Su\u00e9cia) \u2013 17.\u00ba lugar<br \/>\n<span style=\"text-decoration: underline;\"><strong>2018<\/strong><\/span><br \/>\nTorneio WEVZA (Quarteira\/Portugal) \u2013 4.\u00ba lugar<br \/>\nEuropeu Sub-20 (Anapa\/R\u00fassia) \u2013 25.\u00ba lugar<br \/>\nEuropeu Sub-18 (Kazan\/R\u00fassia) \u2013 17.\u00ba lugar<br \/>\n<span style=\"text-decoration: underline;\"><strong>2017<\/strong><\/span><br \/>\nCEV Youth Continental Cup &#8211; 3.\u00ba lugar<\/p>\n<p><span style=\"text-align: center;\">Ver\u00a0<\/span><strong style=\"text-align: center;\">curr\u00edculo<\/strong><span style=\"text-align: center;\">\u00a0internacional de\u00a0<\/span><a style=\"text-align: center;\" href=\"https:\/\/en.volleyballworld.com\/en\/beachvolleyball\/worldtour\/2021\/msfi2021\/men\/teams\/960755-pedrosa-campos\/joao_pedrosa?id=153921\"><strong>Jo\u00e3o Pedrosa aqui<\/strong>\u00a0<\/a><span style=\"text-align: center;\">e de\u00a0<\/span><a style=\"text-align: center;\" href=\"https:\/\/en.volleyballworld.com\/en\/beachvolleyball\/worldtour\/2021\/msfi2021\/men\/teams\/960755-pedrosa-campos\/hugo_campos?id=164474\"><strong>Hugo Campos aqui<\/strong><\/a><\/p>\n<p><img loading=\"lazy\" decoding=\"async\" class=\"size-full wp-image-11252 aligncenter\" src=\"https:\/\/fpvoleibol.pt\/fpv\/wp-content\/uploads\/2021\/11\/carvp_publ.jpg\" alt=\"\" width=\"960\" height=\"640\" srcset=\"https:\/\/fpvoleibol.pt\/fpv\/wp-content\/uploads\/2021\/11\/carvp_publ.jpg 960w, https:\/\/fpvoleibol.pt\/fpv\/wp-content\/uploads\/2021\/11\/carvp_publ-300x200.jpg 300w, https:\/\/fpvoleibol.pt\/fpv\/wp-content\/uploads\/2021\/11\/carvp_publ-768x512.jpg 768w\" sizes=\"auto, (max-width: 960px) 100vw, 960px\" \/>O <strong>Centro de Alto Rendimento de Voleibol de Praia<\/strong> (CARVP) da Federa\u00e7\u00e3o Portuguesa de Voleibol \u00e9 uma instala\u00e7\u00e3o desportiva dotada das melhores condi\u00e7\u00f5es para a pr\u00e1tica do Voleibol de Praia que recebeu j\u00e1 as finais dos Campeonatos Nacionais de Voleibol de Praia de 2020, 2021 e 2022, do Campeonato de Veteranos 2022 e est\u00e1gios das duplas de Israel, Venezuela, Inglaterra, Paraguai ou It\u00e1lia e etapas do circuito internacional de Voleibol de Praia, bem como Campos de F\u00e9rias para os jovens atletas que querem conhecer melhor aquele que \u00e9 j\u00e1 o quartel-general das selec\u00e7\u00f5es nacionais desta variante do Voleibol.<\/p>\n<p>O CARVP, que j\u00e1 estava a ser utilizado como base log\u00edstica dos treinos de observa\u00e7\u00e3o inseridos no processo de capta\u00e7\u00e3o e detec\u00e7\u00e3o de talentos no Voleibol de Praia e na organiza\u00e7\u00e3o de provas nacionais e internacionais, continua a alargar a sua influ\u00eancia e, simultaneamente, a permitir a utiliza\u00e7\u00e3o das suas instala\u00e7\u00f5es por parte de outros interessados.<br \/>\nDeste modo, a FPV promove a realiza\u00e7\u00e3o de treinos abertos para capta\u00e7\u00e3o de atletas com vista a municiar as Selec\u00e7\u00f5es Nacionais de Voleibol de Praia (atletas devidamente filiados na FPV) ao mesmo tempo que disponibiliza hor\u00e1rios para treinos, abertos \u00e0 comunidade em geral, no Pavilh\u00e3o Gimnodesportivo de\u00a0 Cortega\u00e7a.<\/p>\n<p><img loading=\"lazy\" decoding=\"async\" class=\"size-full wp-image-17624 aligncenter\" src=\"https:\/\/fpvoleibol.pt\/fpv\/wp-content\/uploads\/2022\/07\/bea_ines_vpesp2022_d.jpg\" alt=\"\" width=\"1000\" height=\"666\" srcset=\"https:\/\/fpvoleibol.pt\/fpv\/wp-content\/uploads\/2022\/07\/bea_ines_vpesp2022_d.jpg 1000w, https:\/\/fpvoleibol.pt\/fpv\/wp-content\/uploads\/2022\/07\/bea_ines_vpesp2022_d-300x200.jpg 300w, https:\/\/fpvoleibol.pt\/fpv\/wp-content\/uploads\/2022\/07\/bea_ines_vpesp2022_d-768x511.jpg 768w\" sizes=\"auto, (max-width: 1000px) 100vw, 1000px\" \/>Recorde-se que, bem recentemente, <strong>Beatriz Pinheiro <\/strong>e<strong> In\u00eas Castro<\/strong>, as atletas que formam a dupla <em>n.\u00ba 1<\/em> da <span style=\"text-decoration: underline;\">Selec\u00e7\u00e3o Nacional de Seniores Femininos,<\/span> realizaram um est\u00e1gio com atletas estrangeiras no <strong>Centro de Alto Rendimento de Voleibol de Praia<\/strong> (CARVP) da Federa\u00e7\u00e3o Portuguesa de Voleibol, localizado em Cortega\u00e7a, freguesia do munic\u00edpio de Ovar.<\/p>\n<p>\u00c0 semelhan\u00e7a de algumas outras que j\u00e1 visitaram o nosso Pa\u00eds com o mesmo prop\u00f3sito, as atletas italianas tinham j\u00e1 experi\u00eancia na variante da areia: Anna Dalmazzo, de 37 anos, disputa torneios de Voleibol de Praia h\u00e1 quase uma d\u00e9cada, e G<span style=\"text-decoration: underline;\">iulia Rastelli<\/span>, de 33 anos, jogadora de Voleibol de Praia mas que tamb\u00e9m actua no Polonia SideOut London, equipa do campeonato ingl\u00eas de Voleibol indoor, \u00e9 uma <em>velha conhecida<\/em> da dupla portuguesa depois do est\u00e1gio que realizou em Cortega\u00e7a no ano passado.<\/p>\n<p>Um momento importante e que pode resultar numa mais-valia para o arranque da nova \u00e9poca desportiva e, tamb\u00e9m, para aferir, entre outros aspectos, a evolu\u00e7\u00e3o das atletas portuguesas, campe\u00e3s nacionais em t\u00edtulo.<\/p>\n<p style=\"text-align: center;\"><span style=\"text-decoration: underline;\"><strong>\u00c1rbitros portugueses em ac\u00e7\u00e3o<br \/>\nno Voleibol de Praia<\/strong><\/span><\/p>\n<p style=\"text-align: center;\"><strong>Sandra Deveza<\/strong><br \/>\nBeach Pro Tour Challenge \u2013 Jurmala (Let\u00f3nia), de 15 a 18 de Junho de 2023.<br \/>\nBeach Pro Tour Challenge \u2013 Espinho, de 13 a 16 Julho de 2023.<\/p>\n<p style=\"text-align: center;\"><strong>S\u00e9rgio Pereira<\/strong><br \/>\nBeach Pro Tour Challenge \u2013 Espinho, de 13 a 16 Julho de 2023.<\/p>\n<p style=\"text-align: center;\"><strong>Maria Michelle Ferreira<\/strong><br \/>\nBeach Pro Tour Challenge \u2013 Espinho, de 13 a 16 Julho de 2023.<\/p>\n<p style=\"text-align: center;\"><strong>Rui Carvalho<\/strong><br \/>\nBeach Pro Tour Challenge \u2013 Itapema (Brasil), de 5 a 9 de Abril de 2023.<br \/>\nBeach Pro Tour Challenge \u2013 Saquarema (Brasil), de 11 a 16 de Abril de 2023.<br \/>\nBeach Pro Tour Elite 16 \u2013 Ostrava (Ch\u00e9quia), de 31 de Maio a 4 de Junho de 2023.<br \/>\nBeach Pro Tour Challenge \u2013 Espinho, de 13 a 16 Julho de 2023.<\/p>\n","protected":false},"excerpt":{"rendered":"<p>Rec\u00e9m-regressada ao nosso Pa\u00eds ap\u00f3s a participa\u00e7\u00e3o no Beach Pro Tour Challenge, etapa do Circuito Mundial de Voleibol de Praia que decorreu, at\u00e9 domingo, em La Paz (Baja California Sur), [&hellip;]<\/p>\n","protected":false},"author":2,"featured_media":23321,"comment_status":"open","ping_status":"open","sticky":false,"template":"","format":"standard","meta":{"_monsterinsights_skip_tracking":false,"_monsterinsights_sitenote_active":false,"_monsterinsights_sitenote_note":"","_monsterinsights_sitenote_category":0,"footnotes":""},"categories":[13,9],"tags":[74,71],"class_list":{"0":"post-23314","1":"post","2":"type-post","3":"status-publish","4":"format-standard","5":"has-post-thumbnail","7":"category-arbitragem","8":"category-voleibol-de-praia","9":"tag-beach-pro-tour","10":"tag-epoca-2022-2023","11":"czr-hentry"},"aioseo_notices":[],"_links":{"self":[{"href":"https:\/\/fpvoleibol.pt\/fpv\/wp-json\/wp\/v2\/posts\/23314","targetHints":{"allow":["GET"]}}],"collection":[{"href":"https:\/\/fpvoleibol.pt\/fpv\/wp-json\/wp\/v2\/posts"}],"about":[{"href":"https:\/\/fpvoleibol.pt\/fpv\/wp-json\/wp\/v2\/types\/post"}],"author":[{"embeddable":true,"href":"https:\/\/fpvoleibol.pt\/fpv\/wp-json\/wp\/v2\/users\/2"}],"replies":[{"embeddable":true,"href":"https:\/\/fpvoleibol.pt\/fpv\/wp-json\/wp\/v2\/comments?post=23314"}],"version-history":[{"count":5,"href":"https:\/\/fpvoleibol.pt\/fpv\/wp-json\/wp\/v2\/posts\/23314\/revisions"}],"predecessor-version":[{"id":23403,"href":"https:\/\/fpvoleibol.pt\/fpv\/wp-json\/wp\/v2\/posts\/23314\/revisions\/23403"}],"wp:featuredmedia":[{"embeddable":true,"href":"https:\/\/fpvoleibol.pt\/fpv\/wp-json\/wp\/v2\/media\/23321"}],"wp:attachment":[{"href":"https:\/\/fpvoleibol.pt\/fpv\/wp-json\/wp\/v2\/media?parent=23314"}],"wp:term":[{"taxonomy":"category","embeddable":true,"href":"https:\/\/fpvoleibol.pt\/fpv\/wp-json\/wp\/v2\/categories?post=23314"},{"taxonomy":"post_tag","embeddable":true,"href":"https:\/\/fpvoleibol.pt\/fpv\/wp-json\/wp\/v2\/tags?post=23314"}],"curies":[{"name":"wp","href":"https:\/\/api.w.org\/{rel}","templated":true}]}}