{"id":23293,"date":"2023-03-20T12:17:36","date_gmt":"2023-03-20T12:17:36","guid":{"rendered":"https:\/\/fpvoleibol.pt\/fpv\/?p=23293"},"modified":"2023-03-24T15:09:49","modified_gmt":"2023-03-24T15:09:49","slug":"portugueses-no-mundo-76","status":"publish","type":"post","link":"https:\/\/fpvoleibol.pt\/fpv\/2023\/03\/20\/portugueses-no-mundo-76\/","title":{"rendered":"PORTUGUESES NO MUNDO"},"content":{"rendered":"<p style=\"text-align: center;\"><strong><span style=\"font-size: 8pt;\"><img loading=\"lazy\" decoding=\"async\" class=\"size-full wp-image-23305 aligncenter\" src=\"https:\/\/fpvoleibol.pt\/fpv\/wp-content\/uploads\/2023\/03\/fener_top20marc.jpg\" alt=\"\" width=\"960\" height=\"804\" srcset=\"https:\/\/fpvoleibol.pt\/fpv\/wp-content\/uploads\/2023\/03\/fener_top20marc.jpg 960w, https:\/\/fpvoleibol.pt\/fpv\/wp-content\/uploads\/2023\/03\/fener_top20marc-300x251.jpg 300w, https:\/\/fpvoleibol.pt\/fpv\/wp-content\/uploads\/2023\/03\/fener_top20marc-768x643.jpg 768w\" sizes=\"auto, (max-width: 960px) 100vw, 960px\" \/>Imagem: <a href=\"https:\/\/tvf-web.dataproject.com\/CompetitionHome.aspx?ID=78\">Efeler Ligi<\/a><\/span><\/strong><\/p>\n<p>O Fenerbah\u00e7e HDI Sigorta (4.\u00ba), de <strong>Alexandre Ferreira<\/strong>, venceu com naturalidade (<a href=\"https:\/\/tvf-web.dataproject.com\/MatchStatistics.aspx?mID=9200&amp;ID=78&amp;CID=232&amp;PID=153&amp;type=LegList\">3-0: 25-16, 25-20 e 25-14<\/a>) na recep\u00e7\u00e3o ao Tokat Belediye Plevne, e mant\u00e9m-se no 3.\u00ba lugar na classifica\u00e7\u00e3o da <a href=\"https:\/\/tvf-web.dataproject.com\/CompetitionHome.aspx?ID=78\">Efeler Ligi<\/a>.<br \/>\nO capit\u00e3o da Selec\u00e7\u00e3o Nacional pontuou por 8 vezes (5 ataques, com 71 % de efic\u00e1cia, e 3 servi\u00e7os) e integrou, mais uma vez, a <a href=\"https:\/\/tvf-web.dataproject.com\/CompetitionHome.aspx?ID=78\">Equipa da Jornada<\/a>. Ver estat\u00edstica <a href=\"https:\/\/tvf-web.dataproject.com\/MatchStatistics.aspx?mID=9200&amp;ID=78&amp;CID=232&amp;PID=153&amp;type=LegList\">AQUI<\/a><br \/>\nAlex ocupa actualmente 2.\u00ba lugar entre os <a href=\"https:\/\/tvf-web.dataproject.com\/Statistics.aspx?ID=78&amp;PID=153\">zonas 4<\/a>, o 5.\u00ba lugar nos <a href=\"https:\/\/tvf-web.dataproject.com\/BestPlayerRankingComplete.aspx?ID=78&amp;rt=5\">melhores no servi\u00e7o<\/a>, com 33 <em>ases<\/em>, e o 7.\u00ba lugar na <a href=\"https:\/\/tvf-web.dataproject.com\/BestPlayerRankingComplete.aspx?ID=78&amp;rt=7\">recep\u00e7\u00e3o<\/a>.<br \/>\nNo dia 22 de Mar\u00e7o, o Fenerbah\u00e7e visita o Hekimoglu Global Connect Travels BVI, actual 10.\u00ba classificado.<\/p>\n<p>Na Pol\u00f3nia, o<span style=\"text-decoration: underline;\">\u00a0Aluron CMC Warta Zawiercie<\/span>, de\u00a0<strong>Miguel Tavares Rodrigues<\/strong>, venceu (<a href=\"https:\/\/www.plusliga.pl\/games\/id\/1102330.html#stats\">3-1: 25-14, 25-13, 17-25 e 25-15<\/a>) o Barkom Kazany Lw\u00f3w e subiu ao 2.\u00ba lugar (+ 1 jogo) no principal campeonato polaco (<a href=\"http:\/\/www.plusliga.pl\">PlusLiga<\/a>).<br \/>\nO distribuidor portugu\u00eas registou 4 pontos (3 servi\u00e7os e 1 ataque) e ocupa um lugar no <a href=\"https:\/\/www.plusliga.pl\/statsRanking.html\"><strong>Top 7<\/strong>\u00a0dos melhores<\/a> no servi\u00e7o.\u00a0Ver estat\u00edstica <a href=\"https:\/\/www.plusliga.pl\/games\/id\/1102330.html#stats\">AQUI<\/a><br \/>\nNo dia 25 de Mar\u00e7o, a equipa do distribuidor da Selec\u00e7\u00e3o Nacional visita o Slepsk Malow Suwalki, actual 10.\u00ba classificado.<\/p>\n<p>Na Rom\u00e9nia, o SCM Zalau, de\u00a0<strong>Filip Cveticanin<\/strong>, que perdeu pela margem m\u00ednima (<a href=\"https:\/\/frv-web.dataproject.com\/MatchStatistics.aspx?mID=2289&amp;ID=30&amp;CID=70&amp;PID=38&amp;type=LegList\">2-3: 36-34, 20-25, 22-25, 25-20 e 13-15<\/a>) no primeiro jogo dos quartos-de-final da I <a style=\"color: #001b2e;\" href=\"https:\/\/frv-web.dataproject.com\/CompetitionMatches.aspx?ID=30&amp;PID=38\">Divis\u00e3o Romena<\/a>, recebe o Arcada Galati no segundo jogo, agendado para o dia 25 de Mar\u00e7o.<br \/>\nO central lusitano \u00e9 actualmente o vice-l\u00edder do ranking dos <a href=\"https:\/\/frv-web.dataproject.com\/CompetitionHome.aspx?ID=30\">melhores blocadores<\/a>, contabilizando 62 blocos.<\/p>\n<p style=\"text-align: center;\"><strong><span style=\"font-size: 8pt;\"><img loading=\"lazy\" decoding=\"async\" class=\"size-full wp-image-23304 aligncenter\" src=\"https:\/\/fpvoleibol.pt\/fpv\/wp-content\/uploads\/2023\/03\/anthea_dd.jpg\" alt=\"\" width=\"960\" height=\"646\" srcset=\"https:\/\/fpvoleibol.pt\/fpv\/wp-content\/uploads\/2023\/03\/anthea_dd.jpg 960w, https:\/\/fpvoleibol.pt\/fpv\/wp-content\/uploads\/2023\/03\/anthea_dd-300x202.jpg 300w, https:\/\/fpvoleibol.pt\/fpv\/wp-content\/uploads\/2023\/03\/anthea_dd-768x517.jpg 768w\" sizes=\"auto, (max-width: 960px) 100vw, 960px\" \/>Imagem: <a href=\"https:\/\/www.legavolleyfemminile.it\/\">legavolleyfemminile.it<\/a><\/span><\/strong><\/p>\n<p>Em It\u00e1lia, o Anthea Vicenza Volley, de <strong>J\u00falia Kavalenka<\/strong>,\u00a0recebeu e derrotou (<a href=\"https:\/\/www.legavolleyfemminile.it\/match-center\/745888\/statistiche\/\">3-1: 25-22, 25-23, 22-25 e 26-24<\/a>) o Orocash Lecco na 2.\u00aa jornada da <a href=\"https:\/\/www.legavolleyfemminile.it\/risultati\/?campionato=710283&amp;stagione=2022\">Pool Salvezza A2<\/a>\u00a0da <a style=\"color: #001b2e;\" href=\"https:\/\/www.legavolleyfemminile.it\/risultati\/?campionato=710278&amp;stagione=2022&amp;giornata=712787\">Serie A2 B da Liga Italiana<\/a>.<br \/>\nA oposta da Selec\u00e7\u00e3o Nacional contabilizou 16 pontos (15 ataques e 1 bloco). Ver estat\u00edstica <a href=\"https:\/\/www.legavolleyfemminile.it\/match-center\/745888\/statistiche\/\">AQUI<\/a><br \/>\nNa 3.\u00aa jornada da <a href=\"https:\/\/www.legavolleyfemminile.it\/classifica\/?campionato=710283&amp;stagione=2022\">Pool Salvezza A2<\/a>, agendada para o dia 22 de Mar\u00e7o, o Anthea Vicenza Volley (5.\u00ba) recebe o Emilbronzo 2000 Montale (6.\u00ba).<br \/>\nJ\u00falia Kavalenka integra actualmente o <a href=\"https:\/\/www.legavolleyfemminile.it\/centro-statistiche\/?stagione=2022&amp;serie=2&amp;tipocomp=RS\">Top 11<\/a>\u00a0das melhores atacantes da <a href=\"https:\/\/www.legavolleyfemminile.it\/risultati\/?campionato=710278&amp;stagione=2022&amp;giornata=712787\">Serie A2 da Liga Italiana<\/a>.<\/p>\n<p>Ainda em\u00a0It\u00e1lia, o WithU Verona, de <strong>Gustavo Cavalcanti<\/strong>, registou uma suada (<a href=\"https:\/\/www.legavolley.it\/match\/36802\">3-0: 26-24, 31-29 e 26-24<\/a>) mas importante vit\u00f3ria no recinto do Lube Civitanova, no 1.\u00ba jogo do <a href=\"https:\/\/www.legavolley.it\/risultati\/?Anno=2022&amp;IdCampionato=886\">Playoff dos quartos-de-final<\/a> da <a href=\"https:\/\/www.legavolley.it\/?h=1\">Superlega Credem Banca (A1)<\/a>.<br \/>\nO Verona recebe o Civitanova, vencedor da Liga dos Campe\u00f5es e do Mundial de Clubes em 2019, no 2.\u00ba jogo do Playoff no dia 22 de Mar\u00e7o.<\/p>\n<p>Em Fran\u00e7a, o <span style=\"text-decoration: underline;\">Saint-Nazaire VB Atlantique<\/span>, de <strong>Louren\u00e7o Martins<\/strong>, que chegou a liderar o principal campeonato gaul\u00eas esta \u00e9poca, voltou a perder \u2013 <a href=\"https:\/\/datavolley.lnv.fr\/2022\/DataVolley\/Men\/LAM173-2023.pdf\">1-3 (22-25, 25-23, 26-28 e 19-25)<\/a> na recep\u00e7\u00e3o ao Montpellier \u2013 e continua a ocupar\u00a0o 6.\u00ba lugar na tabela classificativa da <strong><a href=\"https:\/\/www.lnv.fr\">Ligue A<\/a><\/strong>.<br \/>\nNo dia 25 de Mar\u00e7o, o Saint-Nazaire recebe o Narbonne (4.\u00ba).<\/p>\n<p style=\"text-align: left;\">Em Espanha, o Unicaja Costa de Almer\u00eda, de <strong>Marco Ferreira<\/strong>, recebeu e derrotou (<a href=\"https:\/\/rfevb-web.dataproject.com\/MatchStatistics.aspx?mID=10318&amp;ID=111&amp;CID=264&amp;PID=137&amp;type=LegList\">3-0: 28-26, 25-17 e 25-18<\/a>) o Pamesa Teruel Voleibol e terminou a fase regular no 6.\u00ba lugar da classifica\u00e7\u00e3o da <a href=\"https:\/\/www.rfevb.com\/competiciones\/superliga-masculina\">Superliga Espanhola<\/a>. Ver estat\u00edstica <a href=\"https:\/\/rfevb-web.dataproject.com\/MatchStatistics.aspx?mID=10318&amp;ID=111&amp;CID=264&amp;PID=137&amp;type=LegList\">AQUI<\/a><br \/>\nNos Playoffs, o Unicaja Costa de Almer\u00eda vai voltar a defrontar o Pamesa Teruel Voleibol (3.\u00ba lugar na 1.\u00aa fase), estando primeiro jogo agendado para o dia 25 de Mar\u00e7o, no recinto da equipa do oposto portugu\u00eas.<br \/>\nNeste momento, Marco Ferreira integra o <a href=\"https:\/\/rfevb-web.dataproject.com\/Statistics.aspx?ID=111\">Top 6<\/a>\u00a0dos melhores opostos da Superliga.<\/p>\n<p>Ainda na vizinha Espanha, o CV Sayre CC La Ballena, de <strong>Marta Hurst<\/strong>, saiu derrotado (<a href=\"https:\/\/rfevb-web.dataproject.com\/MatchStatistics.aspx?mID=10340&amp;ID=110&amp;CID=262&amp;PID=136&amp;type=LegList\">1-3: 18-25, 22-25, 25-16 e 17-25<\/a>) da visita ao DSV CV Sant Cugat e terminou no 7.\u00ba lugar a fase regular da <a href=\"https:\/\/www.rfevb.com\/liga-iberdrola-clasificacion\">Liga Iberdrola<\/a>, ficando fora dos Playoffs dos quartos-de-final.<br \/>\nA capit\u00e3 do Sayre foi a segunda melhor pontuadora do jogo ao registar 20 (18 ataques e 2 blocos) e mereceu uma refer\u00eancia no <a href=\"https:\/\/www.rfevb.com\/liga-iberdrola-tops-de-la-jornada\">Tops de la Jornada<\/a> como a terceira melhor pontuadora da 22.\u00aa ronda. Ver estat\u00edstica <a href=\"https:\/\/rfevb-web.dataproject.com\/MatchStatistics.aspx?mID=10340&amp;ID=110&amp;CID=262&amp;PID=136&amp;type=LegList\">AQUI<\/a><br \/>\nA zona 4 lusa \u00e9 actualmente a 3.\u00aa classificada nas <a href=\"https:\/\/rfevb-web.dataproject.com\/BestPlayerRankingComplete.aspx?ID=110&amp;rt=5\">melhores no servi\u00e7o<\/a> e a 2.\u00aa nas <a href=\"https:\/\/rfevb-web.dataproject.com\/BestPlayerRankingComplete.aspx?ID=110&amp;rt=4\">melhores pontuadoras<\/a>, sendo ainda a 5.\u00aa classificada na lista de <a href=\"https:\/\/rfevb-web.dataproject.com\/Statistics.aspx?ID=110&amp;PID=136\">melhores jogadoras na sua posi\u00e7\u00e3o<\/a> nesta edi\u00e7\u00e3o da <a href=\"https:\/\/www.rfevb.com\/liga-iberdrola-clasificacion\">Liga Iberdrola<\/a>. Ver mais informa\u00e7\u00f5es <a href=\"https:\/\/rfevb-web.dataproject.com\/Statistics.aspx?ID=110\">AQUI<\/a><\/p>\n<p class=\"auto-style1\" style=\"text-align: center;\"><span style=\"text-decoration: underline;\">Atletas \/ t\u00e9cnicos que actuam no estrangeiro e\/ou com<b> *inscri\u00e7\u00e3o iniciada em 2022\/2023<\/b>:<\/span><\/p>\n<p><strong><span style=\"text-decoration: underline;\">Processo conclu\u00eddo<\/span><br \/>\n<\/strong><a href=\"https:\/\/www.facebook.com\/fbhdisigorta\" target=\"_blank\" rel=\"noopener noreferrer\">Fenerbah\u00e7e HDI Sigorta (Turquia)<\/a> \u2013 Alexandre Ferreira<br \/>\n<a href=\"https:\/\/www.facebook.com\/Vicenzavolley\/\">Anthea Vicenza Volley (It\u00e1lia)<\/a> \u2013 J\u00falia Kavalenka<br \/>\n<a href=\"http:\/\/www.plusliga.pl\/en\/teams\/id\/30288.html\" target=\"_blank\" rel=\"noopener noreferrer\">Aluron Warta Zawiercie (Pol\u00f3nia)<\/a> \u2013 Miguel Tavares Rodrigues<br \/>\n<a href=\"https:\/\/www.lindemansaalst.be\/\">VB Lindemans Aalst (B\u00e9lgica)<\/a> \u2013 Jos\u00e9 Pedro Monteiro<br \/>\n<a href=\"https:\/\/www.facebook.com\/voleirapid\">Volei Rapid Bucuresti (Rom\u00e9nia)<\/a>\u00a0\u2013 Jos\u00e9 Pedro Gomes<br \/>\n<a href=\"https:\/\/www.facebook.com\/SportClubMunicipalZalau\">SCM Zalau (Rom\u00e9nia)<\/a> \u2013 Filip Cveticanin<br \/>\n<a href=\"https:\/\/almeriavoley.es\/\">CV Almeria (Espanha)<\/a>\u00a0\u2013 Marco Ferreira<br \/>\n<a href=\"https:\/\/www.facebook.com\/Club-Voleibol-Sayre-Mayser-Gran-Canaria-174626499227342\/\">CV Sayre Mayser Gran Canaria (Espanha)<\/a>\u00a0\u2013 Marta Hurst<br \/>\n<a href=\"http:\/\/www.snvba.net\/\" target=\"_blank\" rel=\"noopener noreferrer\">Saint-Nazaire VB Atlantique (Fran\u00e7a)<\/a> \u2013 Louren\u00e7o Martins<br \/>\n<a href=\"https:\/\/www.legavolley.it\/team\/6242\">Verona Volley (It\u00e1lia)<\/a> \u2013 Gustavo Cavalcanti<br \/>\n<a href=\"https:\/\/www.istres-volley.fr\/equipe-premiere\/lequipe\/\" target=\"_blank\" rel=\"noopener noreferrer\">Istres Ouest-Provence Volley-Ball (Fran\u00e7a)<\/a>\u00a0\u2013 Beatriz Santos<br \/>\n<a href=\"https:\/\/www.facebook.com\/AlCaudryVolleyBall\/\" target=\"_blank\" rel=\"noopener noreferrer\">Al Caudry Volley-Ball (Fran\u00e7a)<\/a>\u00a0\u2013 Joana Gonzalez<br \/>\n<a href=\"https:\/\/www.facebook.com\/AlCaudryVolleyBall\/\" target=\"_blank\" rel=\"noopener noreferrer\">Al Caudry Volley-Ball (Fran\u00e7a)<\/a> \u2013 Alexandre Vieira<br \/>\n<a href=\"https:\/\/www.vnvb.fr\/\">Vand\u0153uvre Nancy Volley-Ball (Fran\u00e7a)<\/a> \u2013 Jo\u00e3o Scheltinga<br \/>\n<a href=\"https:\/\/pavvb.fr\/\">Pays d&#8217;Aix Venelles Volley-Ball (Fran\u00e7a)<\/a> \u2013 Laura Castro Dias<br \/>\n<a href=\"https:\/\/www.camevolley.com\/\">Cercle Athl\u00e9tique Municipal d\u2019\u00c9pinal (Fran\u00e7a)<\/a> \u2013 Vict\u00f3ria Soares<br \/>\n<a href=\"https:\/\/www.camevolley.com\/\">Cercle Athl\u00e9tique Municipal d\u2019\u00c9pinal (Fran\u00e7a)<\/a> \u2013 Maria Helena Sampaio<br \/>\n<a href=\"https:\/\/www.facebook.com\/asberckvolleyball\/\">AS Berck Volley-ball (Fran\u00e7a)<\/a> \u2013 Ana Rita Lisboa<br \/>\n<a href=\"https:\/\/www.facebook.com\/USVvolleyball\">US Villejuif (Fran\u00e7a)<\/a> \u2013 Maressa Pavuna<br \/>\n<a href=\"https:\/\/laillevolley.fr\/\">Union Sportive Laille (Fran\u00e7a)<\/a> \u2013 Tiago Fernandes<br \/>\n<a href=\"https:\/\/ksvolley.dk\/en\/\">KSV &#8211; Kobenhavns Studenter Volley (Dinamarca)<\/a> \u2013 Pedro Varela Fernandes<br \/>\n<a href=\"http:\/\/www.le-volleys.de\/regionalliga-ost.html\" target=\"_blank\" rel=\"noopener noreferrer\">LE Volleys (Alemanha)<\/a> \u2013 Lorena Matilde Silveira<br \/>\n<a href=\"https:\/\/www.facebook.com\/VolleyballEchternach\">VB Echternach (Luxemburgo<\/a>) \u2013 Daniel Dias Amorim<br \/>\n<a href=\"https:\/\/www.facebook.com\/IBBPoloniaVC\">IBB Polonia London Volleyball Club (Inglaterra)<\/a> \u2013 Jo\u00e3o Alves<br \/>\n<a href=\"https:\/\/southamptonvolleyball.co.uk\/\">Southampton Volleyball Clube (Inglaterra)<\/a>\u00a0\u2013 Ema Sofia Carneiro<br \/>\n<a href=\"http:\/\/www.darkstarvolleyball.com\/our-teams\/male-player\/\">Darkstar Derbyshire (Inglaterra)<\/a> \u2013 Marcelo Goulart<br \/>\n<a href=\"https:\/\/www.facebook.com\/UoBvolleyballclub\/\">University of Bristol Volleyball Club (Inglaterra)<\/a> \u2013 Rita Castro Birra<br \/>\n<a href=\"https:\/\/southamptonvolleyball.co.uk\/\">Southampton Volleyball Clube (Inglaterra)<\/a>\u00a0\u2013 Maria Lima Antunes<br \/>\n<a href=\"https:\/\/www.cambridgevolleyball.org\/about-cambridge-volleyball-club\/\">Cambridge VC (Inglaterra)<\/a> \u2013 Vasco Martins<br \/>\n<a href=\"https:\/\/www.facebook.com\/pgsrebavolley\/\">AS PGS Reba Torino (It\u00e1lia)<\/a> \u2013 Alexandre Baptista Al\u00edpio<br \/>\n<a href=\"https:\/\/www.volleypizol.org\/\">Volley Pizol (Su\u00ed\u00e7a)<\/a> \u2013 Carla Nina de Oliveira<br \/>\n<a href=\"http:\/\/www.cityofedinburghvolleyball.co.uk\/index2.html\">City of Edinburgh (Esc\u00f3cia)<\/a> \u2013 Joaquim Carvalho<br \/>\n<a href=\"https:\/\/www.facebook.com\/birkirkaravolleyball\">Birkirkara Volleyball Club (Malta)<\/a> \u2013 Ashley Rose Fantazia<\/p>\n<p><span style=\"text-decoration: underline;\"><span class=\"auto-style7\"><strong>Treinadores<\/strong><\/span><\/span>:<br \/>\n<a href=\"https:\/\/www.facebook.com\/toursvolleyball\">Tours VB (Fran\u00e7a)<\/a> \u2013 David Sousa<br \/>\n<a href=\"https:\/\/www.vnvb.fr\/\">Vand\u0153uvre Nancy Volley-Ball (Fran\u00e7a)<\/a> \u2013 Andr\u00e9 S\u00e1<br \/>\n<a href=\"https:\/\/www.vnvb.fr\/\">Vand\u0153uvre Nancy Volley-Ball (Fran\u00e7a)<\/a> \u2013 Jo\u00e3o Scheltinga<br \/>\n<a href=\"https:\/\/www.facebook.com\/Club-Voleibol-Sayre-Mayser-Gran-Canaria-174626499227342\/\">CV Sayre Mayser Gran Canaria (Espanha)<\/a> \u2013 R\u00faben Fevereiro<br \/>\n<a href=\"https:\/\/www.lindemansaalst.be\/\">Lindemans Aalst (B\u00e9lgica)<\/a>\u00a0\u2013 Idner Martins<br \/>\n<a href=\"https:\/\/www.volleya.ch\/\">Raiffeisen Volleya Obwalden NLB (Alemanha)<\/a>\u00a0\u2013 Filipe Carrasco Soares<br \/>\n<a href=\"https:\/\/www.facebook.com\/roteraben\">Rote Raben Vilsbiburg (Alemanha)<\/a> \u2013 Jo\u00e3o David<br \/>\n<a href=\"https:\/\/www.facebook.com\/Blue-volei-clube-1752350595073998\/\" target=\"_blank\" rel=\"noopener noreferrer\">Blue Volei Clube (Angola)<\/a>\u00a0\u2013 Andr\u00e9 Pereira<br \/>\n<a href=\"https:\/\/www.facebook.com\/ZESARVFM\/\">Volleyball Franches-Montagnes (Su\u00ed\u00e7a)<\/a> &#8211; Eduardo Faustino<br \/>\n<a href=\"https:\/\/www.facebook.com\/Cork-Volleyball-Academy-100484505416947\/\">Cork Volleyball Academy (Irlanda)<\/a> \u2013 Ant\u00f3nio Barros<\/p>\n<p style=\"text-align: center;\"><strong>\u00c1rbitros portugueses em ac\u00e7\u00e3o<\/strong><\/p>\n<p><strong>Ricardo Ferreira<\/strong><br \/>\nA. Carraro Imoco Conegliano (It\u00e1lia) x Fenerbahce Opet Istanbul (Turquia), dos quartos-de-final da Liga dos Campe\u00f5es &#8211; Femininos, no dia 23 de Mar\u00e7o de 2023.<\/p>\n<p><strong>V\u00edtor Gon\u00e7alves<\/strong><br \/>\nB\u00e9lgica x B\u00f3snia-Herzegovina, da Golden League &#8211; Femininos, no dia 27 de Maio de 2023.<strong><br \/>\n<\/strong>Campeonato do Mundo de Sub-19 Masculinos, na Argentina, de 4 a 13 de Agosto de 2023.<\/p>\n<p><strong>Nuno Teixeira<\/strong><br \/>\nPortugal x Montenegro, European Silver League 2023 &#8211; Femininos, no dia 31 de Maio de 2023.<\/p>\n<p><strong>Jos\u00e9 Caramez<\/strong><br \/>\nPortugal x Ge\u00f3rgia, European Silver League 2023 &#8211; Femininos, no dia 28 de Maio de 2023.<\/p>\n<p><strong>Raquel Portela<br \/>\n<\/strong>Thy Istanbul (Turquia) x Savino Del Bene Scandicci (It\u00e1lia), das meias-finais da Ta\u00e7a CEV &#8211; Femininos, no dia 23 de Mar\u00e7o de 2023.<br \/>\nPortugal x Turquia, European Golden League 2023 &#8211; Masculinos, no dia 31 de Maio de 2023.<br \/>\nPortugal x Ilhas Faro\u00e9, European Silver League 2023 &#8211; Femininos, no dia 11 de Junho de 2023.<\/p>\n<p><strong>Nuno Maia<\/strong><br \/>\nPortugal x Rom\u00e9nia, European Golden League 2023 &#8211; Masculinos, no dia 27 de Maio de 2023.<\/p>\n<p><strong>Pedro Pinto<\/strong><br \/>\nPortugal x Dinamarca, European Golden League 2023 &#8211; Masculinos, no dia 10 de Junho de 2023.<\/p>\n<p style=\"text-align: center;\"><strong>Voleibol de Praia<\/strong><\/p>\n<p><strong>Sandra Deveza<\/strong><br \/>\nBeach Pro Tour Challenge \u2013 Jurmala (Let\u00f3nia), de 15 a 18 de Junho de 2023.<br \/>\nBeach Pro Tour Challenge \u2013 Espinho, de 13 a 16 Julho de 2023.<\/p>\n<p><strong>S\u00e9rgio Pereira<\/strong><br \/>\nBeach Pro Tour Challenge \u2013 Espinho, de 13 a 16 Julho de 2023.<\/p>\n<p><strong>Maria Michelle Ferreira<\/strong><br \/>\nBeach Pro Tour Challenge \u2013 Espinho, de 13 a 16 Julho de 2023.<\/p>\n<p><strong>Rui Carvalho<\/strong><br \/>\nBeach Pro Tour Challenge \u2013 Itapema (Brasil), de 5 a 9 de Abril de 2023.<br \/>\nBeach Pro Tour Challenge \u2013 Saquarema (Brasil), de 11 a 16 de Abril de 2023.<br \/>\nBeach Pro Tour Elite 16 \u2013 Ostrava (Ch\u00e9quia), de 31 de Maio a 4 de Junho de 2023.<br \/>\nBeach Pro Tour Challenge \u2013 Espinho, de 13 a 16 Julho de 2023.<\/p>\n<p style=\"text-align: center;\">Mais informa\u00e7\u00f5es em <a href=\"https:\/\/www.cev.eu\/\">CEV<\/a> e <a href=\"https:\/\/www.fivb.com\/\">FIVB<\/a><\/p>\n","protected":false},"excerpt":{"rendered":"<p>Imagem: Efeler Ligi O Fenerbah\u00e7e HDI Sigorta (4.\u00ba), de Alexandre Ferreira, venceu com naturalidade (3-0: 25-16, 25-20 e 25-14) na recep\u00e7\u00e3o ao Tokat Belediye Plevne, e mant\u00e9m-se no 3.\u00ba lugar [&hellip;]<\/p>\n","protected":false},"author":2,"featured_media":22286,"comment_status":"open","ping_status":"open","sticky":false,"template":"","format":"standard","meta":{"_monsterinsights_skip_tracking":false,"_monsterinsights_sitenote_active":false,"_monsterinsights_sitenote_note":"","_monsterinsights_sitenote_category":0,"footnotes":""},"categories":[13,8],"tags":[71,52],"class_list":{"0":"post-23293","1":"post","2":"type-post","3":"status-publish","4":"format-standard","5":"has-post-thumbnail","7":"category-arbitragem","8":"category-voleibol","9":"tag-epoca-2022-2023","10":"tag-portugueses-no-mundo","11":"czr-hentry"},"aioseo_notices":[],"_links":{"self":[{"href":"https:\/\/fpvoleibol.pt\/fpv\/wp-json\/wp\/v2\/posts\/23293","targetHints":{"allow":["GET"]}}],"collection":[{"href":"https:\/\/fpvoleibol.pt\/fpv\/wp-json\/wp\/v2\/posts"}],"about":[{"href":"https:\/\/fpvoleibol.pt\/fpv\/wp-json\/wp\/v2\/types\/post"}],"author":[{"embeddable":true,"href":"https:\/\/fpvoleibol.pt\/fpv\/wp-json\/wp\/v2\/users\/2"}],"replies":[{"embeddable":true,"href":"https:\/\/fpvoleibol.pt\/fpv\/wp-json\/wp\/v2\/comments?post=23293"}],"version-history":[{"count":13,"href":"https:\/\/fpvoleibol.pt\/fpv\/wp-json\/wp\/v2\/posts\/23293\/revisions"}],"predecessor-version":[{"id":23404,"href":"https:\/\/fpvoleibol.pt\/fpv\/wp-json\/wp\/v2\/posts\/23293\/revisions\/23404"}],"wp:featuredmedia":[{"embeddable":true,"href":"https:\/\/fpvoleibol.pt\/fpv\/wp-json\/wp\/v2\/media\/22286"}],"wp:attachment":[{"href":"https:\/\/fpvoleibol.pt\/fpv\/wp-json\/wp\/v2\/media?parent=23293"}],"wp:term":[{"taxonomy":"category","embeddable":true,"href":"https:\/\/fpvoleibol.pt\/fpv\/wp-json\/wp\/v2\/categories?post=23293"},{"taxonomy":"post_tag","embeddable":true,"href":"https:\/\/fpvoleibol.pt\/fpv\/wp-json\/wp\/v2\/tags?post=23293"}],"curies":[{"name":"wp","href":"https:\/\/api.w.org\/{rel}","templated":true}]}}