{"id":23197,"date":"2023-03-14T12:21:53","date_gmt":"2023-03-14T12:21:53","guid":{"rendered":"https:\/\/fpvoleibol.pt\/fpv\/?p=23197"},"modified":"2023-03-14T12:21:53","modified_gmt":"2023-03-14T12:21:53","slug":"partilhas-do-sucesso-com-a-antv","status":"publish","type":"post","link":"https:\/\/fpvoleibol.pt\/fpv\/2023\/03\/14\/partilhas-do-sucesso-com-a-antv\/","title":{"rendered":"\u00abPARTILHAS DO SUCESSO\u00bb COM A ANTV"},"content":{"rendered":"<p><img loading=\"lazy\" decoding=\"async\" class=\"size-full wp-image-23199 aligncenter\" src=\"https:\/\/fpvoleibol.pt\/fpv\/wp-content\/uploads\/2023\/03\/Partilhas_de_sucesso1.jpg\" alt=\"\" width=\"960\" height=\"960\" srcset=\"https:\/\/fpvoleibol.pt\/fpv\/wp-content\/uploads\/2023\/03\/Partilhas_de_sucesso1.jpg 960w, https:\/\/fpvoleibol.pt\/fpv\/wp-content\/uploads\/2023\/03\/Partilhas_de_sucesso1-300x300.jpg 300w, https:\/\/fpvoleibol.pt\/fpv\/wp-content\/uploads\/2023\/03\/Partilhas_de_sucesso1-150x150.jpg 150w, https:\/\/fpvoleibol.pt\/fpv\/wp-content\/uploads\/2023\/03\/Partilhas_de_sucesso1-768x768.jpg 768w, https:\/\/fpvoleibol.pt\/fpv\/wp-content\/uploads\/2023\/03\/Partilhas_de_sucesso1-510x510.jpg 510w\" sizes=\"auto, (max-width: 960px) 100vw, 960px\" \/>A <strong>Associa\u00e7\u00e3o Nacional de Treinadores de Voleibol<\/strong> (ANTV) organiza no dia 19 de Mar\u00e7o a segunda sess\u00e3o das \u00ab<strong>Partilhas do Sucesso\u00bb<\/strong>, que ter\u00e1 como prelectores os treinadores Alo\u00edzio Costa e Diogo Rodrigues.<\/p>\n<p>Com a iniciativa \u00ab<strong>Partilhas do Sucesso\u00bb<\/strong>, a ANTV convida\/desafia os treinadores das equipas campe\u00e3s nos diversos escal\u00f5es de forma\u00e7\u00e3o da \u00e9poca de 2021\/2022 a partilharem &#8220;<em>os contextos, factores de sucesso, dificuldades, op\u00e7\u00f5es, que caracterizaram o seu trabalho e que possam ter contribu\u00eddo para o sucesso alcan\u00e7ado. Ser\u00e1 um ciclo de periodicidade mensal de v\u00e1rias dessas partilhas com os diversos treinadores e todas as nossas ac\u00e7\u00f5es ser\u00e3o creditadas para os s\u00f3cios ANTV<\/em>&#8220;.<\/p>\n<p>As partilhas arrancaram no dia 26 de Fevereiro, com os treinadores Pedro Sousa e Diogo Botto, treinadores campe\u00f5es nacionais no escal\u00e3o de Juvenis, respectivamente nos masculinos e nos femininos, da \u00e9poca passada.<\/p>\n<p>A pr\u00f3xima partilha ser\u00e1 este domingo, pelas 21h00, atrav\u00e9s da plataforma Zoom, com os treinadores Alo\u00edzio Costa e Diogo Rodrigues, campe\u00f5es nacionais respectivamente de Infantis e Juniores B masculinos.<\/p>\n<p>Inscri\u00e7\u00e3o atrav\u00e9s do link:\u00a0<\/p>\n<p style=\"text-align: center;\"><span style=\"text-decoration: underline;\"><strong>Calend\u00e1rio \u00abPartilhas do Sucesso\u00bb<\/strong><\/span><\/p>\n<p><img loading=\"lazy\" decoding=\"async\" class=\"size-full wp-image-23198 aligncenter\" src=\"https:\/\/fpvoleibol.pt\/fpv\/wp-content\/uploads\/2023\/03\/Partilhas_de_sucesso2.jpg\" alt=\"\" width=\"960\" height=\"960\" srcset=\"https:\/\/fpvoleibol.pt\/fpv\/wp-content\/uploads\/2023\/03\/Partilhas_de_sucesso2.jpg 960w, https:\/\/fpvoleibol.pt\/fpv\/wp-content\/uploads\/2023\/03\/Partilhas_de_sucesso2-300x300.jpg 300w, https:\/\/fpvoleibol.pt\/fpv\/wp-content\/uploads\/2023\/03\/Partilhas_de_sucesso2-150x150.jpg 150w, https:\/\/fpvoleibol.pt\/fpv\/wp-content\/uploads\/2023\/03\/Partilhas_de_sucesso2-768x768.jpg 768w, https:\/\/fpvoleibol.pt\/fpv\/wp-content\/uploads\/2023\/03\/Partilhas_de_sucesso2-510x510.jpg 510w\" sizes=\"auto, (max-width: 960px) 100vw, 960px\" \/><\/p>\n<p style=\"text-align: center;\">No dia 1 de Maio as sess\u00f5es ser\u00e3o presenciais e em simult\u00e2neo no Porto e em Lisboa.<\/p>\n<p style=\"text-align: center;\"><strong>Mais informa\u00e7\u00f5es <a href=\"https:\/\/www.facebook.com\/ANTV.org\/\">AQUI<\/a><\/strong><\/p>\n","protected":false},"excerpt":{"rendered":"<p>A Associa\u00e7\u00e3o Nacional de Treinadores de Voleibol (ANTV) organiza no dia 19 de Mar\u00e7o a segunda sess\u00e3o das \u00abPartilhas do Sucesso\u00bb, que ter\u00e1 como prelectores os treinadores Alo\u00edzio Costa e [&hellip;]<\/p>\n","protected":false},"author":2,"featured_media":23200,"comment_status":"open","ping_status":"open","sticky":false,"template":"","format":"standard","meta":{"_monsterinsights_skip_tracking":false,"_monsterinsights_sitenote_active":false,"_monsterinsights_sitenote_note":"","_monsterinsights_sitenote_category":0,"footnotes":""},"categories":[8],"tags":[],"class_list":{"0":"post-23197","1":"post","2":"type-post","3":"status-publish","4":"format-standard","5":"has-post-thumbnail","7":"category-voleibol","8":"czr-hentry"},"aioseo_notices":[],"_links":{"self":[{"href":"https:\/\/fpvoleibol.pt\/fpv\/wp-json\/wp\/v2\/posts\/23197","targetHints":{"allow":["GET"]}}],"collection":[{"href":"https:\/\/fpvoleibol.pt\/fpv\/wp-json\/wp\/v2\/posts"}],"about":[{"href":"https:\/\/fpvoleibol.pt\/fpv\/wp-json\/wp\/v2\/types\/post"}],"author":[{"embeddable":true,"href":"https:\/\/fpvoleibol.pt\/fpv\/wp-json\/wp\/v2\/users\/2"}],"replies":[{"embeddable":true,"href":"https:\/\/fpvoleibol.pt\/fpv\/wp-json\/wp\/v2\/comments?post=23197"}],"version-history":[{"count":3,"href":"https:\/\/fpvoleibol.pt\/fpv\/wp-json\/wp\/v2\/posts\/23197\/revisions"}],"predecessor-version":[{"id":23203,"href":"https:\/\/fpvoleibol.pt\/fpv\/wp-json\/wp\/v2\/posts\/23197\/revisions\/23203"}],"wp:featuredmedia":[{"embeddable":true,"href":"https:\/\/fpvoleibol.pt\/fpv\/wp-json\/wp\/v2\/media\/23200"}],"wp:attachment":[{"href":"https:\/\/fpvoleibol.pt\/fpv\/wp-json\/wp\/v2\/media?parent=23197"}],"wp:term":[{"taxonomy":"category","embeddable":true,"href":"https:\/\/fpvoleibol.pt\/fpv\/wp-json\/wp\/v2\/categories?post=23197"},{"taxonomy":"post_tag","embeddable":true,"href":"https:\/\/fpvoleibol.pt\/fpv\/wp-json\/wp\/v2\/tags?post=23197"}],"curies":[{"name":"wp","href":"https:\/\/api.w.org\/{rel}","templated":true}]}}