{"id":23089,"date":"2023-03-11T20:27:42","date_gmt":"2023-03-11T20:27:42","guid":{"rendered":"https:\/\/fpvoleibol.pt\/fpv\/?p=23089"},"modified":"2023-03-12T02:40:57","modified_gmt":"2023-03-12T02:40:57","slug":"benfica-vence-sporting-e-esta-na-final-da-taca-placard","status":"publish","type":"post","link":"https:\/\/fpvoleibol.pt\/fpv\/2023\/03\/11\/benfica-vence-sporting-e-esta-na-final-da-taca-placard\/","title":{"rendered":"BENFICA VENCE SPORTING E EST\u00c1 NA FINAL DA TA\u00c7A PLACARD"},"content":{"rendered":"<p><img loading=\"lazy\" decoding=\"async\" class=\"size-full wp-image-23104 aligncenter\" src=\"https:\/\/fpvoleibol.pt\/fpv\/wp-content\/uploads\/2023\/03\/SCPXSLB_DD1.jpg\" alt=\"\" width=\"960\" height=\"640\" srcset=\"https:\/\/fpvoleibol.pt\/fpv\/wp-content\/uploads\/2023\/03\/SCPXSLB_DD1.jpg 960w, https:\/\/fpvoleibol.pt\/fpv\/wp-content\/uploads\/2023\/03\/SCPXSLB_DD1-300x200.jpg 300w, https:\/\/fpvoleibol.pt\/fpv\/wp-content\/uploads\/2023\/03\/SCPXSLB_DD1-768x512.jpg 768w\" sizes=\"auto, (max-width: 960px) 100vw, 960px\" \/>A equipa de seniores masculinos do SL Benfica apurou-se hoje para a <strong>Final da Ta\u00e7a de Portugal Placard<\/strong> ao vencer o rival Sporting CP, por <a href=\"https:\/\/fpv-web.dataproject.com\/MatchStatistics.aspx?mID=7522&amp;ID=77&amp;CID=256&amp;PID=114&amp;type=LegList\">3-0 (25-20, 25-22 e 25-19)<\/a>, nas meias-finais da Final 4 da prova, que est\u00e1 a ser disputada no Centro Cultural de Viana do Castelo, Cidade Europeia do Desporto 2023.<\/p>\n<p>O jogo, transmitido em directo na Sport TV, teve como \u00e1rbitros Nuno Teixeira (AVB) e V\u00edtor Gon\u00e7alves (AVP) e foi disputado perante um pavilh\u00e3o lotado (mais de 1000 espectadores) e muito animado pelas claques afectas \u00e0s duas equipas.<br \/>\nO outro finalista sair\u00e1 do jogo desta noite, entre o Cast\u00ealo da Maia GC e a AJ Fonte do Bastardo, a disputar no pavilh\u00e3o Municipal Jos\u00e9 Nat\u00e1rio e que a <strong>Volei TV<\/strong> transmite<a href=\"https:\/\/www.youtube.com\/watch?v=8H5hVY-kdu4\"> hoje (22h30) em directo.<\/a><\/p>\n<p>A Final, a disputar amanh\u00e3 (17h00\/Sport TV) ser\u00e1 arbitrada por Nuno Maia (AVB) e Pedro Pinto (AVP).<\/p>\n<p>Toda a informa\u00e7\u00e3o sobre a competi\u00e7\u00e3o em: <a href=\"http:\/\/fpvoleibol.pt\/fpv\/competicoes\/taca-de-portugal-2023\/\">fpvoleibol.pt\/fpv\/competicoes\/taca-de-portugal-2023\/<\/a><\/p>\n<p style=\"text-align: center;\"><strong>Sporting CP x SL Benfica, 0-3 (20-25, 22-25 e 19-25)<\/strong><\/p>\n<p><strong>1.\u00ba Set<\/strong><br \/>\nO Sporting entrou como um <em>verdadeiro le\u00e3o<\/em> (3-0), mas as <em>\u00e1guias<\/em> lograram igualar a contenda com ataques de Hugo Gaspar e de Raphael Oliveira (4-4).<br \/>\nUm bloco de Thales Falc\u00e3o\/Hugo Gaspar deu a primeira vantagem por mais do que um ponto ao Benfica (9-7), que Andr\u00e9 Aleixo e Rapha conseguiram aumentar (13-9).<br \/>\nPaulatinamente, a equipa de\u00a0 Jo\u00e3o Coelho foi recuperando terreno, com Jos\u00e9 Alvarez a pontificar no ataque, aproximando-se perigosamente (15-16)&#8230; Sentindo-se pressionado, o Benfica acelerou o seu jogo ofensivo, com Rapha Oliveira a somar pontos no ataque e Peter Wohlfahrtstatter no servi\u00e7o (19-15).<br \/>\nA equipa de Marcel Matz conseguiu manter essa diferen\u00e7a e mesmo aument\u00e1-la pouco depois numa altura crucial do set (23-18).<br \/>\nSeria com um servi\u00e7o (um de v\u00e1rios neste parcial) falhado pelo Sporting CP que o seu rival da Luz selaria o triunfo no primeiro set: 25-20.<\/p>\n<p><strong>2.\u00ba Set<\/strong><br \/>\nO segundo set come\u00e7ou com mais um servi\u00e7o desperdi\u00e7ado pelos le\u00f5es de Alvalade&#8230; e o Benfica respondeu na mesma moeda, falhando dois servi\u00e7os consecutivos (3-2).<br \/>\nImperava uma grande vontade de criar dificuldades \u00e0 recep\u00e7\u00e3o e os erros apareciam. Tirando esse aspecto, as duas equipas facturavam no ataque, com destaque para Andr\u00e9 Aleixo no Benfica e Tiago Barth no Sporting (8-6).<br \/>\nNo bloco, era o central austr\u00edaco Peter Wohlfahrtstatter quem fazia a diferen\u00e7a (11-6).<br \/>\nA reac\u00e7\u00e3o leonina deu os seus frutos e Brian Melgarejo aproximou perigosamente a sua equipa (10-12).<br \/>\nUm bloco de Tiago Barth e um ataque de Jos\u00e9 Alvarez igualaram a contenda (15-15), equil\u00edbrio desfeito por um ataque <em>fulminante<\/em> do capit\u00e3o Hugo Gaspar, bem secundado por outro de Thales Falc\u00e3o, este disferido desde a segunda linha (17-15).<br \/>\nUm servi\u00e7o directo do est\u00f3nio Toms Svans igualou novamente (21-21), mas um bloco individual de Thales Falc\u00e3o fez renascer as for\u00e7as dos encarnados (23-21), que fixaram o resultado com novo erro dos jogadores leoninos: 25-22.<\/p>\n<p><strong>3.\u00ba Set<\/strong><br \/>\nO Sporting entrou a vencer e, aproveitando uma certa desorienta\u00e7\u00e3o do advers\u00e1rio ap\u00f3s um lance analisado pelo Video Challenge a favor dos <em>le\u00f5es<\/em>, aumentou o seu pec\u00falio pontual (5-2) por interm\u00e9dio de Josu\u00e9 Rios.<br \/>\nO Benfica recomp\u00f4s-se e igualou (6-6) com um bloco duplo&#8230; mas o Sporting voltou \u00e0 carga com um servi\u00e7o directo de Rios (8-6) e um bloco de Tiago Barth (10-7).<br \/>\nCom Andr\u00e9 Aleixo no servi\u00e7o e Hugo Gaspar no ataque, o Benfica rep\u00f4s o equil\u00edbrio no marcador e passou mesmo para a frente com um bloco de Rapha Oliveira (12-11).<br \/>\nO bra\u00e7o de ferro prolongava-se no tempo (15-15, 19-19). Tr\u00eas pontos consecutivos no ataque rubricados por Rapha adiantaram o SL Benfica \u00e0 entrada para a recta final do set (22-19).<br \/>\nTr\u00eas blocos, dois de Peter Wohlfahrtstatter e um Tiago Violas visaram o passaporte para a final: 25-19.<\/p>\n<p><strong>Raphael Oliveira<\/strong>, com 15 pontos, e <strong>Jos\u00e9 Alvarez<\/strong>, com 14, foram os melhores pontuadores de, respectivamente, SL Benfica e Sporting CP. Ver estat\u00edstica <a href=\"https:\/\/fpv-web.dataproject.com\/MatchStatistics.aspx?mID=7522&amp;ID=77&amp;CID=256&amp;PID=114&amp;type=LegList\">AQUI<\/a><\/p>\n<p>No final, <strong>Marcel Matz, Treinador do Benfica<\/strong>, salientou:<br \/>\n&#8220;<em>Acho que foi um bom jogo. Conseguimos dar uma boa resposta no bloco, algo que nos tinha faltado no \u00faltimo jogo que disput\u00e1mos com o Sporting, na Luz, e que terminou 3-2. Estivemos melhor no bloco, principalmente naquelas bolas de transi\u00e7\u00e3o em que temos de ter o discernimento e intelig\u00eancia, n\u00e3o s\u00f3 for\u00e7a.\u00a0<\/em><br \/>\n<em>Funcion\u00e1mos melhor como equipa e conseguimos ter mais estabilidade ao longo do jogo<\/em>&#8220;.<\/p>\n<p><strong>Jo\u00e3o Coelho, Treinador do Sporting CP<\/strong>, reconheceu:<br \/>\n&#8220;<em>N\u00e3o conseguimos fazer um jogo consistente e quando n\u00e3o conseguimos pressionar o advers\u00e1rio com o servi\u00e7o, acabamos por nos pressionar a n\u00f3s pr\u00f3prios com erros que n\u00e3o quer\u00edamos cometer. Cometemos muitos erros, s\u00f3 no terceiro set, o Benfica conseguiu vencer com 30 e tal por cento de efic\u00e1cia no ataque, e n\u00f3s err\u00e1mos sete ou oito servi\u00e7os. Com a vantagem no marcador, o jogo ficou f\u00e1cil para o nosso advers\u00e1rio. Foi um mau jogo da nossa parte<\/em>.&#8221;<\/p>\n<p style=\"text-align: center;\"><strong><img loading=\"lazy\" decoding=\"async\" class=\"size-full wp-image-23103 aligncenter\" src=\"https:\/\/fpvoleibol.pt\/fpv\/wp-content\/uploads\/2023\/03\/SCPXSLB_DD.jpg\" alt=\"\" width=\"960\" height=\"640\" srcset=\"https:\/\/fpvoleibol.pt\/fpv\/wp-content\/uploads\/2023\/03\/SCPXSLB_DD.jpg 960w, https:\/\/fpvoleibol.pt\/fpv\/wp-content\/uploads\/2023\/03\/SCPXSLB_DD-300x200.jpg 300w, https:\/\/fpvoleibol.pt\/fpv\/wp-content\/uploads\/2023\/03\/SCPXSLB_DD-768x512.jpg 768w\" sizes=\"auto, (max-width: 960px) 100vw, 960px\" \/>Final 4 da Ta\u00e7a de Portugal Placard<\/strong><br \/>\n<strong>(CC Viana do Castelo)<\/strong><\/p>\n<p style=\"text-align: center;\"><strong>11.mar\u00e7o.2023<\/strong><\/p>\n<p style=\"text-align: center;\"><strong>Meias-finais<br \/>\n21h00<\/strong> \u2013 Cast\u00ealo da Maia GC x AJF Bastardo, <b>Pav. Municipal Jos\u00e9 Nat\u00e1rio<\/b>, <a href=\"https:\/\/fpv-web.dataproject.com\/MatchStatistics.aspx?mID=7521&amp;ID=77&amp;CID=256&amp;PID=114&amp;type=LegList\">0-3<\/a>**<br \/>\n<strong>18h00<\/strong> \u2013 Sporting CP x SL Benfica, 0-3<\/p>\n<p style=\"text-align: center;\"><strong>12.mar\u00e7o.2023<\/strong><\/p>\n<p style=\"text-align: center;\"><strong>Final<\/strong><br \/>\n<strong>17h00<\/strong> \u2013 AJF Bastardo x SL Benfica**<\/p>\n<p style=\"text-align: center;\"><strong><span style=\"text-decoration: underline;\">SL Benfica: 19 trof\u00e9us<\/span> \ud83c\udfc6<\/strong><\/p>\n<p>Em 2022, o Sport Lisboa e Benfica conquistou o seu 19.\u00ba trof\u00e9u da Ta\u00e7a de Portugal ao superar (3-1: 20-25, 25-23, 25-18 e 25-22) a Associa\u00e7\u00e3o de Jovens da Fonte do Bastardo na final da competi\u00e7\u00e3o, disputada no Centro Cultural de Viana do Castelo.<br \/>\n<strong><u><a href=\"https:\/\/fpvoleibol.pt\/fpv\/menu-voleibol\/historico-taca-de-portugal\/\">Em 57 edi\u00e7\u00f5es<\/a><\/u><\/strong>: SL Benfica (19), SC Espinho (12), C. Maia GC e FC Porto (6), Leix\u00f5es SC (5), Sporting CP (4) e AJF Bastardo, Vit\u00f3ria SC, Esmoriz GC, ISEF e IS T\u00e9cnico (1).<\/p>\n<p style=\"text-align: center;\"><strong>Toda a informa\u00e7\u00e3o sobre a TA\u00c7A DE PORTUGAL PLACARD 2023<\/strong>\u00a0<u><a href=\"https:\/\/fpvoleibol.pt\/fpv\/competicoes\/taca-de-portugal-2023\/\">AQUI<\/a><\/u>\u00a0\/\u00a0<strong>Historial<\/strong>\u00a0<u><a href=\"https:\/\/fpvoleibol.pt\/fpv\/menu-voleibol\/historico-taca-de-portugal\/\">AQUI<\/a><\/u>\u00a0 \/\u00a0<strong>Equipas de femininos<\/strong>\u00a0<u><a href=\"https:\/\/fpv-web.dataproject.com\/CompetitionTeamSearch.aspx?ID=80\">AQUI<\/a><\/u>\u00a0\/\u00a0<strong>Equipas de masculinos<\/strong>\u00a0<u><a href=\"https:\/\/fpv-web.dataproject.com\/CompetitionTeamSearch.aspx?ID=77\">AQUI<\/a><\/u><\/p>\n<div>\n<div dir=\"ltr\" data-smartmail=\"gmail_signature\">\n<div dir=\"ltr\">\n<div dir=\"ltr\">\n<div dir=\"ltr\">\n<div dir=\"ltr\">\n<div dir=\"ltr\">\n<div dir=\"ltr\">\n<div dir=\"ltr\">\n<div>Os <strong>bilhetes<\/strong> t\u00eam o pre\u00e7o de 5 euros por jogo.<\/div>\n<\/div>\n<\/div>\n<\/div>\n<\/div>\n<\/div>\n<\/div>\n<\/div>\n<\/div>\n<\/div>\n<p>Os ingressos est\u00e3o \u00e0 venda no <span style=\"color: #000000;\">Centro Cultural,\u00a0respeitando <\/span>os seguintes hor\u00e1rios:<\/p>\n<p><span style=\"text-decoration: underline;\"><strong>11 de Mar\u00e7o<\/strong><\/span><br \/>\n\u2013 10h00\/13h00<br \/>\n\u2013 14h00\/22h00<\/p>\n<p><strong>12 de Mar\u00e7o<\/strong><br \/>\n\u2013 10h00\/13h00<br \/>\n\u2013 14h00\/18h00<\/p>\n<p>*Todos os jogos da Final 4 da Ta\u00e7a de Portugal Placard s\u00e3o transmitidos em directo na <strong>Sport TV<\/strong>:<\/p>\n<p style=\"text-align: center;\"><span style=\"font-size: 8pt;\"><strong>*Hor\u00e1rios poder\u00e3o ser alterados devido \u00e0 transmiss\u00e3o televisiva<br \/>\n** Actualizado<\/strong><\/span><\/p>\n<p><img loading=\"lazy\" decoding=\"async\" class=\"size-full wp-image-22766 aligncenter\" src=\"https:\/\/fpvoleibol.pt\/fpv\/wp-content\/uploads\/2023\/03\/taca_portugal_masculina_2022dd.jpg\" alt=\"\" width=\"960\" height=\"558\" srcset=\"https:\/\/fpvoleibol.pt\/fpv\/wp-content\/uploads\/2023\/03\/taca_portugal_masculina_2022dd.jpg 960w, https:\/\/fpvoleibol.pt\/fpv\/wp-content\/uploads\/2023\/03\/taca_portugal_masculina_2022dd-300x174.jpg 300w, https:\/\/fpvoleibol.pt\/fpv\/wp-content\/uploads\/2023\/03\/taca_portugal_masculina_2022dd-768x446.jpg 768w\" sizes=\"auto, (max-width: 960px) 100vw, 960px\" \/><\/p>\n<p>Nos \u00faltimos anos, a cidade de Viana do Castelo tem sido palco de v\u00e1rias competi\u00e7\u00f5es de Voleibol \u2013 Final 4 da Ta\u00e7a de Portugal (masculinos e femininos) p.e. \u2013, sendo ainda local privilegiado de est\u00e1gio das selec\u00e7\u00f5es nacionais.<br \/>\nRecebeu nos dias 8, 9 e 10 de Abril de 2022 a <a href=\"https:\/\/www.cev.eu\/national-team\/age-group-championships\/u20m\/#2nd-round\">Pool D da 2.\u00aa Ronda de Qualifica\u00e7\u00e3o para o Europeu de Sub-20 Masculinos<\/a>, onde a Selec\u00e7\u00e3o Nacional da categoria enfrentou as suas cong\u00e9neres da Alemanha, de Israel e da Su\u00ed\u00e7a, depois de acolher a Pool E da 2.\u00aa Ronda da Fase de Qualifica\u00e7\u00e3o para o Campeonato da Europa de Sub-17 Masculinos, no Pavilh\u00e3o Municipal de Santa Maria Maior.<br \/>\nEm 2020, o Centro Cultural de V. Castelo recebeu o Torneio Internacional WEVZA de Sub-17 femininos (1.\u00aa Ronda de Qualifica\u00e7\u00e3o para o Europeu) e, em 2018, a Pool F da 2.\u00aa Ronda Europeia de Apuramento para o Campeonato do Mundo 2018, em seniores femininos.<br \/>\nFoi igualmente na <em>Princesa do Lima<\/em> que a Selec\u00e7\u00e3o Nacional de Seniores Femininos defrontou a sua cong\u00e9nere de Espanha em dois jogos amig\u00e1veis que se inseriram no plano de prepara\u00e7\u00e3o de Portugal para a Golden European League 2018, os Jogos do Mediterr\u00e2neo e para o hist\u00f3rico Campeonato da Europa 2019.<br \/>\nEm Dezembro de 2017, Viana do Castelo acolheu o Torneio Internacional WEVZA de Sub-16 Femininos, transmitido em directo, em exclusivo e na \u00edntegra no site federativo www.volei.tv<br \/>\nO CC vianense foi tamb\u00e9m palco dos jogos de Qualifica\u00e7\u00e3o Europeia para o Campeonato do Mundo de 2017 \u2013 Sub-21 masculinos e Sub-20 femininos.<br \/>\nEm 2023, vai acolher tamb\u00e9m os jogos Portugal x Dinamarca, no dia 10 de Junho, da 11 de Junho, da European Golden League &#8211; masculinos, e Portugal x Ilhas Faro\u00e9, 11 de Junho, da European Silver League &#8211; femininos).<\/p>\n","protected":false},"excerpt":{"rendered":"<p>A equipa de seniores masculinos do SL Benfica apurou-se hoje para a Final da Ta\u00e7a de Portugal Placard ao vencer o rival Sporting CP, por 3-0 (25-20, 25-22 e 25-19), [&hellip;]<\/p>\n","protected":false},"author":2,"featured_media":23102,"comment_status":"open","ping_status":"open","sticky":false,"template":"","format":"standard","meta":{"_monsterinsights_skip_tracking":false,"_monsterinsights_sitenote_active":false,"_monsterinsights_sitenote_note":"","_monsterinsights_sitenote_category":0,"footnotes":""},"categories":[13,8],"tags":[71,80],"class_list":{"0":"post-23089","1":"post","2":"type-post","3":"status-publish","4":"format-standard","5":"has-post-thumbnail","7":"category-arbitragem","8":"category-voleibol","9":"tag-epoca-2022-2023","10":"tag-taca-placard","11":"czr-hentry"},"aioseo_notices":[],"_links":{"self":[{"href":"https:\/\/fpvoleibol.pt\/fpv\/wp-json\/wp\/v2\/posts\/23089","targetHints":{"allow":["GET"]}}],"collection":[{"href":"https:\/\/fpvoleibol.pt\/fpv\/wp-json\/wp\/v2\/posts"}],"about":[{"href":"https:\/\/fpvoleibol.pt\/fpv\/wp-json\/wp\/v2\/types\/post"}],"author":[{"embeddable":true,"href":"https:\/\/fpvoleibol.pt\/fpv\/wp-json\/wp\/v2\/users\/2"}],"replies":[{"embeddable":true,"href":"https:\/\/fpvoleibol.pt\/fpv\/wp-json\/wp\/v2\/comments?post=23089"}],"version-history":[{"count":14,"href":"https:\/\/fpvoleibol.pt\/fpv\/wp-json\/wp\/v2\/posts\/23089\/revisions"}],"predecessor-version":[{"id":23124,"href":"https:\/\/fpvoleibol.pt\/fpv\/wp-json\/wp\/v2\/posts\/23089\/revisions\/23124"}],"wp:featuredmedia":[{"embeddable":true,"href":"https:\/\/fpvoleibol.pt\/fpv\/wp-json\/wp\/v2\/media\/23102"}],"wp:attachment":[{"href":"https:\/\/fpvoleibol.pt\/fpv\/wp-json\/wp\/v2\/media?parent=23089"}],"wp:term":[{"taxonomy":"category","embeddable":true,"href":"https:\/\/fpvoleibol.pt\/fpv\/wp-json\/wp\/v2\/categories?post=23089"},{"taxonomy":"post_tag","embeddable":true,"href":"https:\/\/fpvoleibol.pt\/fpv\/wp-json\/wp\/v2\/tags?post=23089"}],"curies":[{"name":"wp","href":"https:\/\/api.w.org\/{rel}","templated":true}]}}