{"id":22618,"date":"2023-02-21T18:22:15","date_gmt":"2023-02-21T18:22:15","guid":{"rendered":"https:\/\/fpvoleibol.pt\/fpv\/?p=22618"},"modified":"2023-02-22T10:30:26","modified_gmt":"2023-02-22T10:30:26","slug":"sorteio-da-taca-de-portugal-placard-2","status":"publish","type":"post","link":"https:\/\/fpvoleibol.pt\/fpv\/2023\/02\/21\/sorteio-da-taca-de-portugal-placard-2\/","title":{"rendered":"SORTEIO DA TA\u00c7A DE PORTUGAL PLACARD"},"content":{"rendered":"<p><img loading=\"lazy\" decoding=\"async\" class=\"size-full wp-image-22621 aligncenter\" src=\"https:\/\/fpvoleibol.pt\/fpv\/wp-content\/uploads\/2023\/02\/taca_placard_f4_d.jpg\" alt=\"\" width=\"960\" height=\"540\" srcset=\"https:\/\/fpvoleibol.pt\/fpv\/wp-content\/uploads\/2023\/02\/taca_placard_f4_d.jpg 960w, https:\/\/fpvoleibol.pt\/fpv\/wp-content\/uploads\/2023\/02\/taca_placard_f4_d-300x169.jpg 300w, https:\/\/fpvoleibol.pt\/fpv\/wp-content\/uploads\/2023\/02\/taca_placard_f4_d-768x432.jpg 768w, https:\/\/fpvoleibol.pt\/fpv\/wp-content\/uploads\/2023\/02\/taca_placard_f4_d-528x297.jpg 528w\" sizes=\"auto, (max-width: 960px) 100vw, 960px\" \/>O sorteio da <strong>Final 4<\/strong>\u00a0da\u00a0<a href=\"https:\/\/portugalvoleibol.com\/classificacao\/tpm\">Ta\u00e7a de Portugal Placard<\/a> realiza-se amanh\u00e3, a partir das 18h00 na sede da Federa\u00e7\u00e3o Portuguesa de Voleibol e ser\u00e1 transmitido <a href=\"https:\/\/youtube.com\/live\/MXKf8qejqLU?feature=share\">em directo<\/a> na <strong><a href=\"https:\/\/www.volei.tv\/\">Volei TV.<\/a><\/strong><\/p>\n<p>A <strong>Final 4<\/strong> ser\u00e1 disputada nos dias <span style=\"text-decoration: underline;\">11 e 12 de Mar\u00e7o<\/span>, no Centro Cultural de Viana do Castelo, <a href=\"https:\/\/www.facebook.com\/vianadocastelocidadeeuropeiadesporto2023\/\">Cidade Europeia do Desporto 2023<\/a>. e envolver\u00e1 as equipas do Sporting CP, Cast\u00ealo da Maia GC, AJ Fonte do Bastardo e SL Benfica.<\/p>\n<p style=\"text-align: center;\"><strong><u>Jogos dos 1\/4 final<\/u><\/strong><\/p>\n<p style=\"text-align: center;\"><strong>12.02.2023<\/strong><br \/>\nSporting CP x Ala de Nun&#8217;\u00c1lvares de Gondomar, 3-0<br \/>\n<strong>19.02.2023<\/strong><br \/>\nCast\u00ealo da Maia GC x AA S. Mamede, 3-1<br \/>\nAJ Fonte do Bastardo x VC Viana\/Casa Peixoto, 3-1<br \/>\nSL Benfica x Vit\u00f3ria SC, 3-1<\/p>\n<p style=\"text-align: center;\">A <strong>Final 4<\/strong> ser\u00e1 disputada nos dias <span style=\"text-decoration: underline;\">11 e 12 de Mar\u00e7o<\/span>, no Centro Cultural de Viana do Castelo.<\/p>\n<p>Em 2021\/2022, o Sport Lisboa e Benfica conquistou o seu 19.\u00ba trof\u00e9u da Ta\u00e7a de Portugal ao superar (3-1: 20-25, 25-23, 25-18 e 25-22) a Associa\u00e7\u00e3o de Jovens da Fonte do Bastardo na final da competi\u00e7\u00e3o, disputada no Centro Cultural de Viana do Castelo.<br \/>\n<strong><u><a href=\"https:\/\/fpvoleibol.pt\/fpv\/menu-voleibol\/historico-taca-de-portugal\/\">Em 57 edi\u00e7\u00f5es<\/a><\/u><\/strong>: SL Benfica (19), SC Espinho (12), C. Maia GC e FC Porto (6), Leix\u00f5es SC (5), Sporting CP (4) e AJF Bastardo, Vit\u00f3ria SC, Esmoriz GC, ISEF e IS T\u00e9cnico (1).<\/p>\n<p style=\"text-align: center;\">A\u00a0<u>Ta\u00e7a de Portugal masculina<\/u> assume, na \u00e9poca de 2022\/2023, a designa\u00e7\u00e3o <strong>Ta\u00e7a de Portugal Placard<\/strong>.<\/p>\n<p style=\"text-align: center;\" align=\"justify\">Calend\u00e1rio, resultados, estat\u00edstica e <em>live streaming<\/em> em <a href=\"https:\/\/fpv-web.dataproject.com\/MainHome.aspx?\">https:\/\/fpv-web.dataproject.com\/MainHome.aspx?<\/a><br \/>\nEquipas de arbitragem em <a href=\"https:\/\/fpvoleibol.pt\/fpv\/arbitragem\/nomeacoes\/\">https:\/\/fpvoleibol.pt\/fpv\/arbitragem\/nomeacoes\/<\/a><br \/>\nVer classifica\u00e7\u00f5es em <a href=\"https:\/\/portugalvoleibol.com\/classificacao\/\">https:\/\/portugalvoleibol.com\/classificacao\/<\/a><\/p>\n<p style=\"text-align: center;\"><span style=\"text-decoration: underline;\"><strong>Ver plant\u00e9is das equipas <a href=\"https:\/\/fpv-web.dataproject.com\/CompetitionHome.aspx?ID=71\">AQUI<\/a><\/strong><\/span><\/p>\n","protected":false},"excerpt":{"rendered":"<p>O sorteio da Final 4\u00a0da\u00a0Ta\u00e7a de Portugal Placard realiza-se amanh\u00e3, a partir das 18h00 na sede da Federa\u00e7\u00e3o Portuguesa de Voleibol e ser\u00e1 transmitido em directo na Volei TV. A [&hellip;]<\/p>\n","protected":false},"author":2,"featured_media":22620,"comment_status":"open","ping_status":"open","sticky":false,"template":"","format":"standard","meta":{"_monsterinsights_skip_tracking":false,"_monsterinsights_sitenote_active":false,"_monsterinsights_sitenote_note":"","_monsterinsights_sitenote_category":0,"footnotes":""},"categories":[8,31],"tags":[],"class_list":{"0":"post-22618","1":"post","2":"type-post","3":"status-publish","4":"format-standard","5":"has-post-thumbnail","7":"category-voleibol","8":"category-voleitv","9":"czr-hentry"},"aioseo_notices":[],"_links":{"self":[{"href":"https:\/\/fpvoleibol.pt\/fpv\/wp-json\/wp\/v2\/posts\/22618","targetHints":{"allow":["GET"]}}],"collection":[{"href":"https:\/\/fpvoleibol.pt\/fpv\/wp-json\/wp\/v2\/posts"}],"about":[{"href":"https:\/\/fpvoleibol.pt\/fpv\/wp-json\/wp\/v2\/types\/post"}],"author":[{"embeddable":true,"href":"https:\/\/fpvoleibol.pt\/fpv\/wp-json\/wp\/v2\/users\/2"}],"replies":[{"embeddable":true,"href":"https:\/\/fpvoleibol.pt\/fpv\/wp-json\/wp\/v2\/comments?post=22618"}],"version-history":[{"count":3,"href":"https:\/\/fpvoleibol.pt\/fpv\/wp-json\/wp\/v2\/posts\/22618\/revisions"}],"predecessor-version":[{"id":22639,"href":"https:\/\/fpvoleibol.pt\/fpv\/wp-json\/wp\/v2\/posts\/22618\/revisions\/22639"}],"wp:featuredmedia":[{"embeddable":true,"href":"https:\/\/fpvoleibol.pt\/fpv\/wp-json\/wp\/v2\/media\/22620"}],"wp:attachment":[{"href":"https:\/\/fpvoleibol.pt\/fpv\/wp-json\/wp\/v2\/media?parent=22618"}],"wp:term":[{"taxonomy":"category","embeddable":true,"href":"https:\/\/fpvoleibol.pt\/fpv\/wp-json\/wp\/v2\/categories?post=22618"},{"taxonomy":"post_tag","embeddable":true,"href":"https:\/\/fpvoleibol.pt\/fpv\/wp-json\/wp\/v2\/tags?post=22618"}],"curies":[{"name":"wp","href":"https:\/\/api.w.org\/{rel}","templated":true}]}}