{"id":22600,"date":"2023-02-17T16:14:27","date_gmt":"2023-02-17T16:14:27","guid":{"rendered":"https:\/\/fpvoleibol.pt\/fpv\/?p=22600"},"modified":"2023-02-17T16:14:27","modified_gmt":"2023-02-17T16:14:27","slug":"vem-ai-o-xiv-minicarnavolei","status":"publish","type":"post","link":"https:\/\/fpvoleibol.pt\/fpv\/2023\/02\/17\/vem-ai-o-xiv-minicarnavolei\/","title":{"rendered":"VEM A\u00cd O XIV MINICARNAVOLEI!"},"content":{"rendered":"<p><img loading=\"lazy\" decoding=\"async\" class=\"size-full wp-image-22602 aligncenter\" src=\"https:\/\/fpvoleibol.pt\/fpv\/wp-content\/uploads\/2023\/02\/MINICARNAVOLEI_2023_d.jpg\" alt=\"\" width=\"960\" height=\"960\" srcset=\"https:\/\/fpvoleibol.pt\/fpv\/wp-content\/uploads\/2023\/02\/MINICARNAVOLEI_2023_d.jpg 960w, https:\/\/fpvoleibol.pt\/fpv\/wp-content\/uploads\/2023\/02\/MINICARNAVOLEI_2023_d-300x300.jpg 300w, https:\/\/fpvoleibol.pt\/fpv\/wp-content\/uploads\/2023\/02\/MINICARNAVOLEI_2023_d-150x150.jpg 150w, https:\/\/fpvoleibol.pt\/fpv\/wp-content\/uploads\/2023\/02\/MINICARNAVOLEI_2023_d-768x768.jpg 768w, https:\/\/fpvoleibol.pt\/fpv\/wp-content\/uploads\/2023\/02\/MINICARNAVOLEI_2023_d-510x510.jpg 510w\" sizes=\"auto, (max-width: 960px) 100vw, 960px\" \/>A 14.\u00aa edi\u00e7\u00e3o do <strong>miniCarnavolei<\/strong> realiza-se nos dias 20 e 21 de Fevereiro do ano corrente.<\/p>\n<p>Organizado pelo Lous\u00e3 Volley Clube, desde 2007, o <strong>miniCarnaVolei (mCV)<\/strong> \u00e9 um evento de car\u00e1cter desportivo que se realiza no per\u00edodo do Carnaval, conta com a participa\u00e7\u00e3o de jovens praticantes de Voleibol dos escal\u00f5es de Minis A e Minis B, em masculinos e femininos, e realiza-se no Pavilh\u00e3o Municipal n.\u00ba 1 da Lous\u00e3.<\/p>\n<p>Segundo os organizadores, o objectivo deste torneio \u00e9 &#8220;<em>fomentar o conv\u00edvio e, ao mesmo tempo, permitir \u00e0s equipas t\u00e9cnicas nacionais aferir da evolu\u00e7\u00e3o dos seus atletas, contribuindo para motivar novos praticantes para a modalidade. Julgamos ser o Carnaval uma \u00e9poca apropriada para a realiza\u00e7\u00e3o de um torneio de Mini-Volei, quer pela facilidade de calendariza\u00e7\u00e3o quer pelo pr\u00f3prio ambiente festivo <\/em><em>caracter\u00edstico desta \u00e9poca&#8221;<\/em>.<\/p>\n<p>O <strong>miniCarnaVolei<\/strong> \u00e9 organizado pelo Lous\u00e3 Volley Clube e conta com o apoio de Munic\u00edpio da Lous\u00e3, Federa\u00e7\u00e3o Portuguesa de Voleibol, Associa\u00e7\u00e3o de Voleibol de Coimbra, Desporto Escolar e Agrupamento de Escolas da Lous\u00e3.<\/p>\n<p>Mais informa\u00e7\u00f5es <a href=\"https:\/\/www.facebook.com\/profile.php?id=100057352604764\">AQUI<\/a><\/p>\n","protected":false},"excerpt":{"rendered":"<p>A 14.\u00aa edi\u00e7\u00e3o do miniCarnavolei realiza-se nos dias 20 e 21 de Fevereiro do ano corrente. Organizado pelo Lous\u00e3 Volley Clube, desde 2007, o miniCarnaVolei (mCV) \u00e9 um evento de [&hellip;]<\/p>\n","protected":false},"author":2,"featured_media":22601,"comment_status":"open","ping_status":"open","sticky":false,"template":"","format":"standard","meta":{"_monsterinsights_skip_tracking":false,"_monsterinsights_sitenote_active":false,"_monsterinsights_sitenote_note":"","_monsterinsights_sitenote_category":0,"footnotes":""},"categories":[8],"tags":[],"class_list":{"0":"post-22600","1":"post","2":"type-post","3":"status-publish","4":"format-standard","5":"has-post-thumbnail","7":"category-voleibol","8":"czr-hentry"},"aioseo_notices":[],"_links":{"self":[{"href":"https:\/\/fpvoleibol.pt\/fpv\/wp-json\/wp\/v2\/posts\/22600","targetHints":{"allow":["GET"]}}],"collection":[{"href":"https:\/\/fpvoleibol.pt\/fpv\/wp-json\/wp\/v2\/posts"}],"about":[{"href":"https:\/\/fpvoleibol.pt\/fpv\/wp-json\/wp\/v2\/types\/post"}],"author":[{"embeddable":true,"href":"https:\/\/fpvoleibol.pt\/fpv\/wp-json\/wp\/v2\/users\/2"}],"replies":[{"embeddable":true,"href":"https:\/\/fpvoleibol.pt\/fpv\/wp-json\/wp\/v2\/comments?post=22600"}],"version-history":[{"count":2,"href":"https:\/\/fpvoleibol.pt\/fpv\/wp-json\/wp\/v2\/posts\/22600\/revisions"}],"predecessor-version":[{"id":22604,"href":"https:\/\/fpvoleibol.pt\/fpv\/wp-json\/wp\/v2\/posts\/22600\/revisions\/22604"}],"wp:featuredmedia":[{"embeddable":true,"href":"https:\/\/fpvoleibol.pt\/fpv\/wp-json\/wp\/v2\/media\/22601"}],"wp:attachment":[{"href":"https:\/\/fpvoleibol.pt\/fpv\/wp-json\/wp\/v2\/media?parent=22600"}],"wp:term":[{"taxonomy":"category","embeddable":true,"href":"https:\/\/fpvoleibol.pt\/fpv\/wp-json\/wp\/v2\/categories?post=22600"},{"taxonomy":"post_tag","embeddable":true,"href":"https:\/\/fpvoleibol.pt\/fpv\/wp-json\/wp\/v2\/tags?post=22600"}],"curies":[{"name":"wp","href":"https:\/\/api.w.org\/{rel}","templated":true}]}}