{"id":22309,"date":"2023-02-06T15:33:58","date_gmt":"2023-02-06T15:33:58","guid":{"rendered":"https:\/\/fpvoleibol.pt\/fpv\/?p=22309"},"modified":"2023-02-06T15:33:58","modified_gmt":"2023-02-06T15:33:58","slug":"portugueses-no-mundo-70","status":"publish","type":"post","link":"https:\/\/fpvoleibol.pt\/fpv\/2023\/02\/06\/portugueses-no-mundo-70\/","title":{"rendered":"PORTUGUESES NO MUNDO"},"content":{"rendered":"<p style=\"text-align: center;\"><span style=\"font-size: 10pt;\"><strong><img loading=\"lazy\" decoding=\"async\" class=\"size-full wp-image-22323 aligncenter\" src=\"https:\/\/fpvoleibol.pt\/fpv\/wp-content\/uploads\/2023\/02\/MTR_SUM01.jpg\" alt=\"\" width=\"960\" height=\"642\" srcset=\"https:\/\/fpvoleibol.pt\/fpv\/wp-content\/uploads\/2023\/02\/MTR_SUM01.jpg 960w, https:\/\/fpvoleibol.pt\/fpv\/wp-content\/uploads\/2023\/02\/MTR_SUM01-300x201.jpg 300w, https:\/\/fpvoleibol.pt\/fpv\/wp-content\/uploads\/2023\/02\/MTR_SUM01-768x514.jpg 768w\" sizes=\"auto, (max-width: 960px) 100vw, 960px\" \/>Imagem: <a href=\"http:\/\/www.plusliga.pl\">PlusLiga<\/a><\/strong><\/span><\/p>\n<p style=\"text-align: center;\"><strong>Os Portugueses continuam a brilhar nos campeonatos estrangeiros, aparecendo ami\u00fade nas equipas da jornada, como s\u00e3o os casos de Alexandre Ferreira (felizmente longe do epicentro do sismo de 7,8 na escala de Richter que abalou hoje a Turquia e a S\u00edria) e do seu irm\u00e3o Marco Ferreira, que foi o MVP da 17.\u00aa jornada da Superliga espanhola, bem de Filip Cveticanin, que integrou o <em>Dream Team<\/em> da jornada na Rom\u00e9nia.<\/strong><\/p>\n<p>Na Pol\u00f3nia, o <span style=\"text-decoration: underline;\">Aluron CMC Warta Zawiercie<\/span>, de <strong>Miguel Tavares Rodrigues<\/strong>, superou (<a href=\"https:\/\/www.plusliga.pl\/pcup\/gid\/3543\/s\/games\/id\/1043.html\">3-1: 25-23, 22-25, 25-22 e 25-23)<\/a> o MKS Bedzin e apurou-se para as meias-finais da Ta\u00e7a da Pol\u00f3nia, onde vai defrontar (25 de Fevereiro) o Grupa Azoty Zaksa Kedzierzyn-Kozle, campe\u00e3o europeu e actual 4.\u00ba classificado na <a href=\"http:\/\/www.plusliga.pl\">PlusLiga<\/a>. Miguel contabilizou <a href=\"https:\/\/www.plusliga.pl\/pcup\/gid\/3543\/s\/games\/id\/1043.html\">4 pontos<\/a> (3 ataques e 1 servi\u00e7o).<br \/>\nNo campeonato, o Zawiercie derrotou BBTS Bielsko-Biala por <a href=\"https:\/\/www.plusliga.pl\/games\/id\/1102294.html\">3-2 (25-19, 25-10, 22-25, 23-25 e 15-10)<\/a> e mant\u00e9m-se no 3.\u00ba lugar da tabela classificativa na <a href=\"http:\/\/www.plusliga.pl\">PlusLiga<\/a>.<br \/>\nO <a href=\"https:\/\/www.plusliga.pl\/players\/id\/2100362.html\">distribuidor portugu\u00eas<\/a> voltou a estar em grande evid\u00eancia ao registar 9 pontos (5 dos quais no servi\u00e7o, mais 3 ataques e 1 bloco) e est\u00e1 no <a href=\"https:\/\/www.plusliga.pl\/statsRanking\/type\/ServeRanking.html\"><em>Top 7<\/em>\u00a0<\/a>dos melhores no servi\u00e7o.<br \/>\nNo dia 12 de Fevereiro, o Zawiercie recebe o Stal Nysa (8.\u00ba).<br \/>\nNa <span style=\"text-decoration: underline;\">Liga dos Campe\u00f5es<\/span>, a equipa de Miguel Tavares <a href=\"https:\/\/championsleague.cev.eu\/en\/match-centres\/cev-champions-league-volley-2023\/cev-champions-league-volley-2023-men\/clvm-81-aluron-cmc-warta-zawiercie-v-grupa-azoty-kedzierzyn-kozle\/\">recebe<\/a> amanh\u00e3&#8230; os polacos do Grupa Azoty Zaksa Kedzierzyn-Kozle, campe\u00e3o europeu em t\u00edtulo, no jogo da 1.\u00aa m\u00e3o dos Playoffs da <em><span style=\"text-decoration: underline;\">Champions<\/span><\/em>, que contar\u00e1 com a arbitragem do portugu\u00eas Pedro Pinto.<\/p>\n<p style=\"text-align: left;\"><img loading=\"lazy\" decoding=\"async\" class=\"size-full wp-image-22324 aligncenter\" src=\"https:\/\/fpvoleibol.pt\/fpv\/wp-content\/uploads\/2023\/02\/alex_6feve2023.jpg\" alt=\"\" width=\"960\" height=\"803\" srcset=\"https:\/\/fpvoleibol.pt\/fpv\/wp-content\/uploads\/2023\/02\/alex_6feve2023.jpg 960w, https:\/\/fpvoleibol.pt\/fpv\/wp-content\/uploads\/2023\/02\/alex_6feve2023-300x251.jpg 300w, https:\/\/fpvoleibol.pt\/fpv\/wp-content\/uploads\/2023\/02\/alex_6feve2023-768x642.jpg 768w\" sizes=\"auto, (max-width: 960px) 100vw, 960px\" \/>O Fenerbah\u00e7e HDI Sigorta, de <strong>Alexandre Ferreira<\/strong>, visitou o Spor Toto e venceu por <a href=\"https:\/\/tvf-web.dataproject.com\/MatchStatistics.aspx?mID=8994&amp;ID=78&amp;CID=232&amp;PID=153&amp;type=LegList\">3-1 (25-23, 29-27, 20-25 e 25-21)<\/a>, segurando o 4.\u00ba lugar na Liga Turca (<a href=\"https:\/\/tvf-web.dataproject.com\/CompetitionHome.aspx?ID=78\">Efeler Ligi<\/a>),\u00a0com o zona 4 da Selec\u00e7\u00e3o Nacional a cotar-se como o melhor pontuador do jogo ao <em>facturar<\/em> 21 pontos, distribu\u00eddos por 14 ataques, 6 servi\u00e7os 1 bloco. Ver estat\u00edstica <a href=\"https:\/\/tvf-web.dataproject.com\/MatchStatistics.aspx?mID=8994&amp;ID=78&amp;CID=232&amp;PID=153&amp;type=LegList\">AQUI<\/a><br \/>\nCom esta performance, Alex voltou a merecer um destaque na <em>Equipa da Jornada<\/em>\u00a0[<strong><span style=\"font-size: 10pt;\">Imagem: <a href=\"https:\/\/tvf-web.dataproject.com\/CompetitionHome.aspx?ID=78\">Efeler Ligi<\/a><\/span><\/strong>].<br \/>\nNo dia 13 de Fevereiro, o Fenerbah\u00e7e recebe o Galatasaray HDI Sigorta (5.\u00ba).<br \/>\nAlex ocupa actualmente 1.\u00ba lugar entre os <a href=\"https:\/\/tvf-web.dataproject.com\/Statistics.aspx?ID=78&amp;PID=153\">zonas 4<\/a>, o 5.\u00ba lugar nos <a href=\"https:\/\/tvf-web.dataproject.com\/BestPlayerRankingComplete.aspx?ID=78&amp;rt=5\">melhores no servi\u00e7o<\/a>, com 29 <em>ases<\/em>, e o 7.\u00ba lugar na <a href=\"https:\/\/tvf-web.dataproject.com\/CompetitionHome.aspx?ID=78\">recep\u00e7\u00e3o<\/a>.<\/p>\n<p style=\"text-align: center;\"><img loading=\"lazy\" decoding=\"async\" class=\"size-full wp-image-22331 aligncenter\" src=\"https:\/\/fpvoleibol.pt\/fpv\/wp-content\/uploads\/2023\/02\/Marco_jornada17.jpg\" alt=\"\" width=\"960\" height=\"685\" srcset=\"https:\/\/fpvoleibol.pt\/fpv\/wp-content\/uploads\/2023\/02\/Marco_jornada17.jpg 960w, https:\/\/fpvoleibol.pt\/fpv\/wp-content\/uploads\/2023\/02\/Marco_jornada17-300x214.jpg 300w, https:\/\/fpvoleibol.pt\/fpv\/wp-content\/uploads\/2023\/02\/Marco_jornada17-768x548.jpg 768w\" sizes=\"auto, (max-width: 960px) 100vw, 960px\" \/><span style=\"font-size: 10pt;\"><strong>Imagem: <a href=\"http:\/\/www.rfevb.com\">RFEVB<\/a><\/strong><\/span><\/p>\n<p style=\"text-align: left;\">Em Espanha, o Unicaja Costa de Almer\u00eda, de <strong>Marco Ferreira<\/strong>, venceu pela margem m\u00e1xima (<a href=\"https:\/\/rfevb-web.dataproject.com\/MatchStatistics.aspx?mID=10032&amp;ID=111&amp;CID=264&amp;PID=137&amp;type=LegList\">3-0: 25-23, 25-14 e 25-17<\/a>) no recinto do Textil Santanderina e mant\u00e9m-se no 8.\u00ba lugar, mas agora a apenas dois pontos do 6.\u00ba classificado da <a href=\"https:\/\/www.rfevb.com\/competiciones\/superliga-masculina\">Superliga Espanhola<\/a>.<br \/>\nDesde que regressou \u00e0 competi\u00e7\u00e3o, o oposto lusitano tem-se mostrado demolidor: contabilizou 19 pontos (18 ataques, com 67 por cento de efic\u00e1cia, e 1 bloco) frente ao Santanderina, cotando-se como o melhor pontuador do jogo, e foi considerado o <a href=\"https:\/\/www.rfevb.com\/svm-tops-de-la-jornada\">Jogador Mais Valioso (MVP)<\/a> na 17.\u00aa jornada.\u00a0Ver estat\u00edstica <a href=\"https:\/\/rfevb-web.dataproject.com\/MatchStatistics.aspx?mID=10032&amp;ID=111&amp;CID=264&amp;PID=137&amp;type=LegList\">AQUI<\/a><br \/>\nNo dia 11 de Fevereiro, o Unicaja recebe o Arenal Emev\u00e9, actual 7.\u00ba classificado.<\/p>\n<p>Ainda no pa\u00eds vizinho, o CV Sayre CC La Ballena, de <strong>Marta Hurst<\/strong>, saiu derrotado pela margem m\u00ednima (<a href=\"https:\/\/rfevb-web.dataproject.com\/MatchStatistics.aspx?mID=10055&amp;ID=110&amp;CID=262&amp;PID=136&amp;type=LegList\">2-3: 25-14, 25-21,17-25, 22-25 e 13-15<\/a>) do recinto do Depol Feel Alcobendas, mas mant\u00e9m-se no 5.\u00ba lugar na <a href=\"https:\/\/www.rfevb.com\/liga-iberdrola-clasificacion\">Liga Iberdrola<\/a>.<br \/>\nA capit\u00e3 do CV Sayre contabilizou 16 pontos no ataque e foi a terceira melhor pontuadora da sua equipa. Ver estat\u00edstica <a href=\"https:\/\/rfevb-web.dataproject.com\/MatchStatistics.aspx?mID=10055&amp;ID=110&amp;CID=262&amp;PID=136&amp;type=LegList\">AQUI<\/a><br \/>\nA <strong>Zona 4<\/strong> lusa \u00e9 agora a 3.\u00aa classificada nas <a href=\"https:\/\/rfevb-web.dataproject.com\/BestPlayerRankingComplete.aspx?ID=110&amp;rt=5\">melhores no servi\u00e7o<\/a> e a 4.\u00aa nas <a href=\"https:\/\/rfevb-web.dataproject.com\/BestPlayerRankingComplete.aspx?ID=110&amp;rt=4\">melhores pontuadoras<\/a>, sendo ainda a 4.\u00aa classificada na lista de <a href=\"https:\/\/rfevb-web.dataproject.com\/Statistics.aspx?ID=110&amp;PID=136\">melhores jogadoras na sua posi\u00e7\u00e3o<\/a> nesta edi\u00e7\u00e3o da <a href=\"https:\/\/www.rfevb.com\/liga-iberdrola-clasificacion\">Liga Iberdrola<\/a>. Ver mais informa\u00e7\u00f5es <a href=\"https:\/\/rfevb-web.dataproject.com\/Statistics.aspx?ID=110\">AQUI<\/a><br \/>\nNo dia 11 de Fevereiro, o CV Sayre CC La Ballena visita o Cajasol V\u00f3ley Dos Hermanas (4.\u00ba).<\/p>\n<p>Em Fran\u00e7a, o <span style=\"text-decoration: underline;\">Saint-Nazaire VB Atlantique<\/span>, de <strong>Louren\u00e7o Martins<\/strong>, visitou a capital gaulesa e derrotou o Paris Volley Avenir pela margem m\u00e1xima (<a href=\"https:\/\/datavolley.lnv.fr\/2022\/DataVolley\/Men\/LAM133-2023.pdf\">3-0: 25-20, 25-17 e 25-22<\/a>), guindando-se \u00e0 vice-lideran\u00e7a, a tr\u00eas pontos do comandante, o Tours VB, advers\u00e1rio que vai receber no dia 11 de Fevereiro, em jogo da 20 jornada da <strong><a href=\"https:\/\/www.lnv.fr\">Ligue A<\/a><\/strong>.<br \/>\nO zona 4 da Selec\u00e7\u00e3o Nacional contabilizou 5 pontos (3 ataques, 1 servi\u00e7o e 1 bloco). Ver estat\u00edstica <a href=\"https:\/\/datavolley.lnv.fr\/2022\/DataVolley\/Men\/LAM133-2023.pdf\">AQUI<\/a><\/p>\n<p style=\"text-align: center;\"><img loading=\"lazy\" decoding=\"async\" class=\"size-full wp-image-22335 aligncenter\" src=\"https:\/\/fpvoleibol.pt\/fpv\/wp-content\/uploads\/2023\/02\/Cvet_dreamteam.jpg\" alt=\"\" width=\"960\" height=\"812\" srcset=\"https:\/\/fpvoleibol.pt\/fpv\/wp-content\/uploads\/2023\/02\/Cvet_dreamteam.jpg 960w, https:\/\/fpvoleibol.pt\/fpv\/wp-content\/uploads\/2023\/02\/Cvet_dreamteam-300x254.jpg 300w, https:\/\/fpvoleibol.pt\/fpv\/wp-content\/uploads\/2023\/02\/Cvet_dreamteam-768x650.jpg 768w\" sizes=\"auto, (max-width: 960px) 100vw, 960px\" \/><span style=\"font-size: 10pt;\"><strong>Imagem: <a href=\"https:\/\/frv-web.dataproject.com\/CompetitionHome.aspx?ID=30\">FRV<\/a><\/strong><\/span><\/p>\n<p>Na Rom\u00e9nia, o SCM Zalau, de <strong>Filip Cveticanin<\/strong>, derrotou pela margem m\u00e1xima (<a href=\"https:\/\/frv-web.dataproject.com\/MatchStatistics.aspx?mID=2204&amp;ID=30&amp;CID=65&amp;PID=38&amp;type=LegList\">3-0: 25-10, 25-19 e 25-11<\/a>) o Stiinta Bucuresti e perdeu pela diferen\u00e7a m\u00ednima (<a href=\"https:\/\/frv-web.dataproject.com\/MatchStatistics.aspx?mID=2213&amp;ID=30&amp;CID=65&amp;PID=38&amp;type=LegList\">2-3: 25-17, 20-25, 25-21, 20-25 e 8-15<\/a>) no recinto do CSM Constanta, continuando a ocupar a 6.\u00aa posi\u00e7\u00e3o na tabela classificativa da <a href=\"https:\/\/frv-web.dataproject.com\/CompetitionHome.aspx?ID=30\">Divis\u00e3o A1<\/a>.<br \/>\nO central da Selec\u00e7\u00e3o Nacional, que contabilizou 6 pontos (3 blocos, 2 ataques e 1 servi\u00e7o) no primeiro jogo e 10 pontos (7 ataques e 3 blocos) no segundo, mereceu uma refer\u00eancia no <em>Dream Team<\/em> da jornada e \u00e9 actualmente o 2.\u00ba classificado no ranking dos <a href=\"https:\/\/frv-web.dataproject.com\/BestPlayerRankingComplete.aspx?ID=30&amp;rt=3\">melhores blocadores<\/a>.<br \/>\nNo dia 11 de Fevereiro, o Zalau recebe o l\u00edder Steaua Bucuresti, visitando o Suceava (12.\u00ba e \u00faltimo classificado) no dia 18 de Fevereiro.<\/p>\n<p>Em It\u00e1lia, o Anthea Vicenza Volley, de <strong>J\u00falia Kavalenka<\/strong>, regressou vitorioso (<a href=\"https:\/\/www.legavolleyfemminile.it\/match-center\/745829\/statistiche\/\">3-2: 25-21, 25-23, 25-27, 17-25 e 19-17<\/a>) da visita ao Desi Shipping Akademia Messina e continua a ocupar o 7.\u00ba lugar na tabela classificativa da <a href=\"https:\/\/www.legavolleyfemminile.it\/risultati\/?campionato=710278&amp;stagione=2022&amp;giornata=712787\">Serie A2 B da Liga Italiana<\/a>.<br \/>\nA oposta da Selec\u00e7\u00e3o Nacional contabilizou 18 pontos (16 ataques e 2 servi\u00e7os), tendo sido a melhor pontuadora da sua equipa e a segunda do jogo. Ver estat\u00edstica <a href=\"https:\/\/www.legavolleyfemminile.it\/match-center\/745829\/statistiche\/\">AQUI<\/a><br \/>\nAmanh\u00e3, o Anthea Vicenza Volley recebe o Itas Ceccarelli Martignacco (5.\u00ba).<br \/>\nJ\u00falia Kavalenka integra actualmente o <a href=\"https:\/\/www.legavolleyfemminile.it\/centro-statistiche\/?stagione=2022&amp;serie=2\">Top 5<\/a>\u00a0das melhores atacantes da <a href=\"https:\/\/www.legavolleyfemminile.it\/risultati\/?campionato=710278&amp;stagione=2022&amp;giornata=712787\">Serie A2 B da Liga Italiana<\/a>.<\/p>\n<p class=\"auto-style1\" style=\"text-align: center;\"><span style=\"text-decoration: underline;\">Atletas \/ t\u00e9cnicos que actuam no estrangeiro e\/ou com<b> *inscri\u00e7\u00e3o iniciada em 2022\/2023<\/b>:<\/span><\/p>\n<p><strong><span style=\"text-decoration: underline;\">Processo conclu\u00eddo<\/span><br \/>\n<\/strong><a href=\"https:\/\/www.facebook.com\/fbhdisigorta\" target=\"_blank\" rel=\"noopener noreferrer\">Fenerbah\u00e7e HDI Sigorta (Turquia)<\/a> \u2013 Alexandre Ferreira<br \/>\n<a href=\"https:\/\/www.facebook.com\/Vicenzavolley\/\">Anthea Vicenza Volley (It\u00e1lia)<\/a> \u2013 J\u00falia Kavalenka<br \/>\n<a href=\"http:\/\/www.plusliga.pl\/en\/teams\/id\/30288.html\" target=\"_blank\" rel=\"noopener noreferrer\">Aluron Warta Zawiercie (Pol\u00f3nia)<\/a> \u2013 Miguel Tavares Rodrigues<br \/>\n<a href=\"https:\/\/www.lindemansaalst.be\/\">VB Lindemans Aalst (B\u00e9lgica)<\/a> \u2013 Jos\u00e9 Pedro Monteiro<br \/>\n<a href=\"https:\/\/www.facebook.com\/voleirapid\">Volei Rapid Bucuresti (Rom\u00e9nia)<\/a>\u00a0\u2013 Jos\u00e9 Pedro Gomes<br \/>\n<a href=\"https:\/\/www.facebook.com\/SportClubMunicipalZalau\">SCM Zalau (Rom\u00e9nia)<\/a> \u2013 Filip Cveticanin<br \/>\n<a href=\"https:\/\/almeriavoley.es\/\">CV Almeria (Espanha)<\/a>\u00a0\u2013 Marco Ferreira<br \/>\n<a href=\"https:\/\/www.facebook.com\/Club-Voleibol-Sayre-Mayser-Gran-Canaria-174626499227342\/\">CV Sayre Mayser Gran Canaria (Espanha)<\/a>\u00a0\u2013 Marta Hurst<br \/>\n<a href=\"http:\/\/www.snvba.net\/\" target=\"_blank\" rel=\"noopener noreferrer\">Saint-Nazaire VB Atlantique (Fran\u00e7a)<\/a> \u2013 Louren\u00e7o Martins<br \/>\n<a href=\"https:\/\/www.istres-volley.fr\/equipe-premiere\/lequipe\/\" target=\"_blank\" rel=\"noopener noreferrer\">Istres Ouest-Provence Volley-Ball (Fran\u00e7a)<\/a>\u00a0\u2013 Beatriz Santos<br \/>\n<a href=\"https:\/\/www.facebook.com\/AlCaudryVolleyBall\/\" target=\"_blank\" rel=\"noopener noreferrer\">Al Caudry Volley-Ball (Fran\u00e7a)<\/a>\u00a0\u2013 Joana Gonzalez<br \/>\n<a href=\"https:\/\/www.facebook.com\/AlCaudryVolleyBall\/\" target=\"_blank\" rel=\"noopener noreferrer\">Al Caudry Volley-Ball (Fran\u00e7a)<\/a> \u2013 Alexandre Vieira<br \/>\n<a href=\"https:\/\/www.vnvb.fr\/\">Vand\u0153uvre Nancy Volley-Ball (Fran\u00e7a)<\/a> \u2013 Jo\u00e3o Scheltinga<br \/>\n<a href=\"https:\/\/pavvb.fr\/\">Pays d&#8217;Aix Venelles Volley-Ball (Fran\u00e7a)<\/a> \u2013 Laura Castro Dias<br \/>\n<a href=\"https:\/\/www.camevolley.com\/\">Cercle Athl\u00e9tique Municipal d\u2019\u00c9pinal (Fran\u00e7a)<\/a> \u2013 Vict\u00f3ria Soares<br \/>\n<a href=\"https:\/\/www.camevolley.com\/\">Cercle Athl\u00e9tique Municipal d\u2019\u00c9pinal (Fran\u00e7a)<\/a> \u2013 Maria Helena Sampaio<br \/>\n<a href=\"https:\/\/www.facebook.com\/asberckvolleyball\/\">AS Berck Volley-ball (Fran\u00e7a)<\/a> \u2013 Ana Rita Lisboa<br \/>\n<a href=\"https:\/\/www.facebook.com\/USVvolleyball\">US Villejuif (Fran\u00e7a)<\/a> \u2013 Maressa Pavuna<br \/>\n<a href=\"https:\/\/laillevolley.fr\/\">Union Sportive Laille (Fran\u00e7a)<\/a> \u2013 Tiago Fernandes<br \/>\n<a href=\"https:\/\/ksvolley.dk\/en\/\">KSV &#8211; Kobenhavns Studenter Volley (Dinamarca)<\/a> \u2013 Pedro Varela Fernandes<br \/>\n<a href=\"http:\/\/www.le-volleys.de\/regionalliga-ost.html\" target=\"_blank\" rel=\"noopener noreferrer\">LE Volleys (Alemanha)<\/a> \u2013 Lorena Matilde Silveira<br \/>\n<a href=\"https:\/\/www.facebook.com\/VolleyballEchternach\">VB Echternach (Luxemburgo<\/a>) \u2013 Daniel Dias Amorim<br \/>\n<a href=\"https:\/\/www.facebook.com\/IBBPoloniaVC\">IBB Polonia London Volleyball Club (Inglaterra)<\/a> \u2013 Jo\u00e3o Alves<br \/>\n<a href=\"https:\/\/southamptonvolleyball.co.uk\/\">Southampton Volleyball Clube (Inglaterra)<\/a>\u00a0\u2013 Ema Sofia Carneiro<br \/>\n<a href=\"http:\/\/www.darkstarvolleyball.com\/our-teams\/male-player\/\">Darkstar Derbyshire (Inglaterra)<\/a> \u2013 Marcelo Goulart<br \/>\n<a href=\"https:\/\/www.facebook.com\/UoBvolleyballclub\/\">University of Bristol Volleyball Club (Inglaterra)<\/a> \u2013 Rita Castro Birra<br \/>\n<a href=\"https:\/\/southamptonvolleyball.co.uk\/\">Southampton Volleyball Clube (Inglaterra)<\/a>\u00a0\u2013 Maria Lima Antunes<br \/>\n<a href=\"https:\/\/www.cambridgevolleyball.org\/about-cambridge-volleyball-club\/\">Cambridge VC (Inglaterra)<\/a> \u2013 Vasco Martins<br \/>\n<a href=\"https:\/\/www.facebook.com\/pgsrebavolley\/\">AS PGS Reba Torino (It\u00e1lia)<\/a> \u2013 Alexandre Baptista Al\u00edpio<br \/>\n<a href=\"https:\/\/www.volleypizol.org\/\">Volley Pizol (Su\u00ed\u00e7a)<\/a> \u2013 Carla Nina de Oliveira<br \/>\n<a href=\"http:\/\/www.cityofedinburghvolleyball.co.uk\/index2.html\">City of Edinburgh (Esc\u00f3cia)<\/a> \u2013 Joaquim Carvalho<br \/>\n<a href=\"https:\/\/www.facebook.com\/birkirkaravolleyball\">Birkirkara Volleyball Club (Malta)<\/a> \u2013 Ashley Rose Fantazia<\/p>\n<p><span style=\"text-decoration: underline;\"><span class=\"auto-style7\"><strong>Treinadores<\/strong><\/span><\/span>:<br \/>\n<a href=\"https:\/\/www.facebook.com\/toursvolleyball\">Tours VB (Fran\u00e7a)<\/a> \u2013 David Sousa<br \/>\n<a href=\"https:\/\/www.vnvb.fr\/\">Vand\u0153uvre Nancy Volley-Ball (Fran\u00e7a)<\/a> \u2013 Andr\u00e9 S\u00e1<br \/>\n<a href=\"https:\/\/www.vnvb.fr\/\">Vand\u0153uvre Nancy Volley-Ball (Fran\u00e7a)<\/a> \u2013 Jo\u00e3o Scheltinga<br \/>\n<a href=\"https:\/\/www.facebook.com\/Club-Voleibol-Sayre-Mayser-Gran-Canaria-174626499227342\/\">CV Sayre Mayser Gran Canaria (Espanha)<\/a> \u2013 R\u00faben Fevereiro<br \/>\n<a href=\"https:\/\/www.lindemansaalst.be\/\">Lindemans Aalst (B\u00e9lgica)<\/a>\u00a0\u2013 Idner Martins<br \/>\n<a href=\"https:\/\/www.volleya.ch\/\">Raiffeisen Volleya Obwalden NLB (Alemanha)<\/a>\u00a0\u2013 Filipe Carrasco Soares<br \/>\n<a href=\"https:\/\/www.facebook.com\/roteraben\">Rote Raben Vilsbiburg (Alemanha)<\/a> \u2013 Jo\u00e3o David<br \/>\n<a href=\"https:\/\/www.facebook.com\/Blue-volei-clube-1752350595073998\/\" target=\"_blank\" rel=\"noopener noreferrer\">Blue Volei Clube (Angola)<\/a>\u00a0\u2013 Andr\u00e9 Pereira<br \/>\n<a href=\"https:\/\/www.facebook.com\/ZESARVFM\/\">Volleyball Franches-Montagnes (Su\u00ed\u00e7a)<\/a> &#8211; Eduardo Faustino<br \/>\n<a href=\"https:\/\/www.facebook.com\/Cork-Volleyball-Academy-100484505416947\/\">Cork Volleyball Academy (Irlanda)<\/a> \u2013 Ant\u00f3nio Barros<\/p>\n<p style=\"text-align: center;\"><strong>\u00c1rbitros portugueses em ac\u00e7\u00e3o<\/strong><\/p>\n<p><strong>Ricardo Ferreira<br \/>\n<\/strong>Tours VB (Fran\u00e7a) x VFB Friedrichshafen (Alemanha), dos Playoffs da Liga de Campe\u00f5es &#8211; Masculinos, no dia 8 de Fevereiro de 2023.<\/p>\n<p><strong>Pedro Pinto<\/strong><br \/>\nAluron CMC Warta Zawiercie (Pol\u00f3nia) x Grupa Azoty Kedzierzyn-Kozle (Pol\u00f3nia), dos Playoffs da Liga de Campe\u00f5es &#8211; Masculinos, no dia 7 de Fevereiro de 2023.<\/p>\n<p><strong>Raquel Portela<\/strong><br \/>\nMontpellier HSC VB (Fran\u00e7a) x Bluenergy Daiko Volley Piacenza (It\u00e1lia), dos quartos-de-final da Ta\u00e7a CEV &#8211; Masculinos, no dia 7 de Fevereiro de 2023.<\/p>\n<p><strong>V\u00edtor Gon\u00e7alves<\/strong><br \/>\nB\u00e9lgica x B\u00f3snia-Herzegovina, da Golden League &#8211; Femininos, no dia 27 de Maio de 2023.<strong><br \/>\n<\/strong>Campeonato do Mundo de Sub-19 Masculinos, na Argentina, de 4 a 13 de Agosto de 2023.<\/p>\n<p style=\"text-align: center;\"><strong>Voleibol de Praia<\/strong><\/p>\n<p style=\"text-align: left;\"><strong>Rui Carvalho<br \/>\n<\/strong> Nomeado para arbitrar nas etapas brasileiras do FIVB Beach Pro Tour que se v\u00e3o realizar este ano nas localidades de Itapema (Challenge, 5 a 9 de Abril) e Saquarema (Challenge, de 11 a 16 Abril).<\/p>\n<p style=\"text-align: center;\">Mais informa\u00e7\u00f5es em <a href=\"https:\/\/www.cev.eu\/\">CEV<\/a> e <a href=\"https:\/\/www.fivb.com\/\">FIVB<\/a><\/p>\n","protected":false},"excerpt":{"rendered":"<p>Imagem: PlusLiga Os Portugueses continuam a brilhar nos campeonatos estrangeiros, aparecendo ami\u00fade nas equipas da jornada, como s\u00e3o os casos de Alexandre Ferreira (felizmente longe do epicentro do sismo de [&hellip;]<\/p>\n","protected":false},"author":2,"featured_media":21135,"comment_status":"open","ping_status":"open","sticky":false,"template":"","format":"standard","meta":{"_monsterinsights_skip_tracking":false,"_monsterinsights_sitenote_active":false,"_monsterinsights_sitenote_note":"","_monsterinsights_sitenote_category":0,"footnotes":""},"categories":[8],"tags":[71,52],"class_list":{"0":"post-22309","1":"post","2":"type-post","3":"status-publish","4":"format-standard","5":"has-post-thumbnail","7":"category-voleibol","8":"tag-epoca-2022-2023","9":"tag-portugueses-no-mundo","10":"czr-hentry"},"aioseo_notices":[],"_links":{"self":[{"href":"https:\/\/fpvoleibol.pt\/fpv\/wp-json\/wp\/v2\/posts\/22309","targetHints":{"allow":["GET"]}}],"collection":[{"href":"https:\/\/fpvoleibol.pt\/fpv\/wp-json\/wp\/v2\/posts"}],"about":[{"href":"https:\/\/fpvoleibol.pt\/fpv\/wp-json\/wp\/v2\/types\/post"}],"author":[{"embeddable":true,"href":"https:\/\/fpvoleibol.pt\/fpv\/wp-json\/wp\/v2\/users\/2"}],"replies":[{"embeddable":true,"href":"https:\/\/fpvoleibol.pt\/fpv\/wp-json\/wp\/v2\/comments?post=22309"}],"version-history":[{"count":18,"href":"https:\/\/fpvoleibol.pt\/fpv\/wp-json\/wp\/v2\/posts\/22309\/revisions"}],"predecessor-version":[{"id":22349,"href":"https:\/\/fpvoleibol.pt\/fpv\/wp-json\/wp\/v2\/posts\/22309\/revisions\/22349"}],"wp:featuredmedia":[{"embeddable":true,"href":"https:\/\/fpvoleibol.pt\/fpv\/wp-json\/wp\/v2\/media\/21135"}],"wp:attachment":[{"href":"https:\/\/fpvoleibol.pt\/fpv\/wp-json\/wp\/v2\/media?parent=22309"}],"wp:term":[{"taxonomy":"category","embeddable":true,"href":"https:\/\/fpvoleibol.pt\/fpv\/wp-json\/wp\/v2\/categories?post=22309"},{"taxonomy":"post_tag","embeddable":true,"href":"https:\/\/fpvoleibol.pt\/fpv\/wp-json\/wp\/v2\/tags?post=22309"}],"curies":[{"name":"wp","href":"https:\/\/api.w.org\/{rel}","templated":true}]}}