{"id":22292,"date":"2023-02-06T11:30:11","date_gmt":"2023-02-06T11:30:11","guid":{"rendered":"https:\/\/fpvoleibol.pt\/fpv\/?p=22292"},"modified":"2023-02-06T11:30:11","modified_gmt":"2023-02-06T11:30:11","slug":"curso-de-arbitros-na-madeira","status":"publish","type":"post","link":"https:\/\/fpvoleibol.pt\/fpv\/2023\/02\/06\/curso-de-arbitros-na-madeira\/","title":{"rendered":"CURSO DE \u00c1RBITROS NA MADEIRA"},"content":{"rendered":"<p><img loading=\"lazy\" decoding=\"async\" class=\"size-full wp-image-22294 aligncenter\" src=\"https:\/\/fpvoleibol.pt\/fpv\/wp-content\/uploads\/2023\/02\/curso_arb_avm_fev.jpg\" alt=\"\" width=\"960\" height=\"960\" srcset=\"https:\/\/fpvoleibol.pt\/fpv\/wp-content\/uploads\/2023\/02\/curso_arb_avm_fev.jpg 960w, https:\/\/fpvoleibol.pt\/fpv\/wp-content\/uploads\/2023\/02\/curso_arb_avm_fev-300x300.jpg 300w, https:\/\/fpvoleibol.pt\/fpv\/wp-content\/uploads\/2023\/02\/curso_arb_avm_fev-150x150.jpg 150w, https:\/\/fpvoleibol.pt\/fpv\/wp-content\/uploads\/2023\/02\/curso_arb_avm_fev-768x768.jpg 768w, https:\/\/fpvoleibol.pt\/fpv\/wp-content\/uploads\/2023\/02\/curso_arb_avm_fev-510x510.jpg 510w\" sizes=\"auto, (max-width: 960px) 100vw, 960px\" \/>A <a href=\"https:\/\/www.facebook.com\/voleibol.madeira?locale=pt_PT\">Associa\u00e7\u00e3o de Voleibol da Madeira<\/a> (AVM) organiza, no corrente m\u00eas, um Curso de \u00c1rbitros de Voleibol N\u00edvel 1.<\/p>\n<p>Repartindo-se pelos dias 18, 19, 21, 25 e 26 de Fevereiro, o curso ter\u00e1 como director o \u00e1rbitro internacional Ricardo Ferreira, que ser\u00e1 tamb\u00e9m um dos formadores, tal como os \u00e1rbitros madeirenses de N\u00edvel 3 C\u00e2ndida Sousa e Paulo Branco, que \u00e9 tamb\u00e9m Presidente do Conselho Regional de Arbitragem da Associa\u00e7\u00e3o de Voleibol da Madeira.<\/p>\n<p>O curso ter\u00e1 uma carga hor\u00e1ria de 30 horas e a data limite para as inscri\u00e7\u00f5es \u00e9 o dia 14 de Fevereiro.<\/p>\n<p>As aulas te\u00f3ricas decorrer\u00e3o na sede da Associa\u00e7\u00e3o de Voleibol da Madeira e as aulas pr\u00e1ticas ser\u00e3o efectuadas no Pavilh\u00e3o da Levada.<\/p>\n<p style=\"text-align: center;\">Informa\u00e7\u00f5es:  | Inscri\u00e7\u00f5es: <a href=\"http:\/\/bitly.ws\/zHxj\">http:\/\/bitly.ws\/zHxj<\/a><\/p>\n","protected":false},"excerpt":{"rendered":"<p>A Associa\u00e7\u00e3o de Voleibol da Madeira (AVM) organiza, no corrente m\u00eas, um Curso de \u00c1rbitros de Voleibol N\u00edvel 1. Repartindo-se pelos dias 18, 19, 21, 25 e 26 de Fevereiro, [&hellip;]<\/p>\n","protected":false},"author":2,"featured_media":22295,"comment_status":"open","ping_status":"open","sticky":false,"template":"","format":"standard","meta":{"_monsterinsights_skip_tracking":false,"_monsterinsights_sitenote_active":false,"_monsterinsights_sitenote_note":"","_monsterinsights_sitenote_category":0,"footnotes":""},"categories":[13,11],"tags":[71],"class_list":{"0":"post-22292","1":"post","2":"type-post","3":"status-publish","4":"format-standard","5":"has-post-thumbnail","7":"category-arbitragem","8":"category-formacao","9":"tag-epoca-2022-2023","10":"czr-hentry"},"aioseo_notices":[],"_links":{"self":[{"href":"https:\/\/fpvoleibol.pt\/fpv\/wp-json\/wp\/v2\/posts\/22292","targetHints":{"allow":["GET"]}}],"collection":[{"href":"https:\/\/fpvoleibol.pt\/fpv\/wp-json\/wp\/v2\/posts"}],"about":[{"href":"https:\/\/fpvoleibol.pt\/fpv\/wp-json\/wp\/v2\/types\/post"}],"author":[{"embeddable":true,"href":"https:\/\/fpvoleibol.pt\/fpv\/wp-json\/wp\/v2\/users\/2"}],"replies":[{"embeddable":true,"href":"https:\/\/fpvoleibol.pt\/fpv\/wp-json\/wp\/v2\/comments?post=22292"}],"version-history":[{"count":4,"href":"https:\/\/fpvoleibol.pt\/fpv\/wp-json\/wp\/v2\/posts\/22292\/revisions"}],"predecessor-version":[{"id":22320,"href":"https:\/\/fpvoleibol.pt\/fpv\/wp-json\/wp\/v2\/posts\/22292\/revisions\/22320"}],"wp:featuredmedia":[{"embeddable":true,"href":"https:\/\/fpvoleibol.pt\/fpv\/wp-json\/wp\/v2\/media\/22295"}],"wp:attachment":[{"href":"https:\/\/fpvoleibol.pt\/fpv\/wp-json\/wp\/v2\/media?parent=22292"}],"wp:term":[{"taxonomy":"category","embeddable":true,"href":"https:\/\/fpvoleibol.pt\/fpv\/wp-json\/wp\/v2\/categories?post=22292"},{"taxonomy":"post_tag","embeddable":true,"href":"https:\/\/fpvoleibol.pt\/fpv\/wp-json\/wp\/v2\/tags?post=22292"}],"curies":[{"name":"wp","href":"https:\/\/api.w.org\/{rel}","templated":true}]}}