{"id":2206,"date":"2020-11-03T22:45:36","date_gmt":"2020-11-03T21:45:36","guid":{"rendered":"https:\/\/fpvoleibol.pt\/fpv\/?p=2206"},"modified":"2020-11-04T10:28:41","modified_gmt":"2020-11-04T09:28:41","slug":"entrada-de-leao-na-challenge-cup-2021","status":"publish","type":"post","link":"https:\/\/fpvoleibol.pt\/fpv\/2020\/11\/03\/entrada-de-leao-na-challenge-cup-2021\/","title":{"rendered":"ENTRADA DE \u00abLE\u00c3O\u00bb NA CHALLENGE CUP 2021"},"content":{"rendered":"<p><img loading=\"lazy\" decoding=\"async\" class=\"alignnone size-large wp-image-2208 aligncenter\" src=\"https:\/\/fpvoleibol.pt\/fpv\/wp-content\/uploads\/2020\/11\/Sporting_chalCup2-1024x799.jpg\" alt=\"\" width=\"1024\" height=\"799\" srcset=\"https:\/\/fpvoleibol.pt\/fpv\/wp-content\/uploads\/2020\/11\/Sporting_chalCup2-1024x799.jpg 1024w, https:\/\/fpvoleibol.pt\/fpv\/wp-content\/uploads\/2020\/11\/Sporting_chalCup2-300x234.jpg 300w, https:\/\/fpvoleibol.pt\/fpv\/wp-content\/uploads\/2020\/11\/Sporting_chalCup2-768x599.jpg 768w, https:\/\/fpvoleibol.pt\/fpv\/wp-content\/uploads\/2020\/11\/Sporting_chalCup2.jpg 1200w\" sizes=\"auto, (max-width: 1024px) 100vw, 1024px\" \/><\/p>\n<p>A equipa de seniores masculinos do\u00a0<a href=\"https:\/\/www.facebook.com\/sportingmodalidades\" target=\"_blank\" rel=\"noopener noreferrer\">Sporting CP<\/a> entrou da melhor forma na <a href=\"https:\/\/www.cev.eu\/Competition-Area\/Competition.aspx?ID=1261&amp;PID=2008\" target=\"_blank\" rel=\"noopener noreferrer\">CEV Volleyball Challenge Cup 2021<\/a>. ao receber e vencer pela margem m\u00e1xima (<a href=\"https:\/\/www.cev.eu\/Competition-Area\/MatchStatistics.aspx?ID=38397\">3-0: 25-20, 25-22 e 25-23<\/a>) os alem\u00e3es do \u00a0<a href=\"https:\/\/www.giesengrizzlys.de\/bundesliga\/helios-grizzlys\/\" target=\"_blank\" rel=\"noopener noreferrer\">Helios Grizzlys Giesen (Alemanha)<\/a> na 1.\u00aa m\u00e3o dos 16 avos-de-final.<br \/>\nPaulo Victor Silva, com 13 pontos, e Stijn Van Tilburg, com 8, cotaram-se como os melhores pontuadores do Sporting CP e do Giesen. Ver estat\u00edstica <a href=\"https:\/\/www.cev.eu\/Competition-Area\/MatchStatistics.aspx?ID=38397\">aqui<\/a><\/p>\n<p>Na 2.\u00aa m\u00e3o, a equipa leonina desloca-se \u00e0 Alemanha no dia 10 de Novembro (19h00 locais).<\/p>\n<p>Quanto \u00e0s outras equipas portuguesas em prova, o <a href=\"https:\/\/www.facebook.com\/SportLisboaBenficaModalidades\/\" target=\"_blank\" rel=\"noopener noreferrer\">SL Benfica<\/a>\u00a0garantiu j\u00e1 a presen\u00e7a nos oitavos-de-final da\u00a0<a href=\"https:\/\/www.cev.eu\/Competition-Area\/Competition.aspx?ID=1261&amp;PID=2008\" target=\"_blank\" rel=\"noopener noreferrer\">CEV Volleyball Challenge Cup 2021<\/a>, ao beneficiar do afastamento dos h\u00fangaros do\u00a0<a href=\"http:\/\/www.vrck.hu\/\" target=\"_blank\" rel=\"noopener noreferrer\">Vegyesz RC Kazincbarcika<\/a>, impedidos de jogar em Novembro devido a restri\u00e7\u00f5es ligadas \u00e0 pandemia de Covid-19, de acordo com a Confedera\u00e7\u00e3o Europeia de Voleibol (CEV).<\/p>\n<p>Nos oitavos-de-final, a equipa orientada pelo brasileiro Marcel Matz vai defrontar o vencedor da eliminat\u00f3ria entre o Halkbank Ankara (Turquia) e o Hapoel Kfar Saba (Israel).<br \/>\nPrimeiro fora, a 1, 2 ou 3 de Dezembro de 2020, e depois na Luz, a 15, 16 ou 17 de Dezembro de 2020.<\/p>\n<p class=\"descricaonoticia\">Por seu turno, a\u00a0<strong>Associa\u00e7\u00e3o de Jovens da Fonte do Bastardo<\/strong>\u00a0vai disputar os dois jogos dos 16 avos-de-final da\u00a0<a href=\"https:\/\/www.cev.eu\/Competition-Area\/Competition.aspx?ID=1261&amp;PID=2008\" target=\"_blank\" rel=\"noopener noreferrer\">CEV Volleyball Challenge Cup 2021<\/a>, com o\u00a0<a href=\"https:\/\/ziraatbankasisporkulubu.com\/\" target=\"_blank\" rel=\"noopener noreferrer\">Ziraat Bankasi Ankara<\/a>\u00a0\u2013 antiga equipa do capit\u00e3o da Selec\u00e7\u00e3o Nacional, Alexandre Ferreira, actualmente a jogar na Coreia do Sul \u2013, na Turquia,\u00a0<span class=\"auto-style3\">nos dias 11 e 13 de Novembro (19h00 locais)<\/span>.<\/p>\n<p class=\"descricaonoticia\">Na \u00e9poca passada, o SL Benfica conseguiu uma entrada hist\u00f3rica na fase de grupos da Liga dos Campe\u00f5es, enquanto o Sporting atingiu as meias-finais da Challenge Cup, fase que n\u00e3o chegou a disputar devido \u00e0 pandemia de Covid-19.<br \/>\nNa Challenge Cup, as \u00e1guias conseguiram alcan\u00e7ar o 2.\u00ba (2015, vit\u00f3ria dos s\u00e9rvios do Vojvodina NS Seme Novi Sad) e o 3.\u00ba lugar (2016, eliminadas nas meias-finais por aqueles que seriam os vencedores da prova, os italianos do Calzedonia Verona).<\/p>\n<p class=\"descricaonoticia\">A equipa de seniores femininos da\u00a0<a href=\"https:\/\/www.facebook.com\/AJM-FC-Porto-209163616115343\/\" target=\"_blank\" rel=\"noopener noreferrer\">AJM\/FC Porto<\/a>\u00a0vai disputar os dois jogos dos 16 avos-de-final da\u00a0<a href=\"https:\/\/www.cev.eu\/Competition-Area\/Competition.aspx?ID=1261&amp;PID=2008\" target=\"_blank\" rel=\"noopener noreferrer\">CEV Volleyball Challenge Cup 2021<\/a>\u00a0com o\u00a0<a href=\"https:\/\/pt-br.facebook.com\/csdinamo\/\" target=\"_blank\" rel=\"noopener noreferrer\">Dinamo Bucuresti (Rom\u00e9nia)<\/a>\u00a0nos dias 24 (20h00) e 25 de Novembro (15h00) no \u00abDrag\u00e3o Arena\u00bb, ap\u00f3s o acordo entre os dois clubes ter tido o aval da Confedera\u00e7\u00e3o Europeia de Voleibol (CEV).<\/p>\n<p class=\"descricaonoticia\">Igualmente para os 16 avos-de-final da\u00a0<a href=\"https:\/\/www.cev.eu\/Competition-Area\/Competition.aspx?ID=1261&amp;PID=2008\" target=\"_blank\" rel=\"noopener noreferrer\">CEV Volleyball Challenge Cup 2021<\/a>, o\u00a0<a href=\"https:\/\/www.facebook.com\/clubekairosvoleibol\" target=\"_blank\" rel=\"noopener noreferrer\">Clube Kair\u00f3s\u00a0<\/a>joga primeiro em Ponta Delgada (11 de Novembro\/20h00 locais) e quinze dias depois na S\u00e9rvia (25 de Novembro\/19h00 locais) com o\u00a0<a href=\"http:\/\/okjedinstvo.org.rs\/\" target=\"_blank\" rel=\"noopener noreferrer\">OK Jedintsvo Stara Pazova<\/a>.<\/p>\n<p class=\"descricaonoticia\">Mais informa\u00e7\u00f5es em\u00a0<a href=\"http:\/\/www.cev.eu\/\" target=\"_blank\" rel=\"noopener noreferrer\">www.cev.eu<\/a><\/p>\n<p><strong>\u00c1rbitros portugueses em ac\u00e7\u00e3o nas competi\u00e7\u00f5es europeias<\/strong><\/p>\n<p><strong>Ricardo Ferreira<br \/>\n<\/strong>Lindemans Aalst (B\u00e9lgica) x Grupa Azoty Kedzierzyn (Pol\u00f3nia), da Pool A da Liga dos Campe\u00f5es, no dia 1 de Dezembro de 2020.<br \/>\nBerlin Recycling Volleys (Alemanha) x Zenit Kazan (R\u00fassia), da Pool C da Liga dos Campe\u00f5es \u2013 masculinos, no dia 16 de Dezembro de 2020.<br \/>\nUnet e-work Busto Arsizio (It\u00e1lia) x Savino Del Bene Scandicci (It\u00e1lia), da Pool A da Liga dos Campe\u00f5es \u2013 femininos, no dia 10 de Novembro de 2020.<\/p>\n<p><strong>V\u00edtor Gon\u00e7alves<br \/>\n<\/strong>Vencedor da Pool H x Cez Karlovarsko (Rep\u00fablica Checa), da Pool E da Liga dos Campe\u00f5es \u2013 masculinos, em data a definir.<\/p>\n<p><strong>Jos\u00e9 Caramez<br \/>\n<\/strong>Sliedrecht Sport (Holanda) x CV Gran Canaria (Espanha), dos 16 avos-de-final da Challenge Cup \u2013 femininos, no dia 10 de Novembro de 2020.<br \/>\nCV Gran Canaria (Espanha) x Sliedrecht Sport (Holanda), dos 16 avos-de-final da Challenge Cup \u2013 femininos, no dia 11 de Novembro de 2020.<\/p>\n<p><strong>Nuno Teixeira<br \/>\n<\/strong>Sanaya Libby\u2019s La Laguna (Espanha) x VK Pirane Brusno (Eslov\u00e1quia), dos 16 avos-de-final da Challenge Cup \u2013 femininos, no dia 25 de Novembro de 2020.<br \/>\nVencedor do SK Jekabpils Lusi (Let\u00f3nia) vs Allianz Powervolley Milano (It\u00e1lia) x Vencedor do OK Vardar Skopje (Maced\u00f3nia) vs Calcit Volley Kamnik (Eslov\u00e9nia), dos oitavos-de-final da Challenge Cup \u2013 masculinos, no dia 15, 16 ou 17 de Dezembro de 2020.<\/p>\n<p><strong>Pedro Pinto<br \/>\n<\/strong>Saugella Monza (It\u00e1lia) x Viteos Neuchatel UC (Su\u00ed\u00e7a), dos 16 avos-de-final da Ta\u00e7a CEV \u2013 femininos, no dia 11 de Novembro de 2020.<br \/>\nSaugella Monza (It\u00e1lia) ou Viteos Neuchatel UC (Su\u00ed\u00e7a) x Swietelsky Bekescsaba (Hungria), dos oitavos-de-final da Ta\u00e7a CEV \u2013 femininos, em data a definir.<\/p>\n<p><strong>Raquel Portela<br \/>\n<\/strong>AS\u00a0Cannes VB (Fran\u00e7a) x Nantes Rez\u00e9 M\u00e9tropole (Fran\u00e7a), dos 16 avos-de-final da Challenge Cup \u2013 masculinos, no dia 11 de Novembro de 2020.<br \/>\nCV Guaguas Las Palmas (Espanha) x 3.\u00ba classificado da Pool G da Liga dos Campe\u00f5es, dos 16 avos-de-final da Ta\u00e7a CEV \u2013 masculinos, no dia 18 de Novembro de 2020.<\/p>\n","protected":false},"excerpt":{"rendered":"<p>A equipa de seniores masculinos do\u00a0Sporting CP entrou da melhor forma na CEV Volleyball Challenge Cup 2021. ao receber e vencer pela margem m\u00e1xima (3-0: 25-20, 25-22 e 25-23) os [&hellip;]<\/p>\n","protected":false},"author":2,"featured_media":2207,"comment_status":"open","ping_status":"open","sticky":false,"template":"","format":"standard","meta":{"_monsterinsights_skip_tracking":false,"_monsterinsights_sitenote_active":false,"_monsterinsights_sitenote_note":"","_monsterinsights_sitenote_category":0,"footnotes":""},"categories":[8],"tags":[],"class_list":{"0":"post-2206","1":"post","2":"type-post","3":"status-publish","4":"format-standard","5":"has-post-thumbnail","7":"category-voleibol","8":"czr-hentry"},"aioseo_notices":[],"_links":{"self":[{"href":"https:\/\/fpvoleibol.pt\/fpv\/wp-json\/wp\/v2\/posts\/2206","targetHints":{"allow":["GET"]}}],"collection":[{"href":"https:\/\/fpvoleibol.pt\/fpv\/wp-json\/wp\/v2\/posts"}],"about":[{"href":"https:\/\/fpvoleibol.pt\/fpv\/wp-json\/wp\/v2\/types\/post"}],"author":[{"embeddable":true,"href":"https:\/\/fpvoleibol.pt\/fpv\/wp-json\/wp\/v2\/users\/2"}],"replies":[{"embeddable":true,"href":"https:\/\/fpvoleibol.pt\/fpv\/wp-json\/wp\/v2\/comments?post=2206"}],"version-history":[{"count":3,"href":"https:\/\/fpvoleibol.pt\/fpv\/wp-json\/wp\/v2\/posts\/2206\/revisions"}],"predecessor-version":[{"id":2211,"href":"https:\/\/fpvoleibol.pt\/fpv\/wp-json\/wp\/v2\/posts\/2206\/revisions\/2211"}],"wp:featuredmedia":[{"embeddable":true,"href":"https:\/\/fpvoleibol.pt\/fpv\/wp-json\/wp\/v2\/media\/2207"}],"wp:attachment":[{"href":"https:\/\/fpvoleibol.pt\/fpv\/wp-json\/wp\/v2\/media?parent=2206"}],"wp:term":[{"taxonomy":"category","embeddable":true,"href":"https:\/\/fpvoleibol.pt\/fpv\/wp-json\/wp\/v2\/categories?post=2206"},{"taxonomy":"post_tag","embeddable":true,"href":"https:\/\/fpvoleibol.pt\/fpv\/wp-json\/wp\/v2\/tags?post=2206"}],"curies":[{"name":"wp","href":"https:\/\/api.w.org\/{rel}","templated":true}]}}