{"id":22032,"date":"2023-01-24T11:16:08","date_gmt":"2023-01-24T11:16:08","guid":{"rendered":"https:\/\/fpvoleibol.pt\/fpv\/?p=22032"},"modified":"2023-01-24T11:16:08","modified_gmt":"2023-01-24T11:16:08","slug":"sub-17-femininos-em-observacao","status":"publish","type":"post","link":"https:\/\/fpvoleibol.pt\/fpv\/2023\/01\/24\/sub-17-femininos-em-observacao\/","title":{"rendered":"SUB-17 FEMININOS EM OBSERVA\u00c7\u00c3O"},"content":{"rendered":"<p style=\"text-align: left;\"><img loading=\"lazy\" decoding=\"async\" class=\"size-full wp-image-22034 aligncenter\" src=\"https:\/\/fpvoleibol.pt\/fpv\/wp-content\/uploads\/2023\/01\/sub17fem_europ2023_d.jpg\" alt=\"\" width=\"960\" height=\"570\" srcset=\"https:\/\/fpvoleibol.pt\/fpv\/wp-content\/uploads\/2023\/01\/sub17fem_europ2023_d.jpg 960w, https:\/\/fpvoleibol.pt\/fpv\/wp-content\/uploads\/2023\/01\/sub17fem_europ2023_d-300x178.jpg 300w, https:\/\/fpvoleibol.pt\/fpv\/wp-content\/uploads\/2023\/01\/sub17fem_europ2023_d-768x456.jpg 768w\" sizes=\"auto, (max-width: 960px) 100vw, 960px\" \/>Tendo em vista a continua\u00e7\u00e3o dos trabalhos regulares da <strong>Selec\u00e7\u00e3o Nacional de Sub-17 Femininos<\/strong>, a equipa t\u00e9cnica liderada por <span style=\"text-decoration: underline;\">Beatriz Santos<\/span> convocou 17 atletas para os <strong>treinos de observa\u00e7\u00e3o<\/strong> que est\u00e3o a decorrer, at\u00e9 quinta-feira (26 de Janeiro),<strong> das 18h30 \u00e0s 21h30<\/strong>, no Pavilh\u00e3o da Escola Secund\u00e1ria Rodrigues de Freitas, no Porto.<\/p>\n<p style=\"text-align: center;\"><span style=\"text-decoration: underline; background-color: #999999; color: #ffffff;\"><strong>Convocadas<\/strong><\/span><\/p>\n<p style=\"text-align: center;\"><strong>AA Jos\u00e9 Moreira<\/strong><br \/>\nFrancisca Guedes<br \/>\nMaria Jo\u00e3o Peres<\/p>\n<p style=\"text-align: center;\"><strong>Ala de Nun&#8217;\u00c1lvares de Gondomar<\/strong><br \/>\nMatilde Soares<\/p>\n<p style=\"text-align: center;\"><strong>AA Espinho<\/strong><br \/>\nEma Mello<\/p>\n<p style=\"text-align: center;\"><strong>AA S. Mamede<\/strong><br \/>\nLaura Afanas<\/p>\n<p style=\"text-align: center;\"><strong>Cast\u00ealo da Maia GC<\/strong><br \/>\nIn\u00eas Sol Campos<\/p>\n<p style=\"text-align: center;\"><strong>CAR Taipense<\/strong><br \/>\nLeonor M. Silva<br \/>\nMatilde Silva<\/p>\n<p style=\"text-align: center;\"><strong>CD P\u00f3voa<\/strong><br \/>\nSofia Schoberl<\/p>\n<p style=\"text-align: center;\"><strong>Esmoriz GC<\/strong><br \/>\nB\u00e1rbara Guedes<br \/>\nEva Rodrigues<\/p>\n<p style=\"text-align: center;\"><strong>Frei Gil VC<\/strong><br \/>\nLara Lobo Carvalho<\/p>\n<p style=\"text-align: center;\"><strong>Leix\u00f5es SC<\/strong><br \/>\nFrancisca Botelho<br \/>\nGabriela Lopes<\/p>\n<p style=\"text-align: center;\"><strong>SC Braga<\/strong><br \/>\nLara Jorge Silva<\/p>\n<p style=\"text-align: center;\"><strong>SC Espinho<\/strong><br \/>\nMartina Ribeiro<\/p>\n<p style=\"text-align: center;\"><strong>Vit\u00f3ria SC<\/strong><br \/>\nBeatriz Silva<\/p>\n<p style=\"text-align: center;\"><span style=\"font-family: georgia, palatino, serif; font-size: 12pt;\">Informa\u00e7\u00f5es adicionais em <a href=\"https:\/\/www.cev.eu\/\">CEV<\/a> e <a href=\"http:\/\/www.wevza.com\">WEVZA<\/a><\/span><\/p>\n","protected":false},"excerpt":{"rendered":"<p>Tendo em vista a continua\u00e7\u00e3o dos trabalhos regulares da Selec\u00e7\u00e3o Nacional de Sub-17 Femininos, a equipa t\u00e9cnica liderada por Beatriz Santos convocou 17 atletas para os treinos de observa\u00e7\u00e3o que [&hellip;]<\/p>\n","protected":false},"author":2,"featured_media":22033,"comment_status":"open","ping_status":"open","sticky":false,"template":"","format":"standard","meta":{"_monsterinsights_skip_tracking":false,"_monsterinsights_sitenote_active":false,"_monsterinsights_sitenote_note":"","_monsterinsights_sitenote_category":0,"footnotes":""},"categories":[11,8],"tags":[71,34],"class_list":{"0":"post-22032","1":"post","2":"type-post","3":"status-publish","4":"format-standard","5":"has-post-thumbnail","7":"category-formacao","8":"category-voleibol","9":"tag-epoca-2022-2023","10":"tag-sub-17","11":"czr-hentry"},"aioseo_notices":[],"_links":{"self":[{"href":"https:\/\/fpvoleibol.pt\/fpv\/wp-json\/wp\/v2\/posts\/22032","targetHints":{"allow":["GET"]}}],"collection":[{"href":"https:\/\/fpvoleibol.pt\/fpv\/wp-json\/wp\/v2\/posts"}],"about":[{"href":"https:\/\/fpvoleibol.pt\/fpv\/wp-json\/wp\/v2\/types\/post"}],"author":[{"embeddable":true,"href":"https:\/\/fpvoleibol.pt\/fpv\/wp-json\/wp\/v2\/users\/2"}],"replies":[{"embeddable":true,"href":"https:\/\/fpvoleibol.pt\/fpv\/wp-json\/wp\/v2\/comments?post=22032"}],"version-history":[{"count":3,"href":"https:\/\/fpvoleibol.pt\/fpv\/wp-json\/wp\/v2\/posts\/22032\/revisions"}],"predecessor-version":[{"id":22037,"href":"https:\/\/fpvoleibol.pt\/fpv\/wp-json\/wp\/v2\/posts\/22032\/revisions\/22037"}],"wp:featuredmedia":[{"embeddable":true,"href":"https:\/\/fpvoleibol.pt\/fpv\/wp-json\/wp\/v2\/media\/22033"}],"wp:attachment":[{"href":"https:\/\/fpvoleibol.pt\/fpv\/wp-json\/wp\/v2\/media?parent=22032"}],"wp:term":[{"taxonomy":"category","embeddable":true,"href":"https:\/\/fpvoleibol.pt\/fpv\/wp-json\/wp\/v2\/categories?post=22032"},{"taxonomy":"post_tag","embeddable":true,"href":"https:\/\/fpvoleibol.pt\/fpv\/wp-json\/wp\/v2\/tags?post=22032"}],"curies":[{"name":"wp","href":"https:\/\/api.w.org\/{rel}","templated":true}]}}