{"id":2201,"date":"2020-11-03T18:45:14","date_gmt":"2020-11-03T17:45:14","guid":{"rendered":"https:\/\/fpvoleibol.pt\/fpv\/?p=2201"},"modified":"2020-11-03T18:45:14","modified_gmt":"2020-11-03T17:45:14","slug":"xiii-encontro-nacional-de-monitores-de-gira-volei-em-castro-verde","status":"publish","type":"post","link":"https:\/\/fpvoleibol.pt\/fpv\/2020\/11\/03\/xiii-encontro-nacional-de-monitores-de-gira-volei-em-castro-verde\/","title":{"rendered":"XIII ENCONTRO NACIONAL DE MONITORES DE GIRA-VOLEI EM CASTRO VERDE"},"content":{"rendered":"<p>&nbsp;<\/p>\n<p><img loading=\"lazy\" decoding=\"async\" class=\"alignnone size-full wp-image-2203\" src=\"https:\/\/fpvoleibol.pt\/fpv\/wp-content\/uploads\/2020\/11\/imagem_13enmgv_castro_verde_GD.jpg\" alt=\"\" width=\"960\" height=\"540\" srcset=\"https:\/\/fpvoleibol.pt\/fpv\/wp-content\/uploads\/2020\/11\/imagem_13enmgv_castro_verde_GD.jpg 960w, https:\/\/fpvoleibol.pt\/fpv\/wp-content\/uploads\/2020\/11\/imagem_13enmgv_castro_verde_GD-300x169.jpg 300w, https:\/\/fpvoleibol.pt\/fpv\/wp-content\/uploads\/2020\/11\/imagem_13enmgv_castro_verde_GD-768x432.jpg 768w, https:\/\/fpvoleibol.pt\/fpv\/wp-content\/uploads\/2020\/11\/imagem_13enmgv_castro_verde_GD-528x297.jpg 528w\" sizes=\"auto, (max-width: 960px) 100vw, 960px\" \/><\/p>\n<p>A <strong>Federa\u00e7\u00e3o Portuguesa de Voleibol<\/strong>, em colabora\u00e7\u00e3o com a <span style=\"text-decoration: underline;\"><a href=\"http:\/\/avalentejo.pt\/\">Associa\u00e7\u00e3o de Voleibol do Alentejo e Algarve (AVAL)<\/a> e o apoio do <a href=\"https:\/\/www.cm-castroverde.pt\/pt\/Default.aspx\">Munic\u00edpio de Castro Verde<\/a><\/span>, organiza, no dia 14 de Novembro, no F\u00f3rum Municipal de Castro Verde, o <a href=\"https:\/\/www.giravolei.com\/wp\/encontros-de-monitores-gira-volei\/xiii-encontro-de-monitores-de-gira-volei-castro-verde\/\"><strong>XIII Encontro Nacional de Monitores de Gira-Volei<\/strong><\/a>, que nesta edi\u00e7\u00e3o ser\u00e1 subordinado ao tema \u00ab<em>O Treino de Inicia\u00e7\u00e3o do Voleibol em Per\u00edodo de Pandemia<\/em>\u00bb.<\/p>\n<p>O Encontro Nacional de Monitores de Gira-Volei servir\u00e1 como ac\u00e7\u00e3o de forma\u00e7\u00e3o cont\u00ednua v\u00e1lida para efeitos da renova\u00e7\u00e3o do T\u00edtulo Profissional de Treinador de Desporto, conferindo 1 unidade de cr\u00e9dito (UC), na componente de forma\u00e7\u00e3o espec\u00edfica, aos treinadores de Voleibol.<\/p>\n<p>O XIII Encontro de Monitores contar\u00e1 com os prelectores Leonel Salgueiro, Director T\u00e9cnico Nacional da FPV, Hugo Silva, Seleccionador Nacional de Seniores Masculinos, M\u00e1rio Barbosa, Professor no Agrupamento de Escolas de Alc\u00e1cer do Sal, Sofia Trinchante, Treinadora do GC Sines, e Cl\u00e1udia L\u00f3res, Treinadora da Associa\u00e7\u00e3o Desportiva F\u00e9nix Loul\u00e9.<\/p>\n<p>Toda a informa\u00e7\u00e3o sobre o XIII Encontro <a href=\"https:\/\/www.giravolei.com\/wp\/encontros-de-monitores-gira-volei\/xiii-encontro-de-monitores-de-gira-volei-castro-verde\/\">aqui<\/a><\/p>\n","protected":false},"excerpt":{"rendered":"<p>&nbsp; A Federa\u00e7\u00e3o Portuguesa de Voleibol, em colabora\u00e7\u00e3o com a Associa\u00e7\u00e3o de Voleibol do Alentejo e Algarve (AVAL) e o apoio do Munic\u00edpio de Castro Verde, organiza, no dia 14 [&hellip;]<\/p>\n","protected":false},"author":2,"featured_media":2202,"comment_status":"open","ping_status":"open","sticky":false,"template":"","format":"standard","meta":{"_monsterinsights_skip_tracking":false,"_monsterinsights_sitenote_active":false,"_monsterinsights_sitenote_note":"","_monsterinsights_sitenote_category":0,"footnotes":""},"categories":[12],"tags":[],"class_list":{"0":"post-2201","1":"post","2":"type-post","3":"status-publish","4":"format-standard","5":"has-post-thumbnail","7":"category-gira-volei","8":"czr-hentry"},"aioseo_notices":[],"_links":{"self":[{"href":"https:\/\/fpvoleibol.pt\/fpv\/wp-json\/wp\/v2\/posts\/2201","targetHints":{"allow":["GET"]}}],"collection":[{"href":"https:\/\/fpvoleibol.pt\/fpv\/wp-json\/wp\/v2\/posts"}],"about":[{"href":"https:\/\/fpvoleibol.pt\/fpv\/wp-json\/wp\/v2\/types\/post"}],"author":[{"embeddable":true,"href":"https:\/\/fpvoleibol.pt\/fpv\/wp-json\/wp\/v2\/users\/2"}],"replies":[{"embeddable":true,"href":"https:\/\/fpvoleibol.pt\/fpv\/wp-json\/wp\/v2\/comments?post=2201"}],"version-history":[{"count":2,"href":"https:\/\/fpvoleibol.pt\/fpv\/wp-json\/wp\/v2\/posts\/2201\/revisions"}],"predecessor-version":[{"id":2205,"href":"https:\/\/fpvoleibol.pt\/fpv\/wp-json\/wp\/v2\/posts\/2201\/revisions\/2205"}],"wp:featuredmedia":[{"embeddable":true,"href":"https:\/\/fpvoleibol.pt\/fpv\/wp-json\/wp\/v2\/media\/2202"}],"wp:attachment":[{"href":"https:\/\/fpvoleibol.pt\/fpv\/wp-json\/wp\/v2\/media?parent=2201"}],"wp:term":[{"taxonomy":"category","embeddable":true,"href":"https:\/\/fpvoleibol.pt\/fpv\/wp-json\/wp\/v2\/categories?post=2201"},{"taxonomy":"post_tag","embeddable":true,"href":"https:\/\/fpvoleibol.pt\/fpv\/wp-json\/wp\/v2\/tags?post=2201"}],"curies":[{"name":"wp","href":"https:\/\/api.w.org\/{rel}","templated":true}]}}