{"id":22003,"date":"2023-01-23T17:32:59","date_gmt":"2023-01-23T17:32:59","guid":{"rendered":"https:\/\/fpvoleibol.pt\/fpv\/?p=22003"},"modified":"2023-01-24T11:51:36","modified_gmt":"2023-01-24T11:51:36","slug":"taca-placard","status":"publish","type":"post","link":"https:\/\/fpvoleibol.pt\/fpv\/2023\/01\/23\/taca-placard\/","title":{"rendered":"TA\u00c7A PLACARD"},"content":{"rendered":"<p><img loading=\"lazy\" decoding=\"async\" class=\"size-full wp-image-22005 aligncenter\" src=\"https:\/\/fpvoleibol.pt\/fpv\/wp-content\/uploads\/2023\/01\/TPPlacard_sort.jpg\" alt=\"\" width=\"960\" height=\"569\" srcset=\"https:\/\/fpvoleibol.pt\/fpv\/wp-content\/uploads\/2023\/01\/TPPlacard_sort.jpg 960w, https:\/\/fpvoleibol.pt\/fpv\/wp-content\/uploads\/2023\/01\/TPPlacard_sort-300x178.jpg 300w, https:\/\/fpvoleibol.pt\/fpv\/wp-content\/uploads\/2023\/01\/TPPlacard_sort-768x455.jpg 768w\" sizes=\"auto, (max-width: 960px) 100vw, 960px\" \/>O sorteio dos quartos-de-final da <strong>Ta\u00e7a de Portugal Placard <\/strong>realiza-se no dia <span style=\"text-decoration: underline;\">1 de Fevereiro (em directo na <a href=\"https:\/\/www.volei.tv\/\">Volei TV<\/a>)<\/span>, sendo a data oficial da realiza\u00e7\u00e3o dos jogos o dia 19 de Fevereiro.<\/p>\n<p>A <strong>Ta\u00e7a Placard<\/strong> promete emo\u00e7\u00f5es cada vez mais fortes, com os resultados dos jogos dos oitavos-de-final a reflectirem j\u00e1 essa realidade, pois dificilmente poderiam ter sido mais renhidos.<\/p>\n<p style=\"text-align: center;\"><strong><u>Resultados dos 1\/8 final<br \/>\n<\/u><\/strong><u>Vit\u00f3ria SC x Esmoriz GC,<\/u> 3-2<br \/>\n<u>SC Espinho x Sporting CP,<\/u> 2-3<br \/>\n<u>VC Viana\/Casa Peixoto x CV Oeiras,<\/u> 3-1<br \/>\n<u>AJ Fonte do Bastardo x Leix\u00f5es SC,<\/u> 3-2<br \/>\n<u>AD Machico x SL Benfica,<\/u> 0-3<br \/>\n<u>AA S. Mamede x SC Caldas,<\/u> 3-1<br \/>\n<u>Ala de Nun&#8217;\u00c1lvares de Gondomar x AA Espinho,<\/u> 3-1 (directo na <a href=\"https:\/\/youtu.be\/VQB8JK_0vFs\">Volei TV)<\/a><br \/>\n<strong>29.01.2023<\/strong><br \/>\n<u>16h00 \u2013 Cast\u00ealo da Maia GC x GC Santo Tirso<\/u> \/ Pav. C. Maia GC \u2013 em directo na <a href=\"https:\/\/www.youtube.com\/watch?v=ZJM2Ea1dgZM\">Volei TV<\/a><\/p>\n<p><a href=\"https:\/\/www.facebook.com\/fpvoleibol\/posts\/pfbid02srCPY27FNtThuDyqa6ZMAGtfnpSY85QWRjE4fvUXPUg6kT1HTQCksjDdGxHtyd6Vl\"><img loading=\"lazy\" decoding=\"async\" class=\"size-full wp-image-22004 aligncenter\" src=\"https:\/\/fpvoleibol.pt\/fpv\/wp-content\/uploads\/2023\/01\/TPP_dd.jpg\" alt=\"\" width=\"960\" height=\"953\" srcset=\"https:\/\/fpvoleibol.pt\/fpv\/wp-content\/uploads\/2023\/01\/TPP_dd.jpg 960w, https:\/\/fpvoleibol.pt\/fpv\/wp-content\/uploads\/2023\/01\/TPP_dd-300x298.jpg 300w, https:\/\/fpvoleibol.pt\/fpv\/wp-content\/uploads\/2023\/01\/TPP_dd-150x150.jpg 150w, https:\/\/fpvoleibol.pt\/fpv\/wp-content\/uploads\/2023\/01\/TPP_dd-768x762.jpg 768w\" sizes=\"auto, (max-width: 960px) 100vw, 960px\" \/><\/a>Em 2021\/2022, o Sport Lisboa e Benfica conquistou o seu 19.\u00ba trof\u00e9u da Ta\u00e7a de Portugal ao superar (3-1: 20-25, 25-23, 25-18 e 25-22) a Associa\u00e7\u00e3o de Jovens da Fonte do Bastardo na final da competi\u00e7\u00e3o, disputada no Centro Cultural de Viana do Castelo.<br \/>\nA final, que contou com muito p\u00fablico, foi o culminar de tr\u00eas dias de competi\u00e7\u00e3o, com a realiza\u00e7\u00e3o, pela primeira vez em simult\u00e2neo, das Finais a 4 de femininos e de masculinos.<\/p>\n<p style=\"text-align: center;\"><span style=\"text-decoration: underline;\"><strong>Final 4 &#8211; masculinos 2022<br \/>\n(Centro Cultural de Viana do Castelo)<br \/>\n<\/strong><\/span><\/p>\n<p style=\"text-align: center;\"><span style=\"text-decoration: underline;\"><strong>Meias-finais<br \/>\n<\/strong><\/span><strong>19.mar\u00e7o.2022<\/strong><br \/>\nAJ Fonte do Bastardo x Vit\u00f3ria SC, 3-1<br \/>\nSporting CP x SL Benfica, 1-3<\/p>\n<p style=\"text-align: center;\"><span style=\"text-decoration: underline;\"><strong>Final<\/strong><\/span><br \/>\n<strong>20.mar\u00e7o.2022<\/strong><br \/>\nAJ Fonte do Bastardo x SL Benfica, 1-3<\/p>\n<p><strong><u><a href=\"https:\/\/fpvoleibol.pt\/fpv\/menu-voleibol\/historico-taca-de-portugal\/\">Em 57 edi\u00e7\u00f5es<\/a><\/u><\/strong>: SL Benfica (19), SC Espinho (12), C. Maia GC e FC Porto (6), Leix\u00f5es SC (5), Sporting CP (4) e AJF Bastardo, Vit\u00f3ria SC, Esmoriz GC, ISEF e IS T\u00e9cnico (1).<\/p>\n<p>A\u00a0<u>Ta\u00e7a de Portugal masculina<\/u> assume, na \u00e9poca de 2022\/2023, a designa\u00e7\u00e3o <strong>Ta\u00e7a de Portugal Placard<\/strong>.<\/p>\n<p style=\"text-align: center;\"><strong>Nota<\/strong><u>: Resultado dos sorteios dispon\u00edvel em<\/u><br \/>\n<a href=\"https:\/\/fpvoleibol.pt\/fpv\/features\/resultado-sorteios\/\">https:\/\/fpvoleibol.pt\/fpv\/features\/resultado-sorteios\/<\/a><\/p>\n","protected":false},"excerpt":{"rendered":"<p>O sorteio dos quartos-de-final da Ta\u00e7a de Portugal Placard realiza-se no dia 1 de Fevereiro (em directo na Volei TV), sendo a data oficial da realiza\u00e7\u00e3o dos jogos o dia [&hellip;]<\/p>\n","protected":false},"author":2,"featured_media":20125,"comment_status":"open","ping_status":"open","sticky":false,"template":"","format":"standard","meta":{"_monsterinsights_skip_tracking":false,"_monsterinsights_sitenote_active":false,"_monsterinsights_sitenote_note":"","_monsterinsights_sitenote_category":0,"footnotes":""},"categories":[8],"tags":[71,80],"class_list":{"0":"post-22003","1":"post","2":"type-post","3":"status-publish","4":"format-standard","5":"has-post-thumbnail","7":"category-voleibol","8":"tag-epoca-2022-2023","9":"tag-taca-placard","10":"czr-hentry"},"aioseo_notices":[],"_links":{"self":[{"href":"https:\/\/fpvoleibol.pt\/fpv\/wp-json\/wp\/v2\/posts\/22003","targetHints":{"allow":["GET"]}}],"collection":[{"href":"https:\/\/fpvoleibol.pt\/fpv\/wp-json\/wp\/v2\/posts"}],"about":[{"href":"https:\/\/fpvoleibol.pt\/fpv\/wp-json\/wp\/v2\/types\/post"}],"author":[{"embeddable":true,"href":"https:\/\/fpvoleibol.pt\/fpv\/wp-json\/wp\/v2\/users\/2"}],"replies":[{"embeddable":true,"href":"https:\/\/fpvoleibol.pt\/fpv\/wp-json\/wp\/v2\/comments?post=22003"}],"version-history":[{"count":7,"href":"https:\/\/fpvoleibol.pt\/fpv\/wp-json\/wp\/v2\/posts\/22003\/revisions"}],"predecessor-version":[{"id":22039,"href":"https:\/\/fpvoleibol.pt\/fpv\/wp-json\/wp\/v2\/posts\/22003\/revisions\/22039"}],"wp:featuredmedia":[{"embeddable":true,"href":"https:\/\/fpvoleibol.pt\/fpv\/wp-json\/wp\/v2\/media\/20125"}],"wp:attachment":[{"href":"https:\/\/fpvoleibol.pt\/fpv\/wp-json\/wp\/v2\/media?parent=22003"}],"wp:term":[{"taxonomy":"category","embeddable":true,"href":"https:\/\/fpvoleibol.pt\/fpv\/wp-json\/wp\/v2\/categories?post=22003"},{"taxonomy":"post_tag","embeddable":true,"href":"https:\/\/fpvoleibol.pt\/fpv\/wp-json\/wp\/v2\/tags?post=22003"}],"curies":[{"name":"wp","href":"https:\/\/api.w.org\/{rel}","templated":true}]}}