{"id":21867,"date":"2023-01-16T16:20:04","date_gmt":"2023-01-16T16:20:04","guid":{"rendered":"https:\/\/fpvoleibol.pt\/fpv\/?p=21867"},"modified":"2023-01-20T12:09:29","modified_gmt":"2023-01-20T12:09:29","slug":"portugueses-no-mundo-67","status":"publish","type":"post","link":"https:\/\/fpvoleibol.pt\/fpv\/2023\/01\/16\/portugueses-no-mundo-67\/","title":{"rendered":"PORTUGUESES NO MUNDO"},"content":{"rendered":"<p style=\"text-align: center;\"><strong><span style=\"font-size: 10pt;\"><img loading=\"lazy\" decoding=\"async\" class=\"size-full wp-image-21870 aligncenter\" src=\"https:\/\/fpvoleibol.pt\/fpv\/wp-content\/uploads\/2023\/01\/alex_eqjorna_16jan.jpg\" alt=\"\" width=\"960\" height=\"842\" srcset=\"https:\/\/fpvoleibol.pt\/fpv\/wp-content\/uploads\/2023\/01\/alex_eqjorna_16jan.jpg 960w, https:\/\/fpvoleibol.pt\/fpv\/wp-content\/uploads\/2023\/01\/alex_eqjorna_16jan-300x263.jpg 300w, https:\/\/fpvoleibol.pt\/fpv\/wp-content\/uploads\/2023\/01\/alex_eqjorna_16jan-768x674.jpg 768w\" sizes=\"auto, (max-width: 960px) 100vw, 960px\" \/>Imagem: <a href=\"https:\/\/tvf-web.dataproject.com\/CompetitionHome.aspx?ID=78\">Efeler Ligi<\/a><\/span><\/strong><\/p>\n<p>O Fenerbah\u00e7e HDI Sigorta, de <strong>Alexandre Ferreira<\/strong>, regressou aos triunfos ao receber e vencer (<a href=\"https:\/\/tvf-web.dataproject.com\/MatchStatistics.aspx?mID=8885&amp;ID=78&amp;CID=232&amp;PID=153&amp;type=LegList\">3-1: 25-20, 25-23, 18-25 e 25-23<\/a>) o Bursa Buyuksehir Belediyespor e <em>segurou<\/em> o 5.\u00ba lugar na Liga Turca (<a href=\"https:\/\/tvf-web.dataproject.com\/CompetitionHome.aspx?ID=78\">Efeler Ligi<\/a>).<br \/>\nCom 11 pontos \u2013 7 ataques (64% de efic\u00e1cia), 2 blocos e 2 servi\u00e7os \u2013, o zona 4 da Selec\u00e7\u00e3o Nacional cotou-se como o terceiro melhor pontuador do jogo e mereceu uma refer\u00eancia na <em>Equipa da Jornada<\/em>. Ver estat\u00edstica <a href=\"https:\/\/tvf-web.dataproject.com\/MatchStatistics.aspx?mID=8885&amp;ID=78&amp;CID=232&amp;PID=153&amp;type=LegList\">AQUI<\/a><br \/>\nNo dia 22 de Janeiro, o Fenerbah\u00e7e visita o Develi Belediye (12.\u00ba).<br \/>\nAlex ocupa actualmente o 6.\u00ba lugar nos <a href=\"https:\/\/tvf-web.dataproject.com\/BestPlayerRankingComplete.aspx?ID=78&amp;rt=5\">melhores no servi\u00e7o<\/a>, com 21 <em>ases<\/em>, o 2.\u00ba lugar na <a href=\"https:\/\/tvf-web.dataproject.com\/CompetitionHome.aspx?ID=78\">recep\u00e7\u00e3o<\/a> e o 4\u00ba lugar entre os <a href=\"https:\/\/tvf-web.dataproject.com\/Statistics.aspx?ID=78&amp;PID=153\">zonas 4<\/a>.<\/p>\n<p>Na Pol\u00f3nia, o <span style=\"text-decoration: underline;\">Aluron CMC Warta Zawiercie<\/span>, de <strong>Miguel Tavares Rodrigues<\/strong>, perdeu (<a href=\"https:\/\/www.plusliga.pl\/games\/id\/1102304.html\">0-3: 20-25, 20-25 e 28-30<\/a>) no recinto do Indykpol AZS Olsztyn e caiu para o 3.\u00ba lugar na tabela classificativa da <a href=\"http:\/\/www.plusliga.pl\">PlusLiga<\/a>.<br \/>\nNo dia 21 de Janeiro, o Zawiercie recebe o LUK Lublin, actual 9.\u00ba classificado na <a href=\"http:\/\/www.plusliga.pl\">PlusLiga<\/a>, e no dia 1 de Fevereiro defronta o vencedor do MKS Bedzin x Norwid Czestochowa, em jogo dos quartos-de-final da Ta\u00e7a da Pol\u00f3nia.<br \/>\nAntes, a equipa do distribuidor portugu\u00eas, vice-l\u00edder da <span style=\"text-decoration: underline;\">Pool B da Liga dos Campe\u00f5es,<\/span> visita os alem\u00e3es do Berlin Recycling Volleys no dia 25 de Janeiro na 6.\u00aa e \u00faltima jornada da 4.\u00aa Ronda da competi\u00e7\u00e3o.<\/p>\n<p>Em It\u00e1lia, o Anthea Vicenza Volley, de <strong>J\u00falia Kavalenka<\/strong>,\u00a0perdeu (<a href=\"https:\/\/www.legavolleyfemminile.it\/match-center\/745808\/\">1-3: 26-24, 22-25, 19-25 e 16-25<\/a>)\u00a0na recep\u00e7\u00e3o ao OMAG-MT San Giovanni in M.no, \u00a0mas mant\u00e9m-se no 7.\u00ba lugar da tabela classificativa na <a href=\"https:\/\/www.legavolleyfemminile.it\/risultati\/?campionato=710278&amp;stagione=2022&amp;giornata=712787\">Serie A2 B da Liga Italiana<\/a>.<br \/>\nA oposta da Selec\u00e7\u00e3o Nacional foi a segunda melhor pontuadora do jogo ao concretizar 18 ataques. Ver mais informa\u00e7\u00f5es <a href=\"https:\/\/www.legavolleyfemminile.it\/match-center\/745808\/statistiche\/\">AQUI<\/a><br \/>\nNo dia 18 de Janeiro, o Anthea Vicenza Volley recebe o Assitec Volleyball Sant&#8217;Elia (10.\u00ba).<br \/>\nJ\u00falia Kavalenka integra actualmente o <a href=\"https:\/\/www.legavolleyfemminile.it\/centro-statistiche\/?stagione=2022&amp;serie=2#\">Top 10<\/a>\u00a0das melhores atacantes da <a href=\"https:\/\/www.legavolleyfemminile.it\/risultati\/?campionato=710278&amp;stagione=2022&amp;giornata=712787\">Serie A2 B da Liga Italiana<\/a>.<\/p>\n<p>Na Rom\u00e9nia, o SCM Zalau, de <strong>Filip Cveticanin <\/strong>perdeu em casa, por <a href=\"https:\/\/frv-web.dataproject.com\/MatchStatistics.aspx?mID=2175&amp;ID=30&amp;CID=65&amp;PID=38&amp;type=LegList\">1-3 (20-25, 25-19, 22-25 e 15-25)<\/a>, com o CS Dinamo Bucuresti, l\u00edder da <a href=\"https:\/\/frv-web.dataproject.com\/CompetitionHome.aspx?ID=30\">Divis\u00e3o A1<\/a> Romena, e ocupa actualmente o 6.\u00ba posto classificativo.<br \/>\nO central da Selec\u00e7\u00e3o Nacional, que contabilizou 5 pontos (3 blocos, 1 ataque e 1 servi\u00e7o), \u00e9 actualmente o 2.\u00ba classificado no ranking dos <a href=\"https:\/\/frv-web.dataproject.com\/BestPlayerRankingComplete.aspx?ID=30&amp;rt=3\">melhores blocadores<\/a>.<\/p>\n<p style=\"text-align: center;\"><span style=\"font-size: 10pt;\"><strong><img loading=\"lazy\" decoding=\"async\" class=\"size-full wp-image-21873 aligncenter\" src=\"https:\/\/fpvoleibol.pt\/fpv\/wp-content\/uploads\/2023\/01\/snvba_lou_serve.jpg\" alt=\"\" width=\"960\" height=\"640\" srcset=\"https:\/\/fpvoleibol.pt\/fpv\/wp-content\/uploads\/2023\/01\/snvba_lou_serve.jpg 960w, https:\/\/fpvoleibol.pt\/fpv\/wp-content\/uploads\/2023\/01\/snvba_lou_serve-300x200.jpg 300w, https:\/\/fpvoleibol.pt\/fpv\/wp-content\/uploads\/2023\/01\/snvba_lou_serve-768x512.jpg 768w\" sizes=\"auto, (max-width: 960px) 100vw, 960px\" \/>Imagem: <a href=\"https:\/\/www.facebook.com\/snvba\">SNVBA<\/a><\/strong><\/span><\/p>\n<p>Em Fran\u00e7a, o <span style=\"text-decoration: underline;\">Saint-Nazaire VB Atlantique<\/span>, de <strong>Louren\u00e7o Martins<\/strong>, recebeu e derrotou (<a href=\"https:\/\/datavolley.lnv.fr\/2022\/DataVolley\/Men\/LAM108-2023.pdf\">3-1: 22-25, 25-15, 25-16 e 25-16<\/a>) o Chaumont, antiga equipa de Andr\u00e9 Lopes (SL Benfica), mantendo-se na persegui\u00e7\u00e3o aos dois lugares cimeiros da <strong><a href=\"https:\/\/www.lnv.fr\">Ligue A<\/a><\/strong>.<br \/>\nO zona 4 da Selec\u00e7\u00e3o Nacional contabilizou 8 pontos (7 ataques e 1 bloco).<br \/>\nNo dia 21 de Janeiro, o Saint-Nazaire visita o S\u00e8te (9.\u00ba).<\/p>\n<p>Em Espanha, o CV Sayre CC La Ballena, de <strong>Marta Hurst<\/strong>, recebeu o CV Hidramar Gran Canaria, actual l\u00edder isolado da <a href=\"https:\/\/www.rfevb.com\/liga-iberdrola-clasificacion\">Liga Iberdrola<\/a>, tendo perdido pela margem m\u00e1xima: <a href=\"https:\/\/rfevb-web.dataproject.com\/MatchStatistics.aspx?mID=9884&amp;ID=110&amp;CID=262&amp;PID=136&amp;type=LegList\">0-3 (19-25, 16-25 e 21-25)<\/a>.<br \/>\nA capit\u00e3 do CV Sayre contabilizou 11 pontos no ataque. Ver estat\u00edstica <a href=\"https:\/\/rfevb-web.dataproject.com\/MatchStatistics.aspx?mID=9884&amp;ID=110&amp;CID=262&amp;PID=136&amp;type=LegList\">AQUI<\/a><br \/>\nA Z4 lusa \u00e9 ainda a vice-l\u00edder da lista de melhores jogadoras na sua posi\u00e7\u00e3o nesta edi\u00e7\u00e3o da Liga Iberdrola. Ver mais informa\u00e7\u00f5es <a href=\"https:\/\/rfevb-web.dataproject.com\/Statistics.aspx?ID=110\">AQUI<\/a><br \/>\nO CV Sayre CC La Ballena, que continua a ocupar o 5.\u00ba lugar na <a href=\"https:\/\/www.rfevb.com\/liga-iberdrola-clasificacion\">Liga Iberdrola<\/a>, visita no dia 21 de Janeiro o Madrid Chamber\u00ed TotalEnergies, 12.\u00ba e \u00faltimo classificado.<\/p>\n<p>Ainda no pa\u00eds vizinho, o Unicaja Costa de Almer\u00eda, de <strong>Marco Ferreira<\/strong>, perdeu em casa (<a href=\"https:\/\/rfevb-web.dataproject.com\/MatchStatistics.aspx?mID=9887&amp;ID=111&amp;CID=264&amp;PID=137&amp;type=LegList\">0-3: 20-25, 17-25 e 21-25<\/a>) com o R\u00edo Duero Soria, actual 2.\u00ba classificado, e mant\u00e9m-se no 8.\u00ba lugar da <a href=\"https:\/\/www.rfevb.com\/competiciones\/superliga-masculina\">Superliga Espanhola<\/a>.<br \/>\nO oposto lusitano contabilizou 9 pontos (8 ataques e 1 bloco) e foi o segundo melhor pontuador da sua equipa. Ver estat\u00edstica <a href=\"https:\/\/rfevb-web.dataproject.com\/MatchStatistics.aspx?mID=9887&amp;ID=111&amp;CID=264&amp;PID=137&amp;type=LegList\">AQUI<\/a><br \/>\nNo dia 22 de Janeiro, o Unicaja visita o Melilla Sport Capital, actual 4.\u00ba classificado.<\/p>\n<p class=\"auto-style1\" style=\"text-align: center;\"><span style=\"text-decoration: underline;\">Atletas \/ t\u00e9cnicos que actuam no estrangeiro e\/ou com<b> *inscri\u00e7\u00e3o iniciada em 2022\/2023<\/b>:<\/span><\/p>\n<p><strong><span style=\"text-decoration: underline;\">Processo conclu\u00eddo<\/span><br \/>\n<\/strong><a href=\"https:\/\/www.facebook.com\/fbhdisigorta\" target=\"_blank\" rel=\"noopener noreferrer\">Fenerbah\u00e7e HDI Sigorta (Turquia)<\/a> \u2013 Alexandre Ferreira<br \/>\n<a href=\"https:\/\/www.facebook.com\/Vicenzavolley\/\">Anthea Vicenza Volley (It\u00e1lia)<\/a> \u2013 J\u00falia Kavalenka<br \/>\n<a href=\"http:\/\/www.plusliga.pl\/en\/teams\/id\/30288.html\" target=\"_blank\" rel=\"noopener noreferrer\">Aluron Warta Zawiercie (Pol\u00f3nia)<\/a> \u2013 Miguel Tavares Rodrigues<br \/>\n<a href=\"https:\/\/www.lindemansaalst.be\/\">VB Lindemans Aalst (B\u00e9lgica)<\/a> \u2013 Jos\u00e9 Pedro Monteiro<br \/>\n<a href=\"https:\/\/www.facebook.com\/voleirapid\">Volei Rapid Bucuresti (Rom\u00e9nia)<\/a>\u00a0\u2013 Jos\u00e9 Pedro Gomes<br \/>\n<a href=\"https:\/\/www.facebook.com\/SportClubMunicipalZalau\">SCM Zalau (Rom\u00e9nia)<\/a> \u2013 Filip Cveticanin<br \/>\n<a href=\"https:\/\/almeriavoley.es\/\">CV Almeria (Espanha)<\/a>\u00a0\u2013 Marco Ferreira<br \/>\n<a href=\"https:\/\/www.facebook.com\/Club-Voleibol-Sayre-Mayser-Gran-Canaria-174626499227342\/\">CV Sayre Mayser Gran Canaria (Espanha)<\/a>\u00a0\u2013 Marta Hurst<br \/>\n<a href=\"http:\/\/www.snvba.net\/\" target=\"_blank\" rel=\"noopener noreferrer\">Saint-Nazaire VB Atlantique (Fran\u00e7a)<\/a> \u2013 Louren\u00e7o Martins<br \/>\n<a href=\"https:\/\/www.istres-volley.fr\/equipe-premiere\/lequipe\/\" target=\"_blank\" rel=\"noopener noreferrer\">Istres Ouest-Provence Volley-Ball (Fran\u00e7a)<\/a>\u00a0\u2013 Beatriz Santos<br \/>\n<a href=\"https:\/\/www.facebook.com\/AlCaudryVolleyBall\/\" target=\"_blank\" rel=\"noopener noreferrer\">Al Caudry Volley-Ball (Fran\u00e7a)<\/a>\u00a0\u2013 Joana Gonzalez<br \/>\n<a href=\"https:\/\/www.facebook.com\/AlCaudryVolleyBall\/\" target=\"_blank\" rel=\"noopener noreferrer\">Al Caudry Volley-Ball (Fran\u00e7a)<\/a> \u2013 Alexandre Vieira<br \/>\n<a href=\"https:\/\/www.vnvb.fr\/\">Vand\u0153uvre Nancy Volley-Ball (Fran\u00e7a)<\/a> \u2013 Jo\u00e3o Scheltinga<br \/>\n<a href=\"https:\/\/pavvb.fr\/\">Pays d&#8217;Aix Venelles Volley-Ball (Fran\u00e7a)<\/a> \u2013 Laura Castro Dias<br \/>\n<a href=\"https:\/\/www.camevolley.com\/\">Cercle Athl\u00e9tique Municipal d\u2019\u00c9pinal (Fran\u00e7a)<\/a> \u2013 Vict\u00f3ria Soares<br \/>\n<a href=\"https:\/\/www.camevolley.com\/\">Cercle Athl\u00e9tique Municipal d\u2019\u00c9pinal (Fran\u00e7a)<\/a> \u2013 Maria Helena Sampaio<br \/>\n<a href=\"https:\/\/www.facebook.com\/asberckvolleyball\/\">AS Berck Volley-ball (Fran\u00e7a)<\/a> \u2013 Ana Rita Lisboa<br \/>\n<a href=\"https:\/\/www.facebook.com\/USVvolleyball\">US Villejuif (Fran\u00e7a)<\/a> \u2013 Maressa Pavuna<br \/>\n<a href=\"https:\/\/laillevolley.fr\/\">Union Sportive Laille (Fran\u00e7a)<\/a> \u2013 Tiago Fernandes<br \/>\n<a href=\"https:\/\/ksvolley.dk\/en\/\">KSV &#8211; Kobenhavns Studenter Volley (Dinamarca)<\/a> \u2013 Pedro Varela Fernandes<br \/>\n<a href=\"http:\/\/www.le-volleys.de\/regionalliga-ost.html\" target=\"_blank\" rel=\"noopener noreferrer\">LE Volleys (Alemanha)<\/a> \u2013 Lorena Matilde Silveira<br \/>\n<a href=\"https:\/\/www.facebook.com\/VolleyballEchternach\">VB Echternach (Luxemburgo<\/a>) \u2013 Daniel Dias Amorim<br \/>\n<a href=\"https:\/\/www.facebook.com\/IBBPoloniaVC\">IBB Polonia London Volleyball Club (Inglaterra)<\/a> \u2013 Jo\u00e3o Alves<br \/>\n<a href=\"https:\/\/southamptonvolleyball.co.uk\/\">Southampton Volleyball Clube (Inglaterra)<\/a>\u00a0\u2013 Ema Sofia Carneiro<br \/>\n<a href=\"http:\/\/www.darkstarvolleyball.com\/our-teams\/male-player\/\">Darkstar Derbyshire (Inglaterra)<\/a> \u2013 Marcelo Goulart<br \/>\n<a href=\"https:\/\/www.facebook.com\/UoBvolleyballclub\/\">University of Bristol Volleyball Club (Inglaterra)<\/a> \u2013 Rita Castro Birra<br \/>\n<a href=\"https:\/\/southamptonvolleyball.co.uk\/\">Southampton Volleyball Clube (Inglaterra)<\/a>\u00a0\u2013 Maria Lima Antunes<br \/>\n<a href=\"https:\/\/www.cambridgevolleyball.org\/about-cambridge-volleyball-club\/\">Cambridge VC (Inglaterra)<\/a> \u2013 Vasco Martins<br \/>\n<a href=\"https:\/\/www.facebook.com\/pgsrebavolley\/\">AS PGS Reba Torino (It\u00e1lia)<\/a> \u2013 Alexandre Baptista Al\u00edpio<br \/>\n<a href=\"https:\/\/www.volleypizol.org\/\">Volley Pizol (Su\u00ed\u00e7a)<\/a> \u2013 Carla Nina de Oliveira<br \/>\n<a href=\"http:\/\/www.cityofedinburghvolleyball.co.uk\/index2.html\">City of Edinburgh (Esc\u00f3cia)<\/a> \u2013 Joaquim Carvalho<br \/>\n<a href=\"https:\/\/www.facebook.com\/birkirkaravolleyball\">Birkirkara Volleyball Club (Malta)<\/a> \u2013 Ashley Rose Fantazia<\/p>\n<p><span style=\"text-decoration: underline;\"><span class=\"auto-style7\"><strong>Treinadores<\/strong><\/span><\/span>:<br \/>\n<a href=\"https:\/\/www.facebook.com\/toursvolleyball\">Tours VB (Fran\u00e7a)<\/a> \u2013 David Sousa<br \/>\n<a href=\"https:\/\/www.vnvb.fr\/\">Vand\u0153uvre Nancy Volley-Ball (Fran\u00e7a)<\/a> \u2013 Andr\u00e9 S\u00e1<br \/>\n<a href=\"https:\/\/www.vnvb.fr\/\">Vand\u0153uvre Nancy Volley-Ball (Fran\u00e7a)<\/a> \u2013 Jo\u00e3o Scheltinga<br \/>\n<a href=\"https:\/\/www.facebook.com\/Club-Voleibol-Sayre-Mayser-Gran-Canaria-174626499227342\/\">CV Sayre Mayser Gran Canaria (Espanha)<\/a> \u2013 R\u00faben Fevereiro<br \/>\n<a href=\"https:\/\/www.lindemansaalst.be\/\">Lindemans Aalst (B\u00e9lgica)<\/a>\u00a0\u2013 Idner Martins<br \/>\n<a href=\"https:\/\/www.volleya.ch\/\">Raiffeisen Volleya Obwalden NLB (Alemanha)<\/a>\u00a0\u2013 Filipe Carrasco Soares<br \/>\n<a href=\"https:\/\/www.facebook.com\/roteraben\">Rote Raben Vilsbiburg (Alemanha)<\/a> \u2013 Jo\u00e3o David<br \/>\n<a href=\"https:\/\/www.facebook.com\/Blue-volei-clube-1752350595073998\/\" target=\"_blank\" rel=\"noopener noreferrer\">Blue Volei Clube (Angola)<\/a>\u00a0\u2013 Andr\u00e9 Pereira<br \/>\n<a href=\"https:\/\/www.facebook.com\/ZESARVFM\/\">Volleyball Franches-Montagnes (Su\u00ed\u00e7a)<\/a> &#8211; Eduardo Faustino<br \/>\n<a href=\"https:\/\/www.facebook.com\/Cork-Volleyball-Academy-100484505416947\/\">Cork Volleyball Academy (Irlanda)<\/a> \u2013 Ant\u00f3nio Barros<\/p>\n<p style=\"text-align: center;\"><span style=\"text-decoration: underline;\"><strong>\u00c1rbitros portugueses em ac\u00e7\u00e3o<\/strong><\/span><\/p>\n<p><strong>Ricardo Ferreira<br \/>\n<\/strong>Berlin Recycling Volleys (Alemanha) x Aluron CMC Warta Zawiercie (Pol\u00f3nia), da Pool B da 4.\u00aa Ronda da Liga dos Campe\u00f5es &#8211; masculinos, no dia 25 de Janeiro de 2023.<\/p>\n<p><strong>Jos\u00e9 Caramez<\/strong><br \/>\nAsterix Avo Beveren (B\u00e9lgica) x Aris Thessaloniki (Gr\u00e9cia), dos oitavos-de-final da Challenge Cup &#8211; femininos, no dia 18 de Janeiro de 2023.<\/p>\n<p style=\"text-align: center;\"><span style=\"text-decoration: underline;\"><strong>Voleibol de Praia<\/strong><\/span><\/p>\n<p><strong>Rui Carvalho<br \/>\n<\/strong> Nomeado para arbitrar nas etapas brasileiras do FIVB Beach Pro Tour que se v\u00e3o realizar este ano nas localidades de Itapema (Challenge, 5 a 9 de Abril) e Saquarema (Challenge, de 11 a 16 Abril).<\/p>\n","protected":false},"excerpt":{"rendered":"<p>Imagem: Efeler Ligi O Fenerbah\u00e7e HDI Sigorta, de Alexandre Ferreira, regressou aos triunfos ao receber e vencer (3-1: 25-20, 25-23, 18-25 e 25-23) o Bursa Buyuksehir Belediyespor e segurou o [&hellip;]<\/p>\n","protected":false},"author":2,"featured_media":3005,"comment_status":"open","ping_status":"open","sticky":false,"template":"","format":"standard","meta":{"_monsterinsights_skip_tracking":false,"_monsterinsights_sitenote_active":false,"_monsterinsights_sitenote_note":"","_monsterinsights_sitenote_category":0,"footnotes":""},"categories":[13,8,9],"tags":[71,52],"class_list":{"0":"post-21867","1":"post","2":"type-post","3":"status-publish","4":"format-standard","5":"has-post-thumbnail","7":"category-arbitragem","8":"category-voleibol","9":"category-voleibol-de-praia","10":"tag-epoca-2022-2023","11":"tag-portugueses-no-mundo","12":"czr-hentry"},"aioseo_notices":[],"_links":{"self":[{"href":"https:\/\/fpvoleibol.pt\/fpv\/wp-json\/wp\/v2\/posts\/21867","targetHints":{"allow":["GET"]}}],"collection":[{"href":"https:\/\/fpvoleibol.pt\/fpv\/wp-json\/wp\/v2\/posts"}],"about":[{"href":"https:\/\/fpvoleibol.pt\/fpv\/wp-json\/wp\/v2\/types\/post"}],"author":[{"embeddable":true,"href":"https:\/\/fpvoleibol.pt\/fpv\/wp-json\/wp\/v2\/users\/2"}],"replies":[{"embeddable":true,"href":"https:\/\/fpvoleibol.pt\/fpv\/wp-json\/wp\/v2\/comments?post=21867"}],"version-history":[{"count":11,"href":"https:\/\/fpvoleibol.pt\/fpv\/wp-json\/wp\/v2\/posts\/21867\/revisions"}],"predecessor-version":[{"id":21958,"href":"https:\/\/fpvoleibol.pt\/fpv\/wp-json\/wp\/v2\/posts\/21867\/revisions\/21958"}],"wp:featuredmedia":[{"embeddable":true,"href":"https:\/\/fpvoleibol.pt\/fpv\/wp-json\/wp\/v2\/media\/3005"}],"wp:attachment":[{"href":"https:\/\/fpvoleibol.pt\/fpv\/wp-json\/wp\/v2\/media?parent=21867"}],"wp:term":[{"taxonomy":"category","embeddable":true,"href":"https:\/\/fpvoleibol.pt\/fpv\/wp-json\/wp\/v2\/categories?post=21867"},{"taxonomy":"post_tag","embeddable":true,"href":"https:\/\/fpvoleibol.pt\/fpv\/wp-json\/wp\/v2\/tags?post=21867"}],"curies":[{"name":"wp","href":"https:\/\/api.w.org\/{rel}","templated":true}]}}