{"id":2184,"date":"2020-11-03T12:13:50","date_gmt":"2020-11-03T11:13:50","guid":{"rendered":"https:\/\/fpvoleibol.pt\/fpv\/?p=2184"},"modified":"2020-11-03T12:25:50","modified_gmt":"2020-11-03T11:25:50","slug":"a-supertaca-mais-aguardada","status":"publish","type":"post","link":"https:\/\/fpvoleibol.pt\/fpv\/2020\/11\/03\/a-supertaca-mais-aguardada\/","title":{"rendered":"A SUPERTA\u00c7A MAIS AGUARDADA"},"content":{"rendered":"<p class=\"\"><img loading=\"lazy\" decoding=\"async\" class=\"alignnone size-large wp-image-1927 aligncenter\" src=\"https:\/\/fpvoleibol.pt\/fpv\/wp-content\/uploads\/2020\/10\/Supertaca2020_FINAL_MASC_SLBxSCE_nov-1024x576.jpg\" alt=\"\" width=\"1024\" height=\"576\" srcset=\"https:\/\/fpvoleibol.pt\/fpv\/wp-content\/uploads\/2020\/10\/Supertaca2020_FINAL_MASC_SLBxSCE_nov-1024x576.jpg 1024w, https:\/\/fpvoleibol.pt\/fpv\/wp-content\/uploads\/2020\/10\/Supertaca2020_FINAL_MASC_SLBxSCE_nov-300x169.jpg 300w, https:\/\/fpvoleibol.pt\/fpv\/wp-content\/uploads\/2020\/10\/Supertaca2020_FINAL_MASC_SLBxSCE_nov-768x432.jpg 768w, https:\/\/fpvoleibol.pt\/fpv\/wp-content\/uploads\/2020\/10\/Supertaca2020_FINAL_MASC_SLBxSCE_nov-1536x864.jpg 1536w, https:\/\/fpvoleibol.pt\/fpv\/wp-content\/uploads\/2020\/10\/Supertaca2020_FINAL_MASC_SLBxSCE_nov-1110x624.jpg 1110w, https:\/\/fpvoleibol.pt\/fpv\/wp-content\/uploads\/2020\/10\/Supertaca2020_FINAL_MASC_SLBxSCE_nov-528x297.jpg 528w, https:\/\/fpvoleibol.pt\/fpv\/wp-content\/uploads\/2020\/10\/Supertaca2020_FINAL_MASC_SLBxSCE_nov.jpg 1900w\" sizes=\"auto, (max-width: 1024px) 100vw, 1024px\" \/><\/p>\n<p class=\"descricaonoticia\" align=\"justify\">A\u00a0<span class=\"auto-style6\">Final da Superta\u00e7a 2020 de seniores masculinos<\/span>, a disputar entre o\u00a0<a href=\"https:\/\/www.facebook.com\/SportLisboaBenficaModalidades\/\">SL Benfica<\/a>\u00a0e o\u00a0<a href=\"https:\/\/www.facebook.com\/scespinho.voleibol\">SC Espinho<\/a>, realiza-se <strong>amanh\u00e3, pelas 19h45,<\/strong> no <span style=\"text-decoration: underline;\">Pavilh\u00e3o Multiusos de Gondomar<\/span>, com transmiss\u00e3o em directo na <a href=\"https:\/\/www.sporttv.pt\/pesquisa\/voleibol\">Sport TV<\/a>\u00a0e arbitragem de V\u00edtor Gon\u00e7alves e Jos\u00e9 Caramez.<\/p>\n<p class=\"descricaonoticia\" align=\"justify\">Esta \u00e9, muito provavelmente, a Superta\u00e7a mais aguardada pelos adeptos da modalidade, por <span style=\"text-decoration: underline;\">v\u00e1rios motivos<\/span>.<\/p>\n<p align=\"justify\">Esta \u00e9 a<span style=\"text-decoration: underline;\"> terceira data<\/span> para a realiza\u00e7\u00e3o da final da Superta\u00e7a 2020: inicialmente agendada para o dia 20 de Setembro, a pandemia de Covid-19 obrigou ao seu adiamento para o dia 21 de Outubro e, posteriormente, para 4 de Novembro.<br \/>\nNas \u00faltimas nove edi\u00e7\u00f5es da competi\u00e7\u00e3o, os <em>tigres da Costa Verde<\/em> foram precisamente <span style=\"text-decoration: underline;\">os \u00fanicos (\u00e9poca de 2016\/2017) a quebrar a hegemonia<\/span> das<em> \u00e1guias da Luz<\/em>.<br \/>\nApesar das condicionantes motivadas pela pandemia de Covid-19, est\u00e3o reunidas todas as condi\u00e7\u00f5es para que os amantes do Voleibol possam assistir amanh\u00e3, atrav\u00e9s da <a href=\"https:\/\/www.sporttv.pt\/pesquisa\/voleibol\">Sport TV (19h45)<\/a>, a um excelente <span style=\"text-decoration: underline;\">espect\u00e1culo entre dois candidatos aos t\u00edtulos em discuss\u00e3o esta \u00e9poca<\/span>.<\/p>\n<p style=\"text-align: right;\" align=\"justify\"><img loading=\"lazy\" decoding=\"async\" class=\"alignnone size-large wp-image-2186\" src=\"https:\/\/fpvoleibol.pt\/fpv\/wp-content\/uploads\/2020\/11\/SLBxSCE_jcabral_ap_Super-1024x683.jpg\" alt=\"\" width=\"1024\" height=\"683\" srcset=\"https:\/\/fpvoleibol.pt\/fpv\/wp-content\/uploads\/2020\/11\/SLBxSCE_jcabral_ap_Super-1024x683.jpg 1024w, https:\/\/fpvoleibol.pt\/fpv\/wp-content\/uploads\/2020\/11\/SLBxSCE_jcabral_ap_Super-300x200.jpg 300w, https:\/\/fpvoleibol.pt\/fpv\/wp-content\/uploads\/2020\/11\/SLBxSCE_jcabral_ap_Super-768x512.jpg 768w, https:\/\/fpvoleibol.pt\/fpv\/wp-content\/uploads\/2020\/11\/SLBxSCE_jcabral_ap_Super.jpg 1200w\" sizes=\"auto, (max-width: 1024px) 100vw, 1024px\" \/><span style=\"font-size: 10pt;\"><strong>Foto: Jorge Cabral<\/strong><\/span><\/p>\n<p><strong>Marcel Matz<\/strong>, treinador dos encarnados, tem isso em conta.<br \/>\n&#8220;<em>\u00c9 uma final, jogo \u00fanico, jogo perigoso. O Espinho \u00e9 uma das equipas montadas para chegar \u00e0 fase das decis\u00f5es do Campeonato. A expectativa \u00e9 de um jogo muito dif\u00edcil, e estamos a trabalhar bem nesse sentido.<\/em><br \/>\n<em>T\u00eam jogadores experientes, que conhecem o voleibol portugu\u00eas h\u00e1 muito tempo, que tamb\u00e9m conhecem os advers\u00e1rios. Ser\u00e1 um jogo disputado, espero que consigamos sair com a vit\u00f3ria. Estamos num bom momento, toda a equipa est\u00e1 \u00e0 disposi\u00e7\u00e3o, isso \u00e9 importante.<\/em><br \/>\n<em>[Covid-19] Os atletas, quem \u00e9 profissional de desporto, t\u00eam de trabalhar. Da mesma maneira que outras pessoas de outros sectores trabalham, n\u00f3s tamb\u00e9m precisamos e, cumprindo as normas, n\u00e3o acredito que sejamos um factor de extremo risco para aumentar o n\u00famero de casos. Esta \u00e9 a minha opini\u00e3o enquanto treinador de Voleibol, n\u00e3o sou especialista. Precisamos de continuar a jogar. O desporto \u00e9 uma ferramenta da sa\u00fade, n\u00e3o pode ser tratado de maneira diferente<\/em>&#8220;, <a href=\"https:\/\/www.slbenfica.pt\/pt-pt\/agora\/noticias\/2020\/11\/02\/voleibol-antevisao-marcel-matz-benfica-sc-espinho-final-supertaca\">referiu ao site do SL Benfica<\/a>.<\/p>\n<p>Do outro lado da rede vai estar uma equipa aguerrida, conhecida pela forma como se bate por cada ponto.<\/p>\n<p>&#8220;<em>Sabemos que o Benfica \u00e9 uma equipa com argumentos fortes &#8211; \u00e9 o favorito -, mas o legado do Sporting de Espinho \u00e9 que temos sempre uma palavra a dizer: seja os jogos ou advers\u00e1rios que forem. Os nossos pontos fortes? A equipa. \u00c9 homog\u00e9nea e tem apresentado um esp\u00edrito de grupo fabuloso. Passa bastante mais pelo colectivo e vontade de mostrar em campo do que por um aspecto que se possa indicar. Estaremos preparados com v\u00e1rias situa\u00e7\u00f5es ou solu\u00e7\u00f5es para defrontar o advers\u00e1rio<\/em>&#8220;, <a href=\"https:\/\/www.abola.pt\/nnh\/2020-11-03\/voleibol-super-reencontro-em-gondomar\/866622\">salientou o treinador espinhense, <strong>V\u00edtor Pinto<\/strong>, ao jornal A Bola<\/a>.<\/p>\n<p class=\"auto-style5\"><strong>Plant\u00e9is das equipas finalistas da Superta\u00e7a:\u00a0<\/strong><a href=\"http:\/\/www.fpvoleibol.pt\/noticias\/2020\/SLB_SUPERTACA2020-21.pdf\" target=\"_blank\" rel=\"noopener noreferrer\">\u00a0SL Benfica<\/a>\u00a0\/\u00a0<a href=\"http:\/\/www.fpvoleibol.pt\/noticias\/2020\/SCE_SUPERTACA2020-21.pdf\" target=\"_blank\" rel=\"noopener noreferrer\">SC Espinho<\/a><\/p>\n<p class=\"auto-style5\">Na lista dos vencedores deste trof\u00e9u habitualmente disputado pelo campe\u00e3o nacional e pelo vencedor\/finalista da Ta\u00e7a de Portugal, o destaque vai para o SL Benfica, que triunfou em oito das \u00faltimas nove edi\u00e7\u00f5es da Superta\u00e7a.<br \/>\nO SC Espinho e o Cast\u00ealo da Maia GC t\u00eam cinco ceptros, mais dois do que o Sporting CP.<br \/>\nO Leix\u00f5es SC venceu a primeira edi\u00e7\u00e3o da prova, em 1988\/1989.<\/p>\n<p class=\"auto-style5\">Ver lista dos vencedores<a href=\"https:\/\/fpvoleibol.pt\/fpv\/menu-voleibol\/historico-supertaca\/\" target=\"_blank\" rel=\"noopener noreferrer\">\u00a0aqui<\/a><\/p>\n<p><img loading=\"lazy\" decoding=\"async\" class=\"size-large wp-image-2187 aligncenter\" src=\"https:\/\/fpvoleibol.pt\/fpv\/wp-content\/uploads\/2020\/11\/Supertaca2020_MASC_FINAL_SLBSCE-732x1024.jpg\" alt=\"\" width=\"732\" height=\"1024\" srcset=\"https:\/\/fpvoleibol.pt\/fpv\/wp-content\/uploads\/2020\/11\/Supertaca2020_MASC_FINAL_SLBSCE-732x1024.jpg 732w, https:\/\/fpvoleibol.pt\/fpv\/wp-content\/uploads\/2020\/11\/Supertaca2020_MASC_FINAL_SLBSCE-214x300.jpg 214w, https:\/\/fpvoleibol.pt\/fpv\/wp-content\/uploads\/2020\/11\/Supertaca2020_MASC_FINAL_SLBSCE-768x1075.jpg 768w, https:\/\/fpvoleibol.pt\/fpv\/wp-content\/uploads\/2020\/11\/Supertaca2020_MASC_FINAL_SLBSCE-1097x1536.jpg 1097w, https:\/\/fpvoleibol.pt\/fpv\/wp-content\/uploads\/2020\/11\/Supertaca2020_MASC_FINAL_SLBSCE.jpg 1371w\" sizes=\"auto, (max-width: 732px) 100vw, 732px\" \/><\/p>\n<p class=\"auto-style5\"><strong>Nota<\/strong>: Tendo em considera\u00e7\u00e3o que os campeonatos nacionais de 2019\/2020 n\u00e3o chegaram ao fim \u2013 assim como a Ta\u00e7a de Portugal de masculinos \u2013 a Superta\u00e7a de 2020 teve um figurino diferente.<br \/>\nEm masculinos, SL Benfica, Sporting CP, AJ Fonte do Bastardo, SC Espinho, AA S. Mamede e Leix\u00f5es SC foram as seis equipas presentes na fase de qualifica\u00e7\u00e3o da Superta\u00e7a 2020, que decorreu no Multiusos de Gondomar. excep\u00e7\u00e3o feita \u00e0 meia-final entre SL Benfica e Sporting CP (3-2: 15-25, 22-25, 25-19, 25-23 e 15-11), realizada em \u00d3bidos.<\/p>\n<p class=\"auto-style1\"><strong>SUPERTA\u00c7A de Masculinos<br \/>\n(Multiusos de Gondomar)<\/strong><\/p>\n<p class=\"auto-style3\"><span class=\"auto-style1\"><strong>Jogos da S\u00e9rie A<\/strong><\/span><\/p>\n<p class=\"descricaonoticia\" align=\"justify\"><strong>11 de Setembro<\/strong><br \/>\nAA S. Mamede x SL Benfica, 0-3 (11-25, 14-25 e 13-25)<\/p>\n<p><strong>12 de Setembro<\/strong><br \/>\nSC Espinho x AA S. Mamede, 3-0 (25-21, 25-22 e 25-21)<\/p>\n<p><strong>13 de Setembro<\/strong><br \/>\nSL Benfica x SC Espinho, Multiusos de Gondomar, 3-0 (25-17, 25-20 e 25-18)<\/p>\n<p class=\"auto-style3\"><span class=\"auto-style1\"><strong>Jogos da S\u00e9rie B<\/strong><\/span><\/p>\n<p class=\"descricaonoticia\" align=\"justify\"><strong>11 de Setembro<\/strong><br \/>\nLeix\u00f5es SC x AJF Bastardo, 0-3 (20-25, 15-25 e 20-25)<\/p>\n<p><strong>12 de Setembro<\/strong><br \/>\nSporting CP x Leix\u00f5es SC, 3-0 (25-15, 25-13 e 25-21)<\/p>\n<p class=\"descricaonoticia\" align=\"justify\"><strong>13 de Setembro<\/strong><br \/>\nAJF Bastardo x Sporting CP, 3-2 (26-28, 25-18, 25-20, 20-25 e 15-13)<\/p>\n<p class=\"descricaonoticia\" align=\"justify\"><span class=\"auto-style6\"><strong>Meia-final \u2013\u00a0<span class=\"auto-style3\">19 de Setembro<\/span><\/strong><\/span><br \/>\nAJF Bastardo x SC Espinho, 1-3 (16-25, 27-25, 18-25 e 19-25)<\/p>\n<p class=\"descricaonoticia\" align=\"justify\"><strong><span class=\"auto-style6\">Meia-final \u2013\u00a0<span class=\"auto-style3\">7 de Outubro (\u00d3bidos)<\/span><br \/>\n<\/span><\/strong>SL Benfica x Sporting CP, 3-2 (15-25, 22-25, 25-19, 25-23 e 15-11), na\u00a0<strong><a href=\"https:\/\/www.sporttv.pt\/pesquisa\/voleibol\" target=\"_blank\" rel=\"noopener noreferrer\">Sport TV<\/a><\/strong><\/p>\n<p class=\"auto-style3\"><span class=\"auto-style1\"><strong>Final \u2013 4 de Novembro<\/strong><\/span><\/p>\n<p class=\"descricaonoticia\" align=\"justify\">SL Benfica x SC Espinho \u2013 em directo na\u00a0<strong><a href=\"https:\/\/www.sporttv.pt\/pesquisa\/voleibol\" target=\"_blank\" rel=\"noopener noreferrer\">Sport TV<\/a>\u00a0(19h45)<\/strong>, no Pav. Multiusos de Gondomar<\/p>\n<p class=\"descricaonoticia\" align=\"justify\">A lista dos\u00a0<strong>\u00e1rbitros nomeados<\/strong>\u00a0pode ser consultada\u00a0<a href=\"https:\/\/fpvoleibol.pt\/fpv\/arbitragem\/nomeacoes\/\" target=\"_blank\" rel=\"noopener noreferrer\">aqui<\/a><\/p>\n<p class=\"descricaonoticia\" align=\"justify\">Calend\u00e1rios de jogos em\u00a0<a href=\"https:\/\/www.portugalvoleibol.com\/classificacao\/\" target=\"_blank\" rel=\"noopener noreferrer\">https:\/\/www.portugalvoleibol.com\/classificacao\/<\/a><\/p>\n","protected":false},"excerpt":{"rendered":"<p>A\u00a0Final da Superta\u00e7a 2020 de seniores masculinos, a disputar entre o\u00a0SL Benfica\u00a0e o\u00a0SC Espinho, realiza-se amanh\u00e3, pelas 19h45, no Pavilh\u00e3o Multiusos de Gondomar, com transmiss\u00e3o em directo na Sport TV\u00a0e [&hellip;]<\/p>\n","protected":false},"author":2,"featured_media":1844,"comment_status":"open","ping_status":"open","sticky":false,"template":"","format":"standard","meta":{"_monsterinsights_skip_tracking":false,"_monsterinsights_sitenote_active":false,"_monsterinsights_sitenote_note":"","_monsterinsights_sitenote_category":0,"footnotes":""},"categories":[8],"tags":[],"class_list":{"0":"post-2184","1":"post","2":"type-post","3":"status-publish","4":"format-standard","5":"has-post-thumbnail","7":"category-voleibol","8":"czr-hentry"},"aioseo_notices":[],"_links":{"self":[{"href":"https:\/\/fpvoleibol.pt\/fpv\/wp-json\/wp\/v2\/posts\/2184","targetHints":{"allow":["GET"]}}],"collection":[{"href":"https:\/\/fpvoleibol.pt\/fpv\/wp-json\/wp\/v2\/posts"}],"about":[{"href":"https:\/\/fpvoleibol.pt\/fpv\/wp-json\/wp\/v2\/types\/post"}],"author":[{"embeddable":true,"href":"https:\/\/fpvoleibol.pt\/fpv\/wp-json\/wp\/v2\/users\/2"}],"replies":[{"embeddable":true,"href":"https:\/\/fpvoleibol.pt\/fpv\/wp-json\/wp\/v2\/comments?post=2184"}],"version-history":[{"count":8,"href":"https:\/\/fpvoleibol.pt\/fpv\/wp-json\/wp\/v2\/posts\/2184\/revisions"}],"predecessor-version":[{"id":2195,"href":"https:\/\/fpvoleibol.pt\/fpv\/wp-json\/wp\/v2\/posts\/2184\/revisions\/2195"}],"wp:featuredmedia":[{"embeddable":true,"href":"https:\/\/fpvoleibol.pt\/fpv\/wp-json\/wp\/v2\/media\/1844"}],"wp:attachment":[{"href":"https:\/\/fpvoleibol.pt\/fpv\/wp-json\/wp\/v2\/media?parent=2184"}],"wp:term":[{"taxonomy":"category","embeddable":true,"href":"https:\/\/fpvoleibol.pt\/fpv\/wp-json\/wp\/v2\/categories?post=2184"},{"taxonomy":"post_tag","embeddable":true,"href":"https:\/\/fpvoleibol.pt\/fpv\/wp-json\/wp\/v2\/tags?post=2184"}],"curies":[{"name":"wp","href":"https:\/\/api.w.org\/{rel}","templated":true}]}}