{"id":21690,"date":"2023-01-08T12:22:17","date_gmt":"2023-01-08T12:22:17","guid":{"rendered":"https:\/\/fpvoleibol.pt\/fpv\/?p=21690"},"modified":"2023-01-08T12:22:17","modified_gmt":"2023-01-08T12:22:17","slug":"portuguesas-convencem-inglesas","status":"publish","type":"post","link":"https:\/\/fpvoleibol.pt\/fpv\/2023\/01\/08\/portuguesas-convencem-inglesas\/","title":{"rendered":"PORTUGUESAS (CON)VENCEM INGLESAS"},"content":{"rendered":"<p><img loading=\"lazy\" decoding=\"async\" class=\"size-full wp-image-21695 aligncenter\" src=\"https:\/\/fpvoleibol.pt\/fpv\/wp-content\/uploads\/2023\/01\/wefza-u17w-semi-5-8-ger-por_0330.jpg\" alt=\"\" width=\"960\" height=\"640\" srcset=\"https:\/\/fpvoleibol.pt\/fpv\/wp-content\/uploads\/2023\/01\/wefza-u17w-semi-5-8-ger-por_0330.jpg 960w, https:\/\/fpvoleibol.pt\/fpv\/wp-content\/uploads\/2023\/01\/wefza-u17w-semi-5-8-ger-por_0330-300x200.jpg 300w, https:\/\/fpvoleibol.pt\/fpv\/wp-content\/uploads\/2023\/01\/wefza-u17w-semi-5-8-ger-por_0330-768x512.jpg 768w\" sizes=\"auto, (max-width: 960px) 100vw, 960px\" \/>A <strong>Selec\u00e7\u00e3o Nacional de Sub-17 Femininos<\/strong>, orientada por <strong>Beatriz Santos<\/strong>\u00a0e\u00a0<span style=\"text-decoration: underline;\">Guilherme Monteiro<\/span>, venceu hoje, pela margem m\u00e1xima (<a href=\"https:\/\/www-old.cev.eu\/Competition-Area\/MatchStatistics.aspx?ID=66355\">3-0: 25-10, 25-11 e 25-17<\/a>), a <span style=\"text-decoration: underline;\">Inglaterra<\/span> e assegurou o 7.\u00ba lugar na <strong>1.\u00aa Ronda de Qualifica\u00e7\u00e3o para o Campeonato da Europa<\/strong>, a decorrer no <a href=\"https:\/\/kienbaum-sport.de\/en\/contact\/\">Centro de Treino Ol\u00edmpico e Paral\u00edmpico alem\u00e3o<\/a> em Kienbaum, na localidade germ\u00e2nica de Gr\u00fcnheide.<br \/>\nPese embora este triunfo claro, as portuguesas n\u00e3o conseguiram o apuramento para a 2.\u00aa Ronda.<\/p>\n<p><strong>Mia Lima<\/strong>, com 11 pontos, e <strong>Martina Ribeiro<\/strong>,<strong> Casandra Capraru<\/strong>,<strong> Francisca Guedes<\/strong> e a brit\u00e2nica <strong>Alice Jagielska<\/strong>, com 7, foram as melhores pontuadoras. Ver a estat\u00edstica <a href=\"https:\/\/www-old.cev.eu\/Competition-Area\/MatchStatistics.aspx?ID=66355\">AQUI<\/a><\/p>\n<p style=\"text-align: center;\">Mais informa\u00e7\u00f5es <a href=\"https:\/\/www.cev.eu\/national-team\/age-group-championships\/u17w-2023\/zonal-1st-round\/#wevza\">AQUI<\/a> e <strong>jogos em directo<\/strong> em <a href=\"https:\/\/www.youtube.com\/playlist?list=PLeuDz7n81me2220xxpEnBYqn3AQ10xx_p\">https:\/\/www.youtube.com\/@VolleyballVerband<\/a><\/p>\n<p style=\"text-align: center;\"><strong><img loading=\"lazy\" decoding=\"async\" class=\"size-full wp-image-21584 aligncenter\" src=\"https:\/\/fpvoleibol.pt\/fpv\/wp-content\/uploads\/2023\/01\/u17f_PorxPB_wevza2_d.jpg\" alt=\"\" width=\"960\" height=\"640\" srcset=\"https:\/\/fpvoleibol.pt\/fpv\/wp-content\/uploads\/2023\/01\/u17f_PorxPB_wevza2_d.jpg 960w, https:\/\/fpvoleibol.pt\/fpv\/wp-content\/uploads\/2023\/01\/u17f_PorxPB_wevza2_d-300x200.jpg 300w, https:\/\/fpvoleibol.pt\/fpv\/wp-content\/uploads\/2023\/01\/u17f_PorxPB_wevza2_d-768x512.jpg 768w\" sizes=\"auto, (max-width: 960px) 100vw, 960px\" \/><img loading=\"lazy\" decoding=\"async\" class=\"size-full wp-image-21575 aligncenter\" src=\"https:\/\/fpvoleibol.pt\/fpv\/wp-content\/uploads\/2023\/01\/sub17portuguesas_wevza2023_d.jpg\" alt=\"\" width=\"960\" height=\"570\" srcset=\"https:\/\/fpvoleibol.pt\/fpv\/wp-content\/uploads\/2023\/01\/sub17portuguesas_wevza2023_d.jpg 960w, https:\/\/fpvoleibol.pt\/fpv\/wp-content\/uploads\/2023\/01\/sub17portuguesas_wevza2023_d-300x178.jpg 300w, https:\/\/fpvoleibol.pt\/fpv\/wp-content\/uploads\/2023\/01\/sub17portuguesas_wevza2023_d-768x456.jpg 768w\" sizes=\"auto, (max-width: 960px) 100vw, 960px\" \/>Torneio WEVZA* \u2013 1.\u00aa Ronda de Qualifica\u00e7\u00e3o para o Campeonato da Europa de Sub-17 Femininos<\/strong><\/p>\n<p style=\"text-align: center;\"><span style=\"text-decoration: underline;\"><strong>Pool B \u2013 (horas locais\/Gr\u00fcnheide)<\/strong><\/span><br \/>\n<strong>Kienbaum \u2013 Olympic and Paralympic Training Center<\/strong><\/p>\n<p style=\"text-align: center;\"><strong>4.01.2023<\/strong><br \/>\n12h00 \u2013 Pa\u00edses Baixos x PORTUGAL, 3-0<br \/>\n15h00 \u2013 B\u00e9lgica x Espanha, 3-1<\/p>\n<p style=\"text-align: center;\"><strong>5.01.2023<\/strong><br \/>\n9h30 \u2013 B\u00e9lgica x PORTUGAL, 3-1<br \/>\n12h00 \u2013 Pa\u00edses Baixos x Espanha, 0-3<\/p>\n<p style=\"text-align: center;\"><strong>6.01.2023<\/strong><br \/>\n9h30 \u2013 PORTUGAL x Espanha, 1-3<br \/>\n15h00 \u2013 B\u00e9lgica x Pa\u00edses Baixos, 3-0<\/p>\n<p style=\"text-align: center;\"><strong>7.01.2023<\/strong><br \/>\nMeias-finais e jogos de <em>ranqueamento<br \/>\n<\/em><span style=\"text-decoration: underline;\">5.\u00ba a 8.\u00ba classificados<\/span><br \/>\n9h30 \u2013 Alemanha x PORTUGAL, 3-0 (25-10, 25-17 e 25-20)<br \/>\n<strong>8.01.2023<\/strong><br \/>\n<span style=\"text-decoration: underline;\">7.\u00ba e 8.\u00ba classificados<\/span><br \/>\n9h30 \u2013 PORTUGAL x Inglaterra, 3-0 (25-10, 25-11 e 25-17)<\/p>\n<p style=\"font-weight: 400; text-align: left;\">*<span style=\"font-size: 8pt;\">Mais conhecida pela sigla WEVZA, a <strong>Associa\u00e7\u00e3o Zonal de Voleibol do Oeste Europeu <\/strong>foi constitu\u00edda no dia 26 de Setembro de 2013, integra oito pa\u00edses \u2013 Portugal, Espanha, Alemanha, B\u00e9lgica, It\u00e1lia, Holanda, Fran\u00e7a e Su\u00ed\u00e7a \u2013 e tem actualmente como Presidente o portugu\u00eas Vicente Ara\u00fajo, Presidente da FPV, e como Vice-Presidentes o franc\u00eas Eric Tanguy, Presidente da Federa\u00e7\u00e3o Francesa, e o belga Claude Kriescher, representante da Federa\u00e7\u00e3o Belga.<br \/>\n<\/span><span style=\"font-size: 8pt;\">O objectivo primordial desta associa\u00e7\u00e3o zonal \u00e9 fortalecer e fomentar a organiza\u00e7\u00e3o de actividades desportivas, tanto de Voleibol como de Voleibol de Praia, com especial \u00eanfase nas categorias de forma\u00e7\u00e3o.<br \/>\n<\/span><span style=\"font-size: 8pt;\">A Confedera\u00e7\u00e3o Europeia de Voleibol (CEV) conta com seis associa\u00e7\u00f5es zonais: a WEVZA (Europa Ocidental), a BVA (Balc\u00e3s), a EEVZA (Europa de Leste), a MEVZA (Europa Central), a NEVZA (Europa do Norte) e ainda a SCD (Divis\u00e3o dos Pequenos Pa\u00edses), da qual fazem parte Andorra, Chipre, Ilhas Faro\u00e9, Gibraltar, Gronel\u00e2ndia, Isl\u00e2ndia, Irlanda, Liechtenstein, Luxemburgo, Malta, M\u00f3naco, Irlanda do Norte, San Marino, Esc\u00f3cia e Pa\u00eds de Gales.<\/span><\/p>\n<p class=\"auto-style2\" align=\"justify\">Mais informa\u00e7\u00f5es:\u00a0<a href=\"http:\/\/wevza.com\/\" target=\"_blank\" rel=\"noopener noreferrer\">www.wevza.com<\/a>\u00a0\/\u00a0\u00a0<a href=\"http:\/\/www.cev.eu\" target=\"_blank\" rel=\"noopener noreferrer\">www.cev.eu<\/a><\/p>\n","protected":false},"excerpt":{"rendered":"<p>A Selec\u00e7\u00e3o Nacional de Sub-17 Femininos, orientada por Beatriz Santos\u00a0e\u00a0Guilherme Monteiro, venceu hoje, pela margem m\u00e1xima (3-0: 25-10, 25-11 e 25-17), a Inglaterra e assegurou o 7.\u00ba lugar na 1.\u00aa [&hellip;]<\/p>\n","protected":false},"author":2,"featured_media":21694,"comment_status":"open","ping_status":"open","sticky":false,"template":"","format":"standard","meta":{"_monsterinsights_skip_tracking":false,"_monsterinsights_sitenote_active":false,"_monsterinsights_sitenote_note":"","_monsterinsights_sitenote_category":0,"footnotes":""},"categories":[9],"tags":[71,50],"class_list":{"0":"post-21690","1":"post","2":"type-post","3":"status-publish","4":"format-standard","5":"has-post-thumbnail","7":"category-voleibol-de-praia","8":"tag-epoca-2022-2023","9":"tag-wevza","10":"czr-hentry"},"aioseo_notices":[],"_links":{"self":[{"href":"https:\/\/fpvoleibol.pt\/fpv\/wp-json\/wp\/v2\/posts\/21690","targetHints":{"allow":["GET"]}}],"collection":[{"href":"https:\/\/fpvoleibol.pt\/fpv\/wp-json\/wp\/v2\/posts"}],"about":[{"href":"https:\/\/fpvoleibol.pt\/fpv\/wp-json\/wp\/v2\/types\/post"}],"author":[{"embeddable":true,"href":"https:\/\/fpvoleibol.pt\/fpv\/wp-json\/wp\/v2\/users\/2"}],"replies":[{"embeddable":true,"href":"https:\/\/fpvoleibol.pt\/fpv\/wp-json\/wp\/v2\/comments?post=21690"}],"version-history":[{"count":4,"href":"https:\/\/fpvoleibol.pt\/fpv\/wp-json\/wp\/v2\/posts\/21690\/revisions"}],"predecessor-version":[{"id":21697,"href":"https:\/\/fpvoleibol.pt\/fpv\/wp-json\/wp\/v2\/posts\/21690\/revisions\/21697"}],"wp:featuredmedia":[{"embeddable":true,"href":"https:\/\/fpvoleibol.pt\/fpv\/wp-json\/wp\/v2\/media\/21694"}],"wp:attachment":[{"href":"https:\/\/fpvoleibol.pt\/fpv\/wp-json\/wp\/v2\/media?parent=21690"}],"wp:term":[{"taxonomy":"category","embeddable":true,"href":"https:\/\/fpvoleibol.pt\/fpv\/wp-json\/wp\/v2\/categories?post=21690"},{"taxonomy":"post_tag","embeddable":true,"href":"https:\/\/fpvoleibol.pt\/fpv\/wp-json\/wp\/v2\/tags?post=21690"}],"curies":[{"name":"wp","href":"https:\/\/api.w.org\/{rel}","templated":true}]}}