{"id":21679,"date":"2023-01-07T17:05:08","date_gmt":"2023-01-07T17:05:08","guid":{"rendered":"https:\/\/fpvoleibol.pt\/fpv\/?p=21679"},"modified":"2023-03-22T15:00:09","modified_gmt":"2023-03-22T15:00:09","slug":"portugueses-na-2-a-ronda-do-europeu-sub-17","status":"publish","type":"post","link":"https:\/\/fpvoleibol.pt\/fpv\/2023\/01\/07\/portugueses-na-2-a-ronda-do-europeu-sub-17\/","title":{"rendered":"PORTUGUESES NA 2.\u00aa RONDA DO EUROPEU SUB-17"},"content":{"rendered":"<p><img loading=\"lazy\" decoding=\"async\" class=\"size-full wp-image-21597 aligncenter\" src=\"https:\/\/fpvoleibol.pt\/fpv\/wp-content\/uploads\/2023\/01\/u17mas-2023-fest_d.jpg\" alt=\"\" width=\"960\" height=\"502\" srcset=\"https:\/\/fpvoleibol.pt\/fpv\/wp-content\/uploads\/2023\/01\/u17mas-2023-fest_d.jpg 960w, https:\/\/fpvoleibol.pt\/fpv\/wp-content\/uploads\/2023\/01\/u17mas-2023-fest_d-300x157.jpg 300w, https:\/\/fpvoleibol.pt\/fpv\/wp-content\/uploads\/2023\/01\/u17mas-2023-fest_d-768x402.jpg 768w\" sizes=\"auto, (max-width: 960px) 100vw, 960px\" \/>A <strong>Selec\u00e7\u00e3o Nacional de Sub-17 Masculinos<\/strong>, orientada por <strong>Diogo Rosa<\/strong> e <span style=\"text-decoration: underline;\">Leandro Cunha<\/span>, classificou-se hoje no 5.\u00ba lugar no <strong>Torneio WEVZA* \u2013 1.\u00aa Ronda de Qualifica\u00e7\u00e3o para o Campeonato da Europa<\/strong> \u2013 em <span style=\"text-decoration: underline;\">Darfo Boario Terme<\/span>, na prov\u00edncia italiana de Br\u00e9scia, e apurou-se para a <strong>2.\u00aa Ronda de Qualifica\u00e7\u00e3o para o Europeu<\/strong>, a disputar em Abril.<\/p>\n<p>Apesar de ter perdido pela diferen\u00e7a m\u00ednima (<a href=\"http:\/\/www-old.cev.eu\/Competition-Area\/MatchStatistics.aspx?ID=66250\"><strong>2-3: 21-25, 25-22, 25-17, 23-25 e 12-15<\/strong><\/a>), a <em>selec\u00e7\u00e3o das quinas<\/em> somou um ponto que lhe deu a lideran\u00e7a na classifica\u00e7\u00e3o final relativamente aos seus advers\u00e1rios mais directos, a B\u00e9lgica e os Pa\u00edses Baixos, sendo que os belgas ir\u00e3o igualmente disputar a 2.\u00aa Ronda e os neerlandeses, \u00faltimos, foram afastados da prova.<\/p>\n<p>O neerland\u00eas <strong>Stef Koezema<\/strong>, com 25 pontos, e <strong>Rafael Pinto<\/strong>, com 23, foram os melhores pontuadores do jogo. Ver estat\u00edstica <a href=\"http:\/\/www-old.cev.eu\/Competition-Area\/MatchStatistics.aspx?ID=66250\">AQUI<\/a><\/p>\n<p><strong>Ricardo Ferreira<\/strong> foi o \u00e1rbitro portugu\u00eas presente neste Torneio WEVZA.<\/p>\n<p>Jogos dispon\u00edveis em <a href=\"https:\/\/www.youtube.com\/@OvertheblockIt-Volley\/streams\">https:\/\/www.youtube.com\/@OvertheblockIt-Volley\/streams<\/a><\/p>\n<p style=\"text-align: center;\"><span style=\"text-decoration: underline;\"><strong>Comitiva Portuguesa em Darfo Boario Terme<\/strong><\/span><\/p>\n<p><img loading=\"lazy\" decoding=\"async\" class=\"size-full wp-image-21518 aligncenter\" src=\"https:\/\/fpvoleibol.pt\/fpv\/wp-content\/uploads\/2023\/01\/u17m_1rondawevza_d.jpg\" alt=\"\" width=\"960\" height=\"566\" srcset=\"https:\/\/fpvoleibol.pt\/fpv\/wp-content\/uploads\/2023\/01\/u17m_1rondawevza_d.jpg 960w, https:\/\/fpvoleibol.pt\/fpv\/wp-content\/uploads\/2023\/01\/u17m_1rondawevza_d-300x177.jpg 300w, https:\/\/fpvoleibol.pt\/fpv\/wp-content\/uploads\/2023\/01\/u17m_1rondawevza_d-768x453.jpg 768w\" sizes=\"auto, (max-width: 960px) 100vw, 960px\" \/><\/p>\n<p style=\"font-weight: 400; text-align: left;\">*<span style=\"font-size: 8pt;\">Mais conhecida pela sigla WEVZA, a <strong>Associa\u00e7\u00e3o Zonal de Voleibol do Oeste Europeu <\/strong>foi constitu\u00edda no dia 26 de Setembro de 2013, integra oito pa\u00edses \u2013 Portugal, Espanha, Alemanha, B\u00e9lgica, It\u00e1lia, Holanda, Fran\u00e7a e Su\u00ed\u00e7a \u2013 e tem actualmente como Presidente o portugu\u00eas Vicente Ara\u00fajo, Presidente da FPV, e como Vice-Presidentes o franc\u00eas Eric Tanguy, Presidente da Federa\u00e7\u00e3o Francesa, e o belga Claude Kriescher, representante da Federa\u00e7\u00e3o Belga.<br \/>\n<\/span><span style=\"font-size: 8pt;\">O objectivo primordial desta associa\u00e7\u00e3o zonal \u00e9 fortalecer e fomentar a organiza\u00e7\u00e3o de actividades desportivas, tanto de Voleibol como de Voleibol de Praia, com especial \u00eanfase nas categorias de forma\u00e7\u00e3o.<br \/>\n<\/span><span style=\"font-size: 8pt;\">A Confedera\u00e7\u00e3o Europeia de Voleibol (CEV) conta com seis associa\u00e7\u00f5es zonais: a WEVZA (Europa Ocidental), a BVA (Balc\u00e3s), a EEVZA (Europa de Leste), a MEVZA (Europa Central), a NEVZA (Europa do Norte) e ainda a SCD (Divis\u00e3o dos Pequenos Pa\u00edses), da qual fazem parte Andorra, Chipre, Ilhas Faro\u00e9, Gibraltar, Gronel\u00e2ndia, Isl\u00e2ndia, Irlanda, Liechtenstein, Luxemburgo, Malta, M\u00f3naco, Irlanda do Norte, San Marino, Esc\u00f3cia e Pa\u00eds de Gales.<\/span><\/p>\n<p class=\"auto-style2\" align=\"justify\">Mais informa\u00e7\u00f5es:\u00a0<a href=\"http:\/\/wevza.com\/\" target=\"_blank\" rel=\"noopener noreferrer\">www.wevza.com<\/a>\u00a0\/\u00a0\u00a0<a href=\"http:\/\/www.cev.eu\" target=\"_blank\" rel=\"noopener noreferrer\">www.cev.eu<\/a><\/p>\n","protected":false},"excerpt":{"rendered":"<p>A Selec\u00e7\u00e3o Nacional de Sub-17 Masculinos, orientada por Diogo Rosa e Leandro Cunha, classificou-se hoje no 5.\u00ba lugar no Torneio WEVZA* \u2013 1.\u00aa Ronda de Qualifica\u00e7\u00e3o para o Campeonato da [&hellip;]<\/p>\n","protected":false},"author":2,"featured_media":21596,"comment_status":"open","ping_status":"open","sticky":false,"template":"","format":"standard","meta":{"_monsterinsights_skip_tracking":false,"_monsterinsights_sitenote_active":false,"_monsterinsights_sitenote_note":"","_monsterinsights_sitenote_category":0,"footnotes":""},"categories":[11,8],"tags":[71,34,87,50],"class_list":{"0":"post-21679","1":"post","2":"type-post","3":"status-publish","4":"format-standard","5":"has-post-thumbnail","7":"category-formacao","8":"category-voleibol","9":"tag-epoca-2022-2023","10":"tag-sub-17","11":"tag-sub-17m2023","12":"tag-wevza","13":"czr-hentry"},"aioseo_notices":[],"_links":{"self":[{"href":"https:\/\/fpvoleibol.pt\/fpv\/wp-json\/wp\/v2\/posts\/21679","targetHints":{"allow":["GET"]}}],"collection":[{"href":"https:\/\/fpvoleibol.pt\/fpv\/wp-json\/wp\/v2\/posts"}],"about":[{"href":"https:\/\/fpvoleibol.pt\/fpv\/wp-json\/wp\/v2\/types\/post"}],"author":[{"embeddable":true,"href":"https:\/\/fpvoleibol.pt\/fpv\/wp-json\/wp\/v2\/users\/2"}],"replies":[{"embeddable":true,"href":"https:\/\/fpvoleibol.pt\/fpv\/wp-json\/wp\/v2\/comments?post=21679"}],"version-history":[{"count":5,"href":"https:\/\/fpvoleibol.pt\/fpv\/wp-json\/wp\/v2\/posts\/21679\/revisions"}],"predecessor-version":[{"id":21684,"href":"https:\/\/fpvoleibol.pt\/fpv\/wp-json\/wp\/v2\/posts\/21679\/revisions\/21684"}],"wp:featuredmedia":[{"embeddable":true,"href":"https:\/\/fpvoleibol.pt\/fpv\/wp-json\/wp\/v2\/media\/21596"}],"wp:attachment":[{"href":"https:\/\/fpvoleibol.pt\/fpv\/wp-json\/wp\/v2\/media?parent=21679"}],"wp:term":[{"taxonomy":"category","embeddable":true,"href":"https:\/\/fpvoleibol.pt\/fpv\/wp-json\/wp\/v2\/categories?post=21679"},{"taxonomy":"post_tag","embeddable":true,"href":"https:\/\/fpvoleibol.pt\/fpv\/wp-json\/wp\/v2\/tags?post=21679"}],"curies":[{"name":"wp","href":"https:\/\/api.w.org\/{rel}","templated":true}]}}