{"id":2156,"date":"2020-11-02T16:55:48","date_gmt":"2020-11-02T15:55:48","guid":{"rendered":"https:\/\/fpvoleibol.pt\/fpv\/?p=2156"},"modified":"2020-11-12T19:18:05","modified_gmt":"2020-11-12T18:18:05","slug":"portugueses-no-mundo-4","status":"publish","type":"post","link":"https:\/\/fpvoleibol.pt\/fpv\/2020\/11\/02\/portugueses-no-mundo-4\/","title":{"rendered":"PORTUGUESES NO MUNDO"},"content":{"rendered":"<p style=\"text-align: right;\"><img loading=\"lazy\" decoding=\"async\" class=\"alignnone size-large wp-image-2158\" src=\"https:\/\/fpvoleibol.pt\/fpv\/wp-content\/uploads\/2020\/11\/marta_hurst_rfevb-1024x576.jpg\" alt=\"\" width=\"1024\" height=\"576\" srcset=\"https:\/\/fpvoleibol.pt\/fpv\/wp-content\/uploads\/2020\/11\/marta_hurst_rfevb-1024x576.jpg 1024w, https:\/\/fpvoleibol.pt\/fpv\/wp-content\/uploads\/2020\/11\/marta_hurst_rfevb-300x169.jpg 300w, https:\/\/fpvoleibol.pt\/fpv\/wp-content\/uploads\/2020\/11\/marta_hurst_rfevb-768x432.jpg 768w, https:\/\/fpvoleibol.pt\/fpv\/wp-content\/uploads\/2020\/11\/marta_hurst_rfevb-1536x864.jpg 1536w, https:\/\/fpvoleibol.pt\/fpv\/wp-content\/uploads\/2020\/11\/marta_hurst_rfevb-1110x624.jpg 1110w, https:\/\/fpvoleibol.pt\/fpv\/wp-content\/uploads\/2020\/11\/marta_hurst_rfevb-528x297.jpg 528w, https:\/\/fpvoleibol.pt\/fpv\/wp-content\/uploads\/2020\/11\/marta_hurst_rfevb.jpg 1752w\" sizes=\"auto, (max-width: 1024px) 100vw, 1024px\" \/>F<strong>oto: <a href=\"http:\/\/www.rfevb.com\/\">RFEVB<\/a><\/strong><\/p>\n<p>Em\u00a0Espanha, o Osacc Haro Rioja V\u00f3ley (10.\u00ba), de <strong>Marta Hurst<\/strong>, venceu (<a href=\"http:\/\/rfevb-web.dataproject.com\/MatchStatistics.aspx?mID=7481&amp;ID=68&amp;CID=194&amp;PID=102&amp;type=LegList\">3-1: 25-18, 25-19, 20-25 e 28-26<\/a>) na recep\u00e7\u00e3o ao Cajasol V\u00f3ley Dos Hermanas.<br \/>\nA zona 4 lusitana registou 18 pontos (15 ataques + 2 blocos + 1 servi\u00e7o).<br \/>\nNo dia 4 de Novembro, o Rioja V\u00f3ley visita o Madrid Chamber\u00ed (11.\u00ba).<\/p>\n<p>Em Fran\u00e7a, de sete jogos, apenas tr\u00eas foram disputados na 6.\u00aa jornada, devido \u00e0 exist\u00eancia de casos de Covid-19.<br \/>\nA equipa do SAEMS Tourcoing Volley-Ball Lille M\u00e9tropole, de <strong>Louren\u00e7o Martins<\/strong>, n\u00e3o jogou mas continua a liderar isolada a classifica\u00e7\u00e3o da Ligue A.<br \/>\nNo dia 6 de Novembro, o Tourcoing visita o Nice (13.\u00ba).<\/p>\n<p class=\"\" style=\"text-align: right;\"><img loading=\"lazy\" decoding=\"async\" class=\"alignnone size-large wp-image-2157\" src=\"https:\/\/fpvoleibol.pt\/fpv\/wp-content\/uploads\/2020\/11\/kava_rob_casei-1024x581.jpg\" alt=\"\" width=\"1024\" height=\"581\" srcset=\"https:\/\/fpvoleibol.pt\/fpv\/wp-content\/uploads\/2020\/11\/kava_rob_casei-1024x581.jpg 1024w, https:\/\/fpvoleibol.pt\/fpv\/wp-content\/uploads\/2020\/11\/kava_rob_casei-300x170.jpg 300w, https:\/\/fpvoleibol.pt\/fpv\/wp-content\/uploads\/2020\/11\/kava_rob_casei-768x436.jpg 768w, https:\/\/fpvoleibol.pt\/fpv\/wp-content\/uploads\/2020\/11\/kava_rob_casei-1536x872.jpg 1536w, https:\/\/fpvoleibol.pt\/fpv\/wp-content\/uploads\/2020\/11\/kava_rob_casei.jpg 1897w\" sizes=\"auto, (max-width: 1024px) 100vw, 1024px\" \/><br \/>\n<strong>Foto: <a href=\"https:\/\/www.facebook.com\/roberta.casadei.3\">OTR \/ Roberta Casadei<\/a><\/strong><\/p>\n<p>Em It\u00e1lia, o Conad Olimpia Teodora Ravenna, de <strong>J\u00falia Kavalenka<\/strong>,\u00a0venceu, pela diferen\u00e7a m\u00ednima (<a href=\"https:\/\/www.legavolleyfemminile.it\/?page_id=47322&amp;idgara=744339\">3-2: 24-26, 22-25, 25-22, 25-14 e 15-8<\/a>), no recinto do Omag Consolini Volley &#8211; San Giovanni in Marignano e subiu ao terceiro lugar, em igualdade pontual com o 2.\u00ba e com o 4.\u00ba classificado.<br \/>\nAo contabilizar 22 pontos (18 ataques + 2 servi\u00e7os + blocos), a oposta portuguesa cotou-se como a terceira melhor pontuadora do jogo.<br \/>\nNo dia 8 de Novembro, o Olimpia Teodora Ravenna recebe o Itas Citt\u00e0 Fiera Martignacco (8.\u00ba).<\/p>\n<p>Na Coreia do Sul, o Seoul Woori Card Wibee VB, de <strong>Alexandre Ferreir<\/strong>a, venceu (3-0: 25-19, 25-22 e 25-20) o Deajeon Bluefangs e perdeu (2-3: 20-25, 25 -16, 23-25, 25-15 e 22-20) com o l\u00edder da <a href=\"https:\/\/www.kovo.co.kr\/eng\/kovo\/50000_game.asp\">V-League<\/a>, Ansan Rush&amp;Cash, ocupando actualmente o 5.\u00ba posto classificativo.<br \/>\nNo dia 5 de Novembro, o Seoul Woori Card visita o Suwon Kepco, 7.\u00ba e \u00faltimo classificado.<\/p>\n<p>Por seu turno, <strong>Marco Ferreira<\/strong>, irm\u00e3o de Alex, vai representar esta \u00e9poca o Al Jazira SC, dos Emirados \u00c1rabes Unidos.<\/p>\n<p>Na Pol\u00f3nia, os efeitos da pandemia de Covid-19 levaram ao adiamento de alguns jogos e a um\u00a0<a href=\"https:\/\/ks.cuprum.pl\/aktualnosci\/nowe-siatkarskie-realia\/\">per\u00edodo de quarentena<\/a>.<br \/>\nO Cuprum Lubin, de <strong>Miguel Tavares Rodrigues<\/strong>, perdeu, em casa, por 1-3 (15-25, 25-21, 20-25 e 16-25), com o l\u00edder, Grupa Azoty ZAKSA Kedzierzyn-Kozle, e ocupa actualmente o 14.\u00ba e \u00faltimo lugar.<br \/>\nNo dia 15 de Novembro, o Cuprum Lubin tem agendada uma visita ao Jastrzebski Wegiel, vice-l\u00edder da Plus Liga e antiga equipa do distribuidor Tiago Violas (SL Benfica).<\/p>\n<p class=\"auto-style1\">Atletas \/ t\u00e9cnicos que actuam no estrangeiro e\/ou com<u><b>\u00a0inscri\u00e7\u00e3o iniciada em 2020\/2021<\/b>:<\/u><\/p>\n<p class=\"auto-style1\"><a href=\"http:\/\/ks.cuprum.pl\/\" target=\"_blank\" rel=\"noopener noreferrer\">Cuprum Lubin (Pol\u00f3nia)<\/a>\u00a0\u2013 Miguel Rodrigues<br \/>\n<a href=\"https:\/\/www.facebook.com\/wooricardwibee\/\" target=\"_blank\" rel=\"noopener noreferrer\">Woori Card Wibee (Coreia do Sul)<\/a>\u00a0\u2013 Alexandre Ferreira<br \/>\n<a href=\"http:\/\/www.jc.ae\/en\/news\/\">Al Jazira SC (Emirados \u00c1rabes Unidos)<\/a> \u2013 Marco Ferreira<br \/>\n<a href=\"http:\/\/olimpiateodora.it\/\" target=\"_blank\" rel=\"noopener noreferrer\">Olimpia Teodora Pallavolo Ravenna<\/a>\u00a0<a href=\"https:\/\/www.tfoc.fr\/\" target=\"_blank\" rel=\"noopener noreferrer\">(It\u00e1lia)<\/a>\u00a0\u2013 J\u00falia Kavalenka<br \/>\n<a href=\"https:\/\/tourcoing-volley.com\/\" target=\"_blank\" rel=\"noopener noreferrer\">SAEMS Tourcoing Volley-Ball Lille M\u00e9tropole<\/a>\u00a0\u2013 de Louren\u00e7o Martins<br \/>\n<a href=\"https:\/\/www.facebook.com\/haroriojavoley\" target=\"_blank\" rel=\"noopener noreferrer\">OSACC Haro Rioja V\u00f3ley (Espanha)<\/a>\u00a0\u2013 Marta Hurst<br \/>\n<a href=\"https:\/\/www.facebook.com\/csdinamo\/\" target=\"_blank\" rel=\"noopener noreferrer\">Dinamo de Bucareste (Rom\u00e9nia)<\/a>\u00a0\u2013 Jos\u00e9 Pedro Gomes<br \/>\n<a href=\"http:\/\/www.uvcgraz.at\/de\/19106\" target=\"_blank\" rel=\"noopener noreferrer\">UVC Holding Graz (\u00c1ustria, 1. Bundesliga)<\/a>\u00a0\u2013 Jos\u00e9 Jardim<br \/>\n<a href=\"http:\/\/www.uvcgraz.at\/de\/19106\" target=\"_blank\" rel=\"noopener noreferrer\">UVC Holding Graz (\u00c1ustria, 1. Bundesliga)<\/a>\u00a0\u2013 Tiago Pereira<br \/>\n<a href=\"https:\/\/www.svenskalag.se\/orkelljungavk\" target=\"_blank\" rel=\"noopener noreferrer\">Orkelljunga VK (Su\u00e9cia)<\/a>\u00a0\u2013 Rafael Cavalcanti<br \/>\n<a href=\"http:\/\/www.ffvb.org\/\" target=\"_blank\" rel=\"noopener noreferrer\">Union AS Seyssinoise VB (Fran\u00e7a)\u00a0<\/a>\u2013 S\u00e9rgio Miranda<br \/>\n<a href=\"http:\/\/chenoisvolley.ch\/\" target=\"_blank\" rel=\"noopener noreferrer\">Ch\u00eanois Gen\u00e8ve (Su\u00ed\u00e7a)<\/a>\u00a0\u2013 Rui Santos (Ruca)<br \/>\n<a href=\"https:\/\/www.vbcvaldetravers.ch\/lna\/\" target=\"_blank\" rel=\"noopener noreferrer\">VBC Val-de-Travers (Su\u00ed\u00e7a)<\/a>\u00a0\u2013 Ana Paula Silva<br \/>\n<a href=\"http:\/\/vcdbtournai.be\/\" target=\"_blank\" rel=\"noopener noreferrer\">VC Don Bosco Tournai (B\u00e9lgica, Div. Provincial)<\/a>\u00a0\u2013 Bruno Lobo<br \/>\n<a href=\"https:\/\/www.volleyclubs.be\/capciwb\/\" target=\"_blank\" rel=\"noopener noreferrer\">CAPCI (B\u00e9lgica)<\/a>\u00a0\u2013 Jo\u00e3o Lu\u00eds Sousa<br \/>\n<a href=\"https:\/\/amvb-amiens.fr\/\" target=\"_blank\" rel=\"noopener noreferrer\">Amiens M\u00e9tropole Volley-Ball<\/a>\u00a0\u2013 Andr\u00e9 Mata<br \/>\n<a href=\"http:\/\/volleyballengland.org\/competitions\/national_volleyball_league\/fixtures?season=VE97592600&amp;division=VE45975642&amp;teamID=all&amp;month=all&amp;sr=0\" target=\"_blank\" rel=\"noopener noreferrer\">Team South Wales (Inglaterra)<\/a>\u00a0\u2013 Mara Mata<br \/>\n<a href=\"http:\/\/www.le-volleys.de\/regionalliga-ost.html\" target=\"_blank\" rel=\"noopener noreferrer\">LE Volleys (Alemanha, Regionalliga)<\/a>\u00a0\u2013 Matilde Silveira<br \/>\n<a href=\"http:\/\/www.volleyballengland.org\/competitions\/national_volleyball_league\/league_tables?comp=VE1&amp;season=VE36637368&amp;division=VE48686060\" target=\"_blank\" rel=\"noopener noreferrer\">Durham Palatinates Women (Inglaterra \/ Super League)<\/a>\u00a0\u2013 Susana Veiga<br \/>\n<a href=\"https:\/\/www.facebook.com\/quimpervolley\/\" target=\"_blank\" rel=\"noopener noreferrer\">Quimper Volley 29 (Fran\u00e7a)<\/a>\u00a0\u2013 Kristyna Vojikova<br \/>\n<a href=\"https:\/\/www.facebook.com\/ecovolleyofficiel\" target=\"_blank\" rel=\"noopener noreferrer\">Etudiant Club Orleanais (Fran\u00e7a)<\/a>\u00a0\u2013 Joana Gonzalez<br \/>\n<a href=\"https:\/\/www.facebook.com\/comavolleyball\/\" target=\"_blank\" rel=\"noopener noreferrer\">Argenteuil VB 95 (Fran\u00e7a)<\/a>\u00a0\u2013 Nina Carla<br \/>\n<a href=\"http:\/\/www.volleyballengland.org\/club\/BHA062426\/ashcombe-dorking-1\" target=\"_blank\" rel=\"noopener noreferrer\">Dartford (Inglaterra, Div. 1)<\/a>\u00a0\u2013 Mariana Santos<br \/>\n<a href=\"https:\/\/ksvolley.dk\/en\/\" target=\"_blank\" rel=\"noopener noreferrer\">KSV (Dinamarca)<\/a>\u00a0\u2013 Maria In\u00eas Lupi Caetano<br \/>\n<a href=\"https:\/\/ksvolley.dk\/en\/\" target=\"_blank\" rel=\"noopener noreferrer\">KSV (Dinamarca)<\/a>\u00a0\u2013 Catarina Nunes<br \/>\n<a href=\"https:\/\/www.volley-bartreng.lu\/\" target=\"_blank\" rel=\"noopener noreferrer\">Volley Bartr\u00e9ng (Luxemburgo)<\/a>\u00a0\u2013 Ricardo Mota<br \/>\n<a href=\"https:\/\/volleystarice.wixsite.com\/star-ice\">Star-Ice (B\u00e9lgica\/Provinciale)<\/a> \u2013 In\u00eas Mendes de Oliveira<br \/>\n<span class=\"auto-style7\"><strong>Treinadores<\/strong><\/span>:<br \/>\n<a href=\"https:\/\/www.svenskalag.se\/orkelljungavk\" target=\"_blank\" rel=\"noopener noreferrer\">Orkelljunga VK (Su\u00e9cia)<\/a>\u00a0\u2013 Idner Martins<br \/>\n<a href=\"https:\/\/www.istres-volley.fr\/equipe-premiere\/lequipe\/\" target=\"_blank\" rel=\"noopener noreferrer\">Istres Ouest-Provence Volley-Ball (Fran\u00e7a)<\/a>\u00a0\u2013 Andr\u00e9 S\u00e1<br \/>\n<a href=\"https:\/\/www.istres-volley.fr\/equipe-premiere\/lequipe\/\" target=\"_blank\" rel=\"noopener noreferrer\">Istres Ouest-Provence Volley-Ball (Fran\u00e7a)<\/a>\u00a0\u2013 David Sousa<br \/>\n<a href=\"https:\/\/www.svenskalag.se\/DegerforsvolleyOrion\">Degerfors Volley Orion (Su\u00e9cia)<\/a>\u00a0\u2013 Ivan Nunes<br \/>\n<a href=\"https:\/\/www.volleylugano.ch\/\">Volley Lugano I (Su\u00ed\u00e7a\/LNA)<\/a> \u2013 Filipe Lacerda<br \/>\n<a href=\"https:\/\/www.vbcgalina.li\/teams\/damen\/damen-2-2liga\" target=\"_blank\" rel=\"noopener noreferrer\">VBC Galina (Liechtenstein, 1. Liga Su\u00ed\u00e7a)<\/a> \u2013 Filipe Carrasco Soares<br \/>\n<a href=\"https:\/\/www.facebook.com\/Blue-volei-clube-1752350595073998\/\" target=\"_blank\" rel=\"noopener noreferrer\">Blue Volei Clube (Angola)<\/a>\u00a0\u2013 Andr\u00e9 Pereira<\/p>\n<p style=\"text-align: center;\"><span style=\"text-decoration: underline;\"><strong>\u00c1rbitros portugueses em ac\u00e7\u00e3o nas competi\u00e7\u00f5es europeias<\/strong><\/span><\/p>\n<p><strong>Ricardo Ferreira<br \/>\n<\/strong>Lindemans Aalst (B\u00e9lgica) x Grupa Azoty Kedzierzyn (Pol\u00f3nia), da Pool A da Liga dos Campe\u00f5es, no dia 1 de Dezembro de 2020.<br \/>\nBerlin Recycling Volleys (Alemanha) x Zenit Kazan (R\u00fassia), da Pool C da Liga dos Campe\u00f5es &#8211; masculinos, no dia 16 de Dezembro de 2020.<br \/>\nUnet e-work Busto Arsizio (It\u00e1lia) x Savino Del Bene Scandicci (It\u00e1lia), da Pool A da Liga dos Campe\u00f5es &#8211; femininos, no dia 10 de Novembro de 2020.<\/p>\n<p><strong>V\u00edtor Gon\u00e7alves<br \/>\n<\/strong>Vencedor da Pool H x Cez Karlovarsko (Rep\u00fablica Checa), da Pool E da Liga dos Campe\u00f5es &#8211; masculinos, em data a definir.<\/p>\n<p><strong>Jos\u00e9 Caramez<br \/>\n<\/strong>Sliedrecht Sport (Holanda) x CV Gran Canaria (Espanha), dos 16 avos-de-final da Challenge Cup \u2013 femininos, no dia 10 de Novembro de 2020.<br \/>\nCV Gran Canaria (Espanha) x Sliedrecht Sport (Holanda), dos 16 avos-de-final da Challenge Cup \u2013 femininos, no dia 11 de Novembro de 2020.<\/p>\n<p><strong>Nuno Teixeira<br \/>\n<\/strong>Sanaya Libby&#8217;s La Laguna (Espanha) x VK Pirane Brusno (Eslov\u00e1quia), dos 16 avos-de-final da Challenge Cup \u2013 femininos, no dia 25 de Novembro de 2020.<br \/>\nVencedor do SK Jekabpils Lusi (Let\u00f3nia) vs Allianz Powervolley Milano (It\u00e1lia) x Vencedor do OK Vardar Skopje (Maced\u00f3nia) vs Calcit Volley Kamnik (Eslov\u00e9nia), dos oitavos-de-final da Challenge Cup &#8211; masculinos, no dia 15, 16 ou 17 de Dezembro de 2020.<\/p>\n<p><strong>Pedro Pinto<br \/>\n<\/strong>Saugella Monza (It\u00e1lia) x Viteos Neuchatel UC (Su\u00ed\u00e7a), dos 16 avos-de-final da Ta\u00e7a CEV \u2013 femininos, no dia 11 de Novembro de 2020.<br \/>\nSaugella Monza (It\u00e1lia) ou Viteos Neuchatel UC (Su\u00ed\u00e7a) x Swietelsky Bekescsaba (Hungria), dos oitavos-de-final da Ta\u00e7a CEV \u2013 femininos, em data a definir.<\/p>\n<p><strong>Raquel Portela<br \/>\n<\/strong>AS\u00a0Cannes VB (Fran\u00e7a) x Nantes Rez\u00e9 M\u00e9tropole (Fran\u00e7a), dos 16 avos-de-final da Challenge Cup \u2013 masculinos, no dia 11 de Novembro de 2020.<br \/>\nCV Guaguas Las Palmas (Espanha) x 3.\u00ba classificado da Pool G da Liga dos Campe\u00f5es, dos 16 avos-de-final da Ta\u00e7a CEV \u2013 masculinos, no dia 18 de Novembro de 2020.<\/p>\n<p class=\"auto-style1\">Informa\u00e7\u00f5es adicionais:\u00a0<a href=\"http:\/\/www.cev.eu\/\" target=\"_blank\" rel=\"noopener noreferrer\">www.cev.eu<\/a><\/p>\n","protected":false},"excerpt":{"rendered":"<p>Foto: RFEVB Em\u00a0Espanha, o Osacc Haro Rioja V\u00f3ley (10.\u00ba), de Marta Hurst, venceu (3-1: 25-18, 25-19, 20-25 e 28-26) na recep\u00e7\u00e3o ao Cajasol V\u00f3ley Dos Hermanas. A zona 4 lusitana [&hellip;]<\/p>\n","protected":false},"author":2,"featured_media":2158,"comment_status":"open","ping_status":"open","sticky":false,"template":"","format":"standard","meta":{"_monsterinsights_skip_tracking":false,"_monsterinsights_sitenote_active":false,"_monsterinsights_sitenote_note":"","_monsterinsights_sitenote_category":0,"footnotes":""},"categories":[8],"tags":[],"class_list":{"0":"post-2156","1":"post","2":"type-post","3":"status-publish","4":"format-standard","5":"has-post-thumbnail","7":"category-voleibol","8":"czr-hentry"},"aioseo_notices":[],"_links":{"self":[{"href":"https:\/\/fpvoleibol.pt\/fpv\/wp-json\/wp\/v2\/posts\/2156","targetHints":{"allow":["GET"]}}],"collection":[{"href":"https:\/\/fpvoleibol.pt\/fpv\/wp-json\/wp\/v2\/posts"}],"about":[{"href":"https:\/\/fpvoleibol.pt\/fpv\/wp-json\/wp\/v2\/types\/post"}],"author":[{"embeddable":true,"href":"https:\/\/fpvoleibol.pt\/fpv\/wp-json\/wp\/v2\/users\/2"}],"replies":[{"embeddable":true,"href":"https:\/\/fpvoleibol.pt\/fpv\/wp-json\/wp\/v2\/comments?post=2156"}],"version-history":[{"count":5,"href":"https:\/\/fpvoleibol.pt\/fpv\/wp-json\/wp\/v2\/posts\/2156\/revisions"}],"predecessor-version":[{"id":2408,"href":"https:\/\/fpvoleibol.pt\/fpv\/wp-json\/wp\/v2\/posts\/2156\/revisions\/2408"}],"wp:featuredmedia":[{"embeddable":true,"href":"https:\/\/fpvoleibol.pt\/fpv\/wp-json\/wp\/v2\/media\/2158"}],"wp:attachment":[{"href":"https:\/\/fpvoleibol.pt\/fpv\/wp-json\/wp\/v2\/media?parent=2156"}],"wp:term":[{"taxonomy":"category","embeddable":true,"href":"https:\/\/fpvoleibol.pt\/fpv\/wp-json\/wp\/v2\/categories?post=2156"},{"taxonomy":"post_tag","embeddable":true,"href":"https:\/\/fpvoleibol.pt\/fpv\/wp-json\/wp\/v2\/tags?post=2156"}],"curies":[{"name":"wp","href":"https:\/\/api.w.org\/{rel}","templated":true}]}}