{"id":21452,"date":"2022-12-21T17:42:02","date_gmt":"2022-12-21T17:42:02","guid":{"rendered":"https:\/\/fpvoleibol.pt\/fpv\/?p=21452"},"modified":"2022-12-21T17:42:02","modified_gmt":"2022-12-21T17:42:02","slug":"portuguesas-medem-forcas-com-sub-17-francesas-e-espanholas","status":"publish","type":"post","link":"https:\/\/fpvoleibol.pt\/fpv\/2022\/12\/21\/portuguesas-medem-forcas-com-sub-17-francesas-e-espanholas\/","title":{"rendered":"PORTUGUESAS MEDEM FOR\u00c7AS COM SUB-17 FRANCESAS E ESPANHOLAS"},"content":{"rendered":"<p><img loading=\"lazy\" decoding=\"async\" class=\"size-full wp-image-21459 aligncenter\" src=\"https:\/\/fpvoleibol.pt\/fpv\/wp-content\/uploads\/2022\/12\/u16_fem_2021_d.jpg\" alt=\"\" width=\"960\" height=\"1057\" srcset=\"https:\/\/fpvoleibol.pt\/fpv\/wp-content\/uploads\/2022\/12\/u16_fem_2021_d.jpg 960w, https:\/\/fpvoleibol.pt\/fpv\/wp-content\/uploads\/2022\/12\/u16_fem_2021_d-272x300.jpg 272w, https:\/\/fpvoleibol.pt\/fpv\/wp-content\/uploads\/2022\/12\/u16_fem_2021_d-930x1024.jpg 930w, https:\/\/fpvoleibol.pt\/fpv\/wp-content\/uploads\/2022\/12\/u16_fem_2021_d-768x846.jpg 768w\" sizes=\"auto, (max-width: 960px) 100vw, 960px\" \/>A Selec\u00e7\u00e3o Nacional de Sub-17 Femininos vai defrontar, em <span style=\"text-decoration: underline;\">quatro jogos amig\u00e1veis<\/span>, as suas cong\u00e9neres de Espanha e Fran\u00e7a no Pavilh\u00e3o Municipal de San Sadurni\u00f1o, na prov\u00edncia espanhola da Corunha, num est\u00e1gio que se realiza de 27 a 30 de Dezembro e que se insere na prepara\u00e7\u00e3o para o <strong>Torneio WEVZA \u2013 1.\u00aa Ronda de Qualifica\u00e7\u00e3o para o Campeonato da Europa<\/strong>, a realizar de <strong>4 a 8 de Janeiro de 2023<\/strong> na Alemanha.<br \/>\nMais informa\u00e7\u00f5es <a href=\"https:\/\/www.rfevb.com\/selecciones\/seleccion-de-menores-femenina\">AQUI<\/a><\/p>\n<p>A equipa t\u00e9cnica liderada por Beatriz Santos tem ao seu dispor 18 atletas nos treinos que o grupo de trabalho est\u00e1 a efectuar na Escola Secund\u00e1ria Rodrigues de Freitas, no Porto. Deste grupo de 18 sair\u00e3o 14 jogadoras para o est\u00e1gio a realizar em Espanha, sendo que dessas 14 ser\u00e3o escolhidas as 12 que ir\u00e3o ao Torneio WEVZA \u2013 1.\u00aa Ronda de Qualifica\u00e7\u00e3o para o Campeonato da Europa, a realizar na localidade germ\u00e2nica de Gr\u00fcnheide.<br \/>\nMais informa\u00e7\u00f5es <a href=\"https:\/\/www.cev.eu\/national-team\/age-group-championships\/u17w-2023\/\">AQUI<\/a><\/p>\n<p style=\"text-align: center;\"><span style=\"text-decoration: underline;\"><strong>As 18 convocadas (Est\u00e1gio de Natal \u2013 19 a 25 Dezembro)<\/strong><\/span><\/p>\n<table style=\"width: 75.6043%;\" width=\"0\">\n<tbody>\n<tr>\n<td style=\"width: 47.3866%; text-align: center;\" width=\"130\"><span style=\"background-color: #808080; color: #ffffff;\"><strong>Nome<\/strong><\/span><\/td>\n<td style=\"width: 266.209%; text-align: center;\" width=\"186\"><span style=\"background-color: #808080; color: #ffffff;\"><strong>Clube<\/strong><\/span><\/td>\n<\/tr>\n<tr>\n<td style=\"width: 47.3866%; text-align: center;\" width=\"130\">Francisca Guedes<\/td>\n<td style=\"width: 266.209%; text-align: center;\" width=\"186\">AJM\/FC Porto<\/td>\n<\/tr>\n<tr>\n<td style=\"width: 47.3866%; text-align: center;\" width=\"130\">Maria Jo\u00e3o Peres<\/td>\n<td style=\"width: 266.209%; text-align: center;\" width=\"186\">AJM\/FC Porto<\/td>\n<\/tr>\n<tr>\n<td style=\"width: 47.3866%; text-align: center;\" width=\"130\">Matilde Soares<\/td>\n<td style=\"width: 266.209%; text-align: center;\" width=\"186\">Ala Nun\u2019\u00c1lvares de Gondomar<\/td>\n<\/tr>\n<tr>\n<td style=\"width: 47.3866%; text-align: center;\" width=\"130\">Catarina Mouta<\/td>\n<td style=\"width: 266.209%; text-align: center;\" width=\"186\">Cast\u00ealo da Maia GC<\/td>\n<\/tr>\n<tr>\n<td style=\"width: 47.3866%; text-align: center;\" width=\"130\">In\u00eas Sol Campos<\/td>\n<td style=\"width: 266.209%; text-align: center;\" width=\"186\">Cast\u00ealo da Maia GC<\/td>\n<\/tr>\n<tr>\n<td style=\"width: 47.3866%; text-align: center;\" width=\"130\">Sofia Schoberl<\/td>\n<td style=\"width: 266.209%; text-align: center;\" width=\"186\">CD P\u00f3voa<\/td>\n<\/tr>\n<tr>\n<td style=\"width: 47.3866%; text-align: center;\" width=\"130\">Marta Aleixo<\/td>\n<td style=\"width: 266.209%; text-align: center;\" width=\"186\">Esc. Sec. Madeira Torres<\/td>\n<\/tr>\n<tr>\n<td style=\"width: 47.3866%; text-align: center;\" width=\"130\">B\u00e1rbara Castro<\/td>\n<td style=\"width: 266.209%; text-align: center;\" width=\"186\">Esmoriz GC<\/td>\n<\/tr>\n<tr>\n<td style=\"width: 47.3866%; text-align: center;\" width=\"130\">Eva Rodrigues<\/td>\n<td style=\"width: 266.209%; text-align: center;\" width=\"186\">Esmoriz GC<\/td>\n<\/tr>\n<tr>\n<td style=\"width: 47.3866%; text-align: center;\" width=\"130\">Lara Lobo Carvalho<\/td>\n<td style=\"width: 266.209%; text-align: center;\" width=\"186\">Frei Gil VC<\/td>\n<\/tr>\n<tr>\n<td style=\"width: 47.3866%; text-align: center;\" width=\"130\">Margarida Gomes<\/td>\n<td style=\"width: 266.209%; text-align: center;\" width=\"186\">Lus\u00f3fona VC<\/td>\n<\/tr>\n<tr>\n<td style=\"width: 47.3866%; text-align: center;\" width=\"130\">Rita Ben\u00eddio<\/td>\n<td style=\"width: 266.209%; text-align: center;\" width=\"186\">PV 2014\/Col. Efanor<\/td>\n<\/tr>\n<tr>\n<td style=\"width: 47.3866%; text-align: center;\" width=\"130\">Lara Jorge Silva<\/td>\n<td style=\"width: 266.209%; text-align: center;\" width=\"186\">SC Braga<\/td>\n<\/tr>\n<tr>\n<td style=\"width: 47.3866%; text-align: center;\" width=\"130\">Martina Ribeiro<\/td>\n<td style=\"width: 266.209%; text-align: center;\" width=\"186\">SC Espinho<\/td>\n<\/tr>\n<tr>\n<td style=\"width: 47.3866%; text-align: center;\" width=\"130\">Mia Lima<\/td>\n<td style=\"width: 266.209%; text-align: center;\" width=\"186\">Volley4all<\/td>\n<\/tr>\n<tr>\n<td style=\"width: 47.3866%; text-align: center;\" width=\"130\">Rita Viegas<\/td>\n<td style=\"width: 266.209%; text-align: center;\" width=\"186\">Volley4all<\/td>\n<\/tr>\n<tr>\n<td style=\"width: 47.3866%; text-align: center;\" width=\"130\">Casandra Capraru<\/td>\n<td style=\"width: 266.209%; text-align: center;\" width=\"186\">Volley4all<\/td>\n<\/tr>\n<tr>\n<td style=\"width: 47.3866%; text-align: center;\" width=\"130\">Beatriz Silva<\/td>\n<td style=\"width: 266.209%; text-align: center;\" width=\"186\">Vit\u00f3ria SC<\/td>\n<\/tr>\n<\/tbody>\n<\/table>\n<p style=\"text-align: center;\"><strong>Est\u00e1gio com Espanha e Fran\u00e7a (na Corunha\/Espanha) \u2013 In\u00edcio a 27 Dezembro de 2022<\/strong><\/p>\n<table class=\" aligncenter\" style=\"width: 75.7101%;\" width=\"0\">\n<tbody>\n<tr>\n<td style=\"width: 11.7284%; text-align: center;\" width=\"72\"><span style=\"background-color: #808080; color: #ffffff;\"><strong>Dia<\/strong><\/span><\/td>\n<td style=\"width: 12.1914%; text-align: center;\" width=\"75\"><span style=\"background-color: #808080; color: #ffffff;\"><strong>2.\u00aa feira<\/strong><\/span><\/p>\n<p><span style=\"background-color: #808080; color: #ffffff;\"><strong>26.12.2022<\/strong><\/span><\/td>\n<td style=\"width: 12.1914%; text-align: center;\" width=\"75\"><span style=\"background-color: #808080; color: #ffffff;\"><strong>3.\u00aa feira<\/strong><\/span><\/p>\n<p><span style=\"background-color: #808080; color: #ffffff;\"><strong>27.12.2022<\/strong><\/span><\/td>\n<td style=\"width: 12.1914%; text-align: center;\" width=\"75\"><span style=\"background-color: #808080; color: #ffffff;\"><strong>4.\u00aa feira<\/strong><\/span><\/p>\n<p><span style=\"background-color: #808080; color: #ffffff;\"><strong>28.12.2022<\/strong><\/span><\/td>\n<td style=\"width: 11.8827%; text-align: center;\" width=\"66\"><span style=\"background-color: #808080; color: #ffffff;\"><strong>5.\u00aa feira<\/strong><\/span><\/p>\n<p><span style=\"background-color: #808080; color: #ffffff;\"><strong>29.12.2022<\/strong><\/span><\/td>\n<td style=\"width: 12.037%; text-align: center;\" width=\"72\"><span style=\"background-color: #808080; color: #ffffff;\"><strong>6.\u00aa feira<\/strong><\/span><\/p>\n<p><span style=\"background-color: #808080; color: #ffffff;\"><strong>30.12.2022<\/strong><\/span><\/td>\n<\/tr>\n<tr>\n<td style=\"width: 11.7284%; text-align: center;\" width=\"72\"><span style=\"background-color: #808080; color: #ffffff;\"><strong>Treino<\/strong><\/span><\/p>\n<p><span style=\"background-color: #808080; color: #ffffff;\"><strong>Manh\u00e3<\/strong><\/span><\/td>\n<td style=\"width: 12.1914%; text-align: center;\" width=\"75\">10h00<\/p>\n<p>12h00<\/td>\n<td style=\"width: 12.1914%; text-align: center;\" width=\"75\"><span style=\"text-decoration: underline;\">Viagem Galiza<\/span><\/p>\n<p>12h30<\/p>\n<p>13h30<\/td>\n<td style=\"width: 12.1914%; text-align: center;\" width=\"75\"><strong>Jogo 1<\/strong><\/p>\n<p><strong>POR x ESP<\/strong><\/p>\n<p><strong>12h00<\/strong><\/td>\n<td style=\"width: 11.8827%; text-align: center;\" width=\"66\"><strong>Jogo 3<\/strong><\/p>\n<p><strong>POR x FRA<\/strong><\/p>\n<p><strong>12h00<\/strong><\/td>\n<td style=\"width: 12.037%; text-align: center;\" width=\"72\"><strong>Jogo 4<\/strong><\/p>\n<p><strong>POR x ESP<\/strong><\/p>\n<p><strong>9h00<\/strong><\/td>\n<\/tr>\n<tr>\n<td style=\"width: 11.7284%; text-align: center;\" width=\"72\"><span style=\"background-color: #808080; color: #ffffff;\"><strong>Almo\u00e7o<\/strong><\/span><\/td>\n<td style=\"width: 12.1914%; text-align: center;\" width=\"75\">12h15<\/td>\n<td style=\"width: 12.1914%; text-align: center;\" width=\"75\">14h00<\/td>\n<td style=\"width: 12.1914%; text-align: center;\" width=\"75\">14h00<\/td>\n<td style=\"width: 11.8827%; text-align: center;\" width=\"66\">14h00<\/td>\n<td style=\"width: 12.037%; text-align: center;\" width=\"72\"><\/td>\n<\/tr>\n<tr>\n<td style=\"width: 11.7284%; text-align: center;\" width=\"72\"><span style=\"background-color: #808080; color: #ffffff;\"><strong>Treino<\/strong><\/span><\/p>\n<p><span style=\"background-color: #808080; color: #ffffff;\"><strong>Tarde<\/strong><\/span><\/td>\n<td style=\"width: 12.1914%; text-align: center;\" width=\"75\">15h30<\/p>\n<p>18h30<\/td>\n<td style=\"width: 12.1914%; text-align: center;\" width=\"75\">17h00<\/p>\n<p>19h00<\/td>\n<td style=\"width: 12.1914%; text-align: center;\" width=\"75\"><strong>Jogo 2<\/strong><\/p>\n<p><strong>POR x FRA<\/strong><\/p>\n<p><strong>20h00<\/strong><\/td>\n<td style=\"width: 11.8827%; text-align: center;\" width=\"66\"><\/td>\n<td style=\"width: 12.037%; text-align: center;\" width=\"72\">Ap\u00f3s o almo\u00e7o:<br \/>\n<span style=\"text-decoration: underline;\">Viagem para o Porto<\/span><\/td>\n<\/tr>\n<tr>\n<td style=\"width: 11.7284%; text-align: center;\" width=\"72\"><span style=\"background-color: #808080; color: #ffffff;\"><strong>Local<\/strong><\/span><\/td>\n<td style=\"width: 60.4939%;\" colspan=\"5\" width=\"513\">Os treinos decorrem no Pavilh\u00e3o da Escola Secund\u00e1ria Rodrigues de Freitas, no Porto &#8211; 1.\u00aa semana.<\/p>\n<p>Os jogos decorrem no Pavilh\u00e3o Municipal de San Sadurni\u00f1o (Espanha) &#8211; 2.\u00aa semana.<\/td>\n<\/tr>\n<\/tbody>\n<\/table>\n<p style=\"text-align: center;\"><span style=\"text-decoration: underline;\"><strong>Torneio WEVZA* \u2013 1.\u00aa Ronda de Qualifica\u00e7\u00e3o para o Campeonato da Europa de Sub-17 Femininos<\/strong><\/span><\/p>\n<p style=\"text-align: center;\"><span style=\"text-decoration: underline;\"><strong>Pool B \u2013 (horas locais\/Gr\u00fcnheide)<\/strong><\/span><br \/>\n<strong>Kienbaum \u2013 Olympic and Paralympic Training Center<\/strong><\/p>\n<p style=\"text-align: center;\"><strong>4.01.2023<\/strong><br \/>\n12h00 \u2013 Pa\u00edses Baixos x PORTUGAL<br \/>\n15h00 \u2013 B\u00e9lgica x Espanha<\/p>\n<p style=\"text-align: center;\"><strong>5.01.2023<\/strong><br \/>\n9h30 \u2013 B\u00e9lgica x PORTUGAL<br \/>\n12h00 \u2013 Pa\u00edses Baixos Espanha<\/p>\n<p style=\"text-align: center;\"><strong>6.01.2023<\/strong><br \/>\n9h30 \u2013 PORTUGAL x Espanha<br \/>\n15h00 \u2013 B\u00e9lgica x Pa\u00edses Baixos<\/p>\n<p style=\"text-align: center;\"><strong>7.01.2023<\/strong><br \/>\nMeias-finais e jogos de ranqueamento<br \/>\ncom equipas da Pool A (It\u00e1lia, Inglaterra, Alemanha e Fran\u00e7a)<\/p>\n<p style=\"text-align: left;\"><span style=\"font-family: georgia, palatino, serif; font-size: 12pt;\"><span style=\"font-size: 10pt;\">* Mais conhecida pela sigla WEVZA, a <strong>Western European Volleyball Zonal Association (<\/strong><strong>Associa\u00e7\u00e3o Zonal de Voleibol do Oeste Europeu) <\/strong>foi constitu\u00edda no dia 26 de Setembro de 2013, integra oito pa\u00edses \u2013 Portugal, Espanha, Alemanha, B\u00e9lgica, It\u00e1lia, Holanda, Fran\u00e7a e Su\u00ed\u00e7a \u2013 e tem actualmente como Presidente o portugu\u00eas Vicente Ara\u00fajo, Presidente da FPV, e como Vice-Presidentes o franc\u00eas Eric Tanguy, Presidente da Federa\u00e7\u00e3o Francesa, e o belga Claude Kriescher, representante da Federa\u00e7\u00e3o Belga.<\/span><\/span><br \/>\n<span style=\"font-family: georgia, palatino, serif; font-size: 10pt;\">O objectivo primordial desta associa\u00e7\u00e3o zonal \u00e9 fortalecer e fomentar a organiza\u00e7\u00e3o de actividades desportivas, tanto de Voleibol como de Voleibol de Praia, com especial \u00eanfase nas categorias de forma\u00e7\u00e3o.<\/span><br \/>\n<span style=\"font-family: georgia, palatino, serif; font-size: 10pt;\">A Confedera\u00e7\u00e3o Europeia de Voleibol (CEV) conta com seis associa\u00e7\u00f5es zonais: a WEVZA (Europa Ocidental), a BVA (Balc\u00e3s), a EEVZA (Europa de Leste), a MEVZA (Europa Central), a NEVZA (Europa do Norte) e ainda a SCD (Divis\u00e3o dos Pequenos Pa\u00edses), da qual fazem parte Andorra, Chipre, Ilhas Faro\u00e9, Gibraltar, Gronel\u00e2ndia, Isl\u00e2ndia, Irlanda, Liechtenstein, Luxemburgo, Malta, M\u00f3naco, Irlanda do Norte, San Marino, Esc\u00f3cia e Pa\u00eds de Gales.<\/span><\/p>\n<p style=\"text-align: center;\"><span style=\"font-family: georgia, palatino, serif; font-size: 12pt;\">Mais informa\u00e7\u00f5es na <a href=\"https:\/\/www.cev.eu\/\">CEV<\/a> e <a href=\"http:\/\/www.wevza.com\">WEVZA<\/a><\/span><\/p>\n","protected":false},"excerpt":{"rendered":"<p>A Selec\u00e7\u00e3o Nacional de Sub-17 Femininos vai defrontar, em quatro jogos amig\u00e1veis, as suas cong\u00e9neres de Espanha e Fran\u00e7a no Pavilh\u00e3o Municipal de San Sadurni\u00f1o, na prov\u00edncia espanhola da Corunha, [&hellip;]<\/p>\n","protected":false},"author":2,"featured_media":21458,"comment_status":"open","ping_status":"open","sticky":false,"template":"","format":"standard","meta":{"_monsterinsights_skip_tracking":false,"_monsterinsights_sitenote_active":false,"_monsterinsights_sitenote_note":"","_monsterinsights_sitenote_category":0,"footnotes":""},"categories":[11,8],"tags":[50],"class_list":{"0":"post-21452","1":"post","2":"type-post","3":"status-publish","4":"format-standard","5":"has-post-thumbnail","7":"category-formacao","8":"category-voleibol","9":"tag-wevza","10":"czr-hentry"},"aioseo_notices":[],"_links":{"self":[{"href":"https:\/\/fpvoleibol.pt\/fpv\/wp-json\/wp\/v2\/posts\/21452","targetHints":{"allow":["GET"]}}],"collection":[{"href":"https:\/\/fpvoleibol.pt\/fpv\/wp-json\/wp\/v2\/posts"}],"about":[{"href":"https:\/\/fpvoleibol.pt\/fpv\/wp-json\/wp\/v2\/types\/post"}],"author":[{"embeddable":true,"href":"https:\/\/fpvoleibol.pt\/fpv\/wp-json\/wp\/v2\/users\/2"}],"replies":[{"embeddable":true,"href":"https:\/\/fpvoleibol.pt\/fpv\/wp-json\/wp\/v2\/comments?post=21452"}],"version-history":[{"count":7,"href":"https:\/\/fpvoleibol.pt\/fpv\/wp-json\/wp\/v2\/posts\/21452\/revisions"}],"predecessor-version":[{"id":21461,"href":"https:\/\/fpvoleibol.pt\/fpv\/wp-json\/wp\/v2\/posts\/21452\/revisions\/21461"}],"wp:featuredmedia":[{"embeddable":true,"href":"https:\/\/fpvoleibol.pt\/fpv\/wp-json\/wp\/v2\/media\/21458"}],"wp:attachment":[{"href":"https:\/\/fpvoleibol.pt\/fpv\/wp-json\/wp\/v2\/media?parent=21452"}],"wp:term":[{"taxonomy":"category","embeddable":true,"href":"https:\/\/fpvoleibol.pt\/fpv\/wp-json\/wp\/v2\/categories?post=21452"},{"taxonomy":"post_tag","embeddable":true,"href":"https:\/\/fpvoleibol.pt\/fpv\/wp-json\/wp\/v2\/tags?post=21452"}],"curies":[{"name":"wp","href":"https:\/\/api.w.org\/{rel}","templated":true}]}}