{"id":21147,"date":"2022-12-07T11:13:30","date_gmt":"2022-12-07T11:13:30","guid":{"rendered":"https:\/\/fpvoleibol.pt\/fpv\/?p=21147"},"modified":"2022-12-07T11:13:30","modified_gmt":"2022-12-07T11:13:30","slug":"13-a-jornada-da-liga-lidl-2","status":"publish","type":"post","link":"https:\/\/fpvoleibol.pt\/fpv\/2022\/12\/07\/13-a-jornada-da-liga-lidl-2\/","title":{"rendered":"13. \u00aa JORNADA DA LIGA LIDL"},"content":{"rendered":"<p><img loading=\"lazy\" decoding=\"async\" class=\"size-full wp-image-17761 aligncenter\" src=\"https:\/\/fpvoleibol.pt\/fpv\/wp-content\/uploads\/2022\/07\/noticias_lidl_2022-2023_d2.jpg\" alt=\"\" width=\"960\" height=\"542\" srcset=\"https:\/\/fpvoleibol.pt\/fpv\/wp-content\/uploads\/2022\/07\/noticias_lidl_2022-2023_d2.jpg 960w, https:\/\/fpvoleibol.pt\/fpv\/wp-content\/uploads\/2022\/07\/noticias_lidl_2022-2023_d2-300x169.jpg 300w, https:\/\/fpvoleibol.pt\/fpv\/wp-content\/uploads\/2022\/07\/noticias_lidl_2022-2023_d2-768x434.jpg 768w, https:\/\/fpvoleibol.pt\/fpv\/wp-content\/uploads\/2022\/07\/noticias_lidl_2022-2023_d2-528x297.jpg 528w\" sizes=\"auto, (max-width: 960px) 100vw, 960px\" \/>O <strong>GC Vilacondense x SC Braga\/U. Minho<\/strong>, que ter\u00e1 transmiss\u00e3o em directo na <a href=\"https:\/\/youtu.be\/swE3IhYOShM\">Volei TV<\/a>, \u00e9 o jogo <em>mais quente<\/em> da 13.\u00aa e derradeira jornada da 1.\u00aa Fase da Liga Lidl, j\u00e1 que o vencedor integrar\u00e1, na 2.\u00aa Fase, a S\u00e9rie A, enquanto o derrotado ter\u00e1 de disputar a S\u00e9rie A2.<br \/>\nDestaque ainda para os jogos SL Benfica (6.\u00ba classificado) x Clube Kair\u00f3s (3.\u00ba) e Leix\u00f5es SC (7.\u00ba) x Vit\u00f3ria SC (5.\u00ba).<\/p>\n<p style=\"text-align: center;\"><span style=\"text-decoration: underline;\"><strong>13.\u00aa Jornada<\/strong><\/span><\/p>\n<p><span style=\"text-decoration: underline;\"><strong>8.12.2022<br \/>\n<\/strong><\/span><strong>11h00<\/strong> \u2013 <a href=\"https:\/\/fpv-web.dataproject.com\/CompetitionTeamDetails.aspx?TeamID=754&amp;ID=71\">CS Madeira<\/a> x <a href=\"https:\/\/fpv-web.dataproject.com\/CompetitionTeamDetails.aspx?TeamID=614&amp;ID=71\">PV 2014\/Col\u00e9gio Efanor<\/a>, no Pavilh\u00e3o da Levada<br \/>\n<strong>18h00<\/strong> \u2013 <a href=\"https:\/\/fpv-web.dataproject.com\/CompetitionTeamDetails.aspx?TeamID=616&amp;ID=71\">SL Benfica<\/a> x <a href=\"https:\/\/fpv-web.dataproject.com\/CompetitionTeamDetails.aspx?TeamID=611&amp;ID=71\">Clube Kair\u00f3s<\/a>, no Pav. N.\u00ba 2 do Est\u00e1dio da Luz<br \/>\n<strong>16h00<\/strong> \u2013 <a href=\"https:\/\/fpv-web.dataproject.com\/CompetitionTeamDetails.aspx?TeamID=604&amp;ID=71\">Leix\u00f5es SC<\/a> x <a href=\"https:\/\/fpv-web.dataproject.com\/CompetitionTeamDetails.aspx?TeamID=617&amp;ID=71\">Vit\u00f3ria SC<\/a>, na Nave Il\u00eddio Ramos &#8211; CDC Matosinhos<br \/>\n<strong>15h00<\/strong> \u2013 <a href=\"https:\/\/fpv-web.dataproject.com\/CompetitionTeamDetails.aspx?TeamID=603&amp;ID=71\">AJM\/FC Porto<\/a> x <a href=\"https:\/\/fpv-web.dataproject.com\/CompetitionTeamDetails.aspx?TeamID=615&amp;ID=71\">SC Espinho<\/a>, no Pav. Centro Luso Venezolano<br \/>\n<strong>16h00<\/strong> \u2013 <a href=\"https:\/\/fpv-web.dataproject.com\/CompetitionTeamDetails.aspx?TeamID=610&amp;ID=71\">Cast\u00ealo da Maia GC<\/a> x <a href=\"https:\/\/fpv-web.dataproject.com\/CompetitionTeamDetails.aspx?TeamID=618&amp;ID=71\">Sporting CP<\/a>, no Pav. Cast\u00ealo da Maia GC<br \/>\n<strong>16h00<\/strong> \u2013 <a href=\"https:\/\/fpv-web.dataproject.com\/CompetitionTeamDetails.aspx?TeamID=608&amp;ID=71\">Boavista FC<\/a> x <a href=\"https:\/\/fpv-web.dataproject.com\/CompetitionTeamDetails.aspx?TeamID=607&amp;ID=71\">AVC Famalic\u00e3o<\/a>, no Pav. Esc. EB 2\/3 Irene Lisboa<br \/>\n<strong>16h00<\/strong> \u2013 <a href=\"https:\/\/fpv-web.dataproject.com\/CompetitionTeamDetails.aspx?TeamID=612&amp;ID=71\">GC Vilacondense<\/a> x <a href=\"https:\/\/fpv-web.dataproject.com\/CompetitionTeamDetails.aspx?TeamID=740&amp;ID=71\">SC Braga\/U. Minho<\/a>, Pav. Desp. Vila do Conde \u2013 em directo na <a href=\"https:\/\/youtu.be\/swE3IhYOShM\">Volei TV<\/a><\/p>\n<p>A S\u00e9rie A, que envolve os 8 primeiros classificados da 1.\u00aa Fase, e a S\u00e9rie A2, que envolve as equipas classificadas do 9.\u00ba ao 14.\u00ba lugar na 1.\u00aa Fase, <em>arrancam<\/em>, respectivamente, no dia 11 e no dia 18 de Dezembro. Da 1.\u00aa para a 2.\u00aa Fase passam 20 por cento do n\u00famero das vit\u00f3rias e 20% dos pontos. Ver mais informa\u00e7\u00f5es <a href=\"https:\/\/fpvoleibol.pt\/fpv\/wp-content\/uploads\/2022\/10\/LigaLidl_2022_2023_ESQP.pdf\">AQUI<\/a><\/p>\n<p style=\"text-align: center;\"><a href=\"https:\/\/fpv-web.dataproject.com\/MainHome.aspx?\"><strong>LIGA LIDL<\/strong><\/a><\/p>\n<p style=\"text-align: center;\" align=\"justify\">Calend\u00e1rio**, resultados, estat\u00edstica e <em>live streaming<\/em> em <a href=\"https:\/\/fpv-web.dataproject.com\/MainHome.aspx?\">https:\/\/fpv-web.dataproject.com\/MainHome.aspx?<\/a><br \/>\nEquipas de arbitragem em <a href=\"https:\/\/fpvoleibol.pt\/fpv\/arbitragem\/nomeacoes\/\">https:\/\/fpvoleibol.pt\/fpv\/arbitragem\/nomeacoes\/<\/a><\/p>\n<p style=\"text-align: center;\"><span style=\"text-decoration: underline;\"><strong>Ver plant\u00e9is das equipas <a href=\"https:\/\/fpv-web.dataproject.com\/CompetitionHome.aspx?ID=71\">aqui<\/a> e\u00a0<\/strong><\/span><a href=\"https:\/\/www.fpvoleibol.pt\/regulamentos\/reg_esc_seniores_.pdf?_ga=2.223434008.2033278361.1665046311-2000524458.1664183223\">Modo de disputa 2022\/2023<\/a><br \/>\n<strong><span style=\"font-size: 8pt;\">** As horas e datas poder\u00e3o sofrer eventuais altera\u00e7\u00f5es<\/span><\/strong><\/p>\n","protected":false},"excerpt":{"rendered":"<p>O GC Vilacondense x SC Braga\/U. Minho, que ter\u00e1 transmiss\u00e3o em directo na Volei TV, \u00e9 o jogo mais quente da 13.\u00aa e derradeira jornada da 1.\u00aa Fase da Liga [&hellip;]<\/p>\n","protected":false},"author":2,"featured_media":9829,"comment_status":"open","ping_status":"open","sticky":false,"template":"","format":"standard","meta":{"_monsterinsights_skip_tracking":false,"_monsterinsights_sitenote_active":false,"_monsterinsights_sitenote_note":"","_monsterinsights_sitenote_category":0,"footnotes":""},"categories":[13,8],"tags":[71,55],"class_list":{"0":"post-21147","1":"post","2":"type-post","3":"status-publish","4":"format-standard","5":"has-post-thumbnail","7":"category-arbitragem","8":"category-voleibol","9":"tag-epoca-2022-2023","10":"tag-liga-lidl","11":"czr-hentry"},"aioseo_notices":[],"_links":{"self":[{"href":"https:\/\/fpvoleibol.pt\/fpv\/wp-json\/wp\/v2\/posts\/21147","targetHints":{"allow":["GET"]}}],"collection":[{"href":"https:\/\/fpvoleibol.pt\/fpv\/wp-json\/wp\/v2\/posts"}],"about":[{"href":"https:\/\/fpvoleibol.pt\/fpv\/wp-json\/wp\/v2\/types\/post"}],"author":[{"embeddable":true,"href":"https:\/\/fpvoleibol.pt\/fpv\/wp-json\/wp\/v2\/users\/2"}],"replies":[{"embeddable":true,"href":"https:\/\/fpvoleibol.pt\/fpv\/wp-json\/wp\/v2\/comments?post=21147"}],"version-history":[{"count":4,"href":"https:\/\/fpvoleibol.pt\/fpv\/wp-json\/wp\/v2\/posts\/21147\/revisions"}],"predecessor-version":[{"id":21151,"href":"https:\/\/fpvoleibol.pt\/fpv\/wp-json\/wp\/v2\/posts\/21147\/revisions\/21151"}],"wp:featuredmedia":[{"embeddable":true,"href":"https:\/\/fpvoleibol.pt\/fpv\/wp-json\/wp\/v2\/media\/9829"}],"wp:attachment":[{"href":"https:\/\/fpvoleibol.pt\/fpv\/wp-json\/wp\/v2\/media?parent=21147"}],"wp:term":[{"taxonomy":"category","embeddable":true,"href":"https:\/\/fpvoleibol.pt\/fpv\/wp-json\/wp\/v2\/categories?post=21147"},{"taxonomy":"post_tag","embeddable":true,"href":"https:\/\/fpvoleibol.pt\/fpv\/wp-json\/wp\/v2\/tags?post=21147"}],"curies":[{"name":"wp","href":"https:\/\/api.w.org\/{rel}","templated":true}]}}