{"id":2108,"date":"2020-10-30T09:22:29","date_gmt":"2020-10-30T08:22:29","guid":{"rendered":"https:\/\/fpvoleibol.pt\/fpv\/?p=2108"},"modified":"2020-10-30T09:22:29","modified_gmt":"2020-10-30T08:22:29","slug":"adiamento-de-todos-os-jogos","status":"publish","type":"post","link":"https:\/\/fpvoleibol.pt\/fpv\/2020\/10\/30\/adiamento-de-todos-os-jogos\/","title":{"rendered":"ADIAMENTO DE TODOS OS JOGOS"},"content":{"rendered":"<p><img loading=\"lazy\" decoding=\"async\" class=\"alignnone size-full wp-image-2110\" src=\"https:\/\/fpvoleibol.pt\/fpv\/wp-content\/uploads\/2020\/10\/feds5novo.jpg\" alt=\"\" width=\"960\" height=\"540\" srcset=\"https:\/\/fpvoleibol.pt\/fpv\/wp-content\/uploads\/2020\/10\/feds5novo.jpg 960w, https:\/\/fpvoleibol.pt\/fpv\/wp-content\/uploads\/2020\/10\/feds5novo-300x169.jpg 300w, https:\/\/fpvoleibol.pt\/fpv\/wp-content\/uploads\/2020\/10\/feds5novo-768x432.jpg 768w, https:\/\/fpvoleibol.pt\/fpv\/wp-content\/uploads\/2020\/10\/feds5novo-528x297.jpg 528w\" sizes=\"auto, (max-width: 960px) 100vw, 960px\" \/><\/p>\n<p>Tendo em considera\u00e7\u00e3o a gravidade da pandemia de Covid-19 que o Pa\u00eds atravessa e as medidas decretadas pelo Governo, definindo medidas especiais aplic\u00e1veis aos concelhos de Felgueiras, Lousada e Pa\u00e7os de Ferreira e limitando a circula\u00e7\u00e3o entre diferentes concelhos do territ\u00f3rio continental no per\u00edodo entre as 00h00 de 30 de Outubro e as 6h00 de 3 de Novembro de 2020, foi decidida a altera\u00e7\u00e3o completa das pr\u00f3ximas jornadas das provas organizadas pelas Federa\u00e7\u00f5es de Andebol, Basquetebol, Futebol (Futsal), Patinagem e Voleibol nas referidas datas.<\/p>\n<p style=\"text-align: center;\"><strong>COMUNICADO CONJUNTO<\/strong><\/p>\n<p>&#8220;Informamos que, face ao contexto de sa\u00fade p\u00fablica existente e \u00e0s medidas decretadas pelo Governo atrav\u00e9s da publica\u00e7\u00e3o da Resolu\u00e7\u00e3o do Conselho de Ministros n.\u00ba 88-B\/2020, que define medidas especiais aplic\u00e1veis aos concelhos de Felgueiras, Lousada e Pa\u00e7os de Ferreira no \u00e2mbito da situa\u00e7\u00e3o de calamidade, e da Resolu\u00e7\u00e3o do Conselho de Ministros n.\u00ba 89-A\/2020, que determina a limita\u00e7\u00e3o de circula\u00e7\u00e3o entre diferentes concelhos do territ\u00f3rio continental no per\u00edodo entre as 00h00 de 30 de outubro e as 06h00 de dia 3 de novembro de 2020, \u00e9 decidida a altera\u00e7\u00e3o completa da pr\u00f3xima jornada das provas presentemente organizadas pelas 5 Federa\u00e7\u00f5es.<\/p>\n<p>Nessa medida, os jogos agendados nas datas acima mencionadas n\u00e3o se ir\u00e3o realizar e ser\u00e3o indicadas novas datas oportunamente.<\/p>\n<p>A decis\u00e3o de suspender as atividades desportivas n\u00e3o profissionais foi comunicada pelo Governo \u00e0s federa\u00e7\u00f5es desportivas esta quinta-feira e apelamos \u00e0 melhor compreens\u00e3o de todos no sentido de a cumprir&#8221;.<\/p>\n<p>Ver comunicado conjunto das 5 Federa\u00e7\u00f5es na \u00edntegra <a href=\"http:\/\/www.fpvoleibol.pt\/noticias\/2020\/Comunicado5federacoes20201029.pdf\">aqui<\/a><\/p>\n","protected":false},"excerpt":{"rendered":"<p>Tendo em considera\u00e7\u00e3o a gravidade da pandemia de Covid-19 que o Pa\u00eds atravessa e as medidas decretadas pelo Governo, definindo medidas especiais aplic\u00e1veis aos concelhos de Felgueiras, Lousada e Pa\u00e7os [&hellip;]<\/p>\n","protected":false},"author":2,"featured_media":2110,"comment_status":"open","ping_status":"open","sticky":false,"template":"","format":"standard","meta":{"_monsterinsights_skip_tracking":false,"_monsterinsights_sitenote_active":false,"_monsterinsights_sitenote_note":"","_monsterinsights_sitenote_category":0,"footnotes":""},"categories":[25,15,8],"tags":[],"class_list":{"0":"post-2108","1":"post","2":"type-post","3":"status-publish","4":"format-standard","5":"has-post-thumbnail","7":"category-comunicados","8":"category-diversos","9":"category-voleibol","10":"czr-hentry"},"aioseo_notices":[],"_links":{"self":[{"href":"https:\/\/fpvoleibol.pt\/fpv\/wp-json\/wp\/v2\/posts\/2108","targetHints":{"allow":["GET"]}}],"collection":[{"href":"https:\/\/fpvoleibol.pt\/fpv\/wp-json\/wp\/v2\/posts"}],"about":[{"href":"https:\/\/fpvoleibol.pt\/fpv\/wp-json\/wp\/v2\/types\/post"}],"author":[{"embeddable":true,"href":"https:\/\/fpvoleibol.pt\/fpv\/wp-json\/wp\/v2\/users\/2"}],"replies":[{"embeddable":true,"href":"https:\/\/fpvoleibol.pt\/fpv\/wp-json\/wp\/v2\/comments?post=2108"}],"version-history":[{"count":3,"href":"https:\/\/fpvoleibol.pt\/fpv\/wp-json\/wp\/v2\/posts\/2108\/revisions"}],"predecessor-version":[{"id":2113,"href":"https:\/\/fpvoleibol.pt\/fpv\/wp-json\/wp\/v2\/posts\/2108\/revisions\/2113"}],"wp:featuredmedia":[{"embeddable":true,"href":"https:\/\/fpvoleibol.pt\/fpv\/wp-json\/wp\/v2\/media\/2110"}],"wp:attachment":[{"href":"https:\/\/fpvoleibol.pt\/fpv\/wp-json\/wp\/v2\/media?parent=2108"}],"wp:term":[{"taxonomy":"category","embeddable":true,"href":"https:\/\/fpvoleibol.pt\/fpv\/wp-json\/wp\/v2\/categories?post=2108"},{"taxonomy":"post_tag","embeddable":true,"href":"https:\/\/fpvoleibol.pt\/fpv\/wp-json\/wp\/v2\/tags?post=2108"}],"curies":[{"name":"wp","href":"https:\/\/api.w.org\/{rel}","templated":true}]}}