{"id":20859,"date":"2022-11-22T21:43:49","date_gmt":"2022-11-22T21:43:49","guid":{"rendered":"https:\/\/fpvoleibol.pt\/fpv\/?p=20859"},"modified":"2022-11-22T21:43:49","modified_gmt":"2022-11-22T21:43:49","slug":"dragao-com-chama-na-challenge-cup","status":"publish","type":"post","link":"https:\/\/fpvoleibol.pt\/fpv\/2022\/11\/22\/dragao-com-chama-na-challenge-cup\/","title":{"rendered":"DRAG\u00c3O COM CHAMA NA CHALLENGE CUP"},"content":{"rendered":"<p><img loading=\"lazy\" decoding=\"async\" class=\"size-full wp-image-20861 aligncenter\" src=\"https:\/\/fpvoleibol.pt\/fpv\/wp-content\/uploads\/2022\/11\/joanaresende.jpg\" alt=\"\" width=\"960\" height=\"570\" srcset=\"https:\/\/fpvoleibol.pt\/fpv\/wp-content\/uploads\/2022\/11\/joanaresende.jpg 960w, https:\/\/fpvoleibol.pt\/fpv\/wp-content\/uploads\/2022\/11\/joanaresende-300x178.jpg 300w, https:\/\/fpvoleibol.pt\/fpv\/wp-content\/uploads\/2022\/11\/joanaresende-768x456.jpg 768w\" sizes=\"auto, (max-width: 960px) 100vw, 960px\" \/>A equipa de seniores femininos da <a href=\"https:\/\/www.facebook.com\/profile.php?id=100063835081677\"><strong>AJM\/FC Porto<\/strong><\/a>, campe\u00e3 nacional em t\u00edtulo, estreou-se da melhor maneira na Challenge Cup 2022\/2023 ao derrotar, hoje, pela margem m\u00e1xima <a href=\"https:\/\/www-old.cev.eu\/Competition-Area\/MatchStatistics.aspx?ID=63796\">(3-0: 25-20, 25-17 e 25-18<\/a>) as neerlandesas do <span style=\"text-decoration: underline;\">Apollo Borne 8, na primeira m\u00e3o dos 32 avos-de-final.<\/span><\/p>\n<p>Neste jogo disputado no Drag\u00e3o Arena, as portistas Kyra Holt e Clarisse Peixoto, ambas com 11 pontos, foram as melhores pontuadoras do jogo.. Ver mais informa\u00e7\u00f5es <a href=\"https:\/\/www-old.cev.eu\/Competition-Area\/MatchStatistics.aspx?ID=63796\">AQUI<\/a><\/p>\n<p>A segunda m\u00e3o, a disputar nos Pa\u00edses Baixos, est\u00e1 agendada para o dia 30 de Novembro. Ver mais informa\u00e7\u00f5es <a href=\"https:\/\/www.cev.eu\/match-centres\/2023-european-cups\/cev-volleyball-challenge-cup-2023-women\/chcw-24-apollo-8-borne-v-ajm-fc-porto\/\">AQUI<\/a><br \/>\nCom o triunfo averbado no primeiro jogo, para passarem \u00e0 fase seguinte, as portuguesas precisam <em>apenas<\/em> de voltar a vencer por qualquer resultado, podendo mesmo perder pela diferen\u00e7a m\u00ednima (2-3). Se perderem por 1-3 ou 0-3, ter\u00e3o de disputar um <a href=\"https:\/\/fpvoleibol.pt\/fpv\/wp-content\/uploads\/2021\/10\/Golden_Set_Clubs.pdf\">Golden Set<\/a>.<\/p>\n<p>Em 2021, a AJM\/FC Porto foi 9.\u00aa classificada na Challenge Cup, alcan\u00e7ando a mesma classifica\u00e7\u00e3o na <a href=\"https:\/\/www-old.cev.eu\/Competition-Area\/competition.aspx?ID=1320&amp;PID=-2\">Ta\u00e7a CEV<\/a>, em 2022.<\/p>\n<p>Por seu turno, as a\u00e7orianas do <strong>Clube Kair\u00f3<\/strong>s v\u00e3o defrontar, igualmente nos 32 avos-de-final, as su\u00ed\u00e7as do TS Volley Dudingen, primeiro <em>extra muros<\/em>, em jogo que ter\u00e1 lugar no dia <strong>24 de Novembro <\/strong>(quinta-feira) e ser\u00e1 arbitrado por Florin Dragomir (Rom\u00e9nia) e Andreas Constantinides (Chipre).\u00a0Ver mais informa\u00e7\u00f5es <a href=\"https:\/\/www.cev.eu\/match-centres\/2023-european-cups\/cev-volleyball-challenge-cup-2023-women\/chcw-33-ts-volley-dudingen-v-kairos-ponta-delgada\/\">AQUI<\/a><br \/>\nA segunda m\u00e3o est\u00e1 agendada para o dia 30 de Novembro, no Complexo Desportivo das Laranjeiras. Ver mais informa\u00e7\u00f5es <a href=\"https:\/\/www.cev.eu\/match-centres\/2023-european-cups\/cev-volleyball-challenge-cup-2023-women\/chcw-34-kairos-ponta-delgada-v-ts-volley-dudingen\/\">AQUI<\/a><br \/>\nEm 2021, o <strong>Clube K<\/strong> passou pela primeira vez da 2.\u00aa ronda e s\u00f3 seria eliminado nos quartos-de-final pelas turcas do Sistem9 Yesilyurt Istanbul, que se sagrariam vencedoras da prova.<\/p>\n<p>Na <a href=\"https:\/\/www.cev.eu\/club\/volleyball-challenge-cup\/men\/\">Challenge Cup<\/a> \u2013 masculinos, a\u00a0<strong>AJ Fonte do Bastardo<\/strong> vai defrontar, nos oitavos-de-final, os <span style=\"text-decoration: underline;\">est\u00f3nios do SC Duo Tartu,<\/span> sendo que o <a href=\"https:\/\/www.cev.eu\/match-centres\/2023-european-cups\/cev-volleyball-challenge-cup-2023-men\/chcm-69-sc-duo-tartu-v-a-j-fonte-bastardo\/\">primeiro jogo<\/a> ser\u00e1 realizado <em>fora,<\/em> no dia 30 Novembro, e o segundo no dia 14 Dezembro, no Complexo Desportivo Vitorino Nem\u00e9sio.<\/p>\n<p>Igualmente nos oitavos-de-final, o <strong>Sporting CP<\/strong> defronta os espanh\u00f3is do CV Melilla (Espanha), sendo que o <a href=\"https:\/\/www.cev.eu\/match-centres\/2023-european-cups\/cev-volleyball-challenge-cup-2023-men\/chcm-71-cv-melilla-v-sporting-cp-lisboa\/\">primeiro jogo<\/a> ser\u00e1 realizado <em>extra muros<\/em> no dia 30 Novembro.<br \/>\nA segunda m\u00e3o est\u00e1 agendada para o dia 14 de Dezembro, no Pavilh\u00e3o Jo\u00e3o Rocha.<\/p>\n<p>Em 2019, o Sporting CP foi 3.\u00ba classificado, ap\u00f3s ter sido afastado da final pelos italianos do Vero Volley Monza, e em 2020 atingiu novamente as meias-finais, antes da prova ter sido interrompida pela pandemia.<\/p>\n<p>Na <a href=\"https:\/\/championsleague.cev.eu\/en\/men\/#4th-rd\">Liga dos Campe\u00f5es<\/a>, a\u00a0equipa de seniores masculinos do <strong>SL Benfica<\/strong> recebe os franceses do Tours VB no dia 29 de Novembro, em jogo da 3.\u00aa jornada da Pool C na <a href=\"https:\/\/championsleague.cev.eu\/en\/men\/#4th-rd\">4.\u00aa Ronda<\/a>.<br \/>\nEm 2021\/2022, saldou-se por um 9.\u00ba lugar a participa\u00e7\u00e3o dos <em>encarnados da Luz<\/em>\u00a0na Liga dos Campe\u00f5es, que n\u00e3o teve campe\u00e3o na edi\u00e7\u00e3o de 2020 devido \u00e0 pandemia de COVID-19 e foi vencida sensacionalmente em 2021 e 2022 pelos polacos do Grupa Azoty Kedzierzyn Kozle.<br \/>\nO regresso \u00e0 <em>Champions<\/em> segue-se a v\u00e1rias participa\u00e7\u00f5es na Challenge Cup, onde chegaram a ser vice-campe\u00f5es em 2014\/2015 e 3.\u00bas classificados na \u00e9poca seguinte.<br \/>\nEm 2019\/2020, \u00e9poca em que n\u00e3o foi atribu\u00eddo o t\u00edtulo de campe\u00e3o europeu, o SL Benfica defrontou, na fase de grupos da Liga dos Campe\u00f5es, os italianos do Sir Sicoma Monini Perugia, os franceses do Tours VB e os polacos do Verva Warszawa Orlen, tendo averbado apenas um triunfo, em casa, diante dos polacos, e ocupado o 16.\u00ba lugar final.<\/p>\n<p>O vencedor da\u00a0<strong>Liga dos Campe\u00f5es<\/strong>\u00a0(masculinos ou femininos) receber\u00e1 500 mil euros de pr\u00e9mio, o 2.\u00ba classificado 250 mil euros e o 3.\u00ba classificado 125 mil euros.<br \/>\nNa\u00a0<strong>Ta\u00e7a CEV<\/strong>, o vencedor (masculinos ou femininos) receber\u00e1 80 mil euros de pr\u00e9mio, o 2.\u00ba classificado 60 mil euros e os 3.\u00bas classificados 30 mil euros.<br \/>\nNa\u00a0<strong>Challenge CEV<\/strong>, o vencedor (masculinos ou femininos) receber\u00e1 50 mil euros de pr\u00e9mio, o 2.\u00ba classificado 30 mil euros e os 3.\u00bas classificados 15 mil euros.<\/p>\n<p style=\"text-align: center;\"><span style=\"text-decoration: underline;\"><strong>\u00c1rbitros portugueses em ac\u00e7\u00e3o<\/strong><\/span><\/p>\n<p><b>Arnaldo Rocha<\/b><br \/>\n<span style=\"text-decoration: underline;\">Supervisor CEV no jogo AJM\/FC Porto x Apollo Borne 8, dos 32 avos-de-final da Challenge Cup \u2013 femininos, no dia 22 de Novembro de 2022.<br \/>\nSupervisor CEV<\/span> no jogo Narbonne Volley (Fran\u00e7a) x PGE Skra Belchatow, dos oitavos-de-final da Ta\u00e7a CEV &#8211; masculinos, no dia 29 de Novembro de 2022.<\/p>\n<p><strong>V\u00edtor Gon\u00e7alves<\/strong><br \/>\nOpowervolleys Duren (Alemanha) x Sir Sicoma Monini Perugia (It\u00e1lia), da Pool E da 4.\u00aa Ronda da Liga dos Campe\u00f5es &#8211; masculinos, no dia 29 de Novembro de 2022.<br \/>\nVero Volley Milano (It\u00e1lia) x SC \u00abPrometey\u00bb Dnipro (Ucr\u00e2nia), da Pool B da 4.\u00aa Ronda da Liga dos Campe\u00f5es &#8211; femininos, no dia 7 de Dezembro de 2022.<br \/>\nMontpellier HSC VB (Fran\u00e7a) x VfB Friedrichshafen (Alemanha), da Pool A da 4.\u00aa Ronda da Liga dos Campe\u00f5es &#8211; masculinos, no dia 10 de Janeiro de 2023.<\/p>\n<p><strong>Pedro Pinto<\/strong><br \/>\nTrentino Itas (It\u00e1lia) x Cez Karlovarsko (Ch\u00e9quia), da Pool D da 4.\u00aa Ronda da Liga dos Campe\u00f5es &#8211; masculinos, no dia 15 de Dezembro de 2022.<br \/>\nVolero Le Cannet (Su\u00ed\u00e7a) x Vero Volley Monza (It\u00e1lia), da Pool B da 4.\u00aa Ronda da Liga dos Campe\u00f5es &#8211; femininos, no dia 12 de Janeiro de 2023.<\/p>\n<p><strong>Ricardo Ferreira<br \/>\n<\/strong>Developres Rzesz\u00f3w (Pol\u00f3nia) x Volley Mulhouse Alsace (Fran\u00e7a), da Pool A da 4.\u00aa Ronda da Liga dos Campe\u00f5es &#8211; femininos, no dia 6 de Dezembro de 2022.<br \/>\nBerlin Recycling Volleys (Alemanha) x Aluron CMC Warta Zawiercie (Pol\u00f3nia), da Pool B da 4.\u00aa Ronda da Liga dos Campe\u00f5es &#8211; masculinos, no dia 25 de Janeiro de 2023.<\/p>\n<p><strong>Nuno Teixeira<\/strong><br \/>\nDeya Volley Burgas (Bulg\u00e1ria) x Olympiacos Piraeus (Gr\u00e9cia), dos oitavos-de-final da Challenge Cup, no dia 13 de Dezembro de 2022.<br \/>\nAvarca de Menorca (Espanha) x LP Salo (Finl\u00e2ndia) <em>versus<\/em> Hapoel Kfar Saba (Israel), dos oitavos-de-final da Challenge Cup \u2013 femininos, no dia 21 de Dezembro.<\/p>\n<p><strong>Jos\u00e9 Caramez<\/strong><br \/>\n<span style=\"text-decoration: underline;\">\u00c1rbitro de Reserva<\/span> no jogo SL Benfica x Tours VB (Fran\u00e7a), da Pool C da 4.\u00aa Ronda da Liga dos Campe\u00f5es &#8211; masculinos, no dia 29 de Novembro de 2022.<br \/>\nVfB Suhl Thuringen (Alemanha) x Vencedor do Slavia EU Bratislava (Eslov\u00e1quia) vs Azerrail Baku (Azerbaij\u00e3o), dos 16 avos-de-final da Challenge Cup \u2013 femininos, no dia 20 de Dezembro de 2022.<br \/>\nVencedor do Asterix Avo Beveren (B\u00e9lgica) x Vencedor do OK Herceg Novi (Montenegro) vs BK Tromso (Noruega) versus Vencedor do Asko Steelvolleys Linz\/Steg (\u00c1ustria) x RSR Walfer (Luxemburgo) vs Aris Thessaloniki (Gr\u00e9cia), no dia 17, 18 ou 19 de Janeiro de 2023.<\/p>\n","protected":false},"excerpt":{"rendered":"<p>A equipa de seniores femininos da AJM\/FC Porto, campe\u00e3 nacional em t\u00edtulo, estreou-se da melhor maneira na Challenge Cup 2022\/2023 ao derrotar, hoje, pela margem m\u00e1xima (3-0: 25-20, 25-17 e [&hellip;]<\/p>\n","protected":false},"author":2,"featured_media":20862,"comment_status":"open","ping_status":"open","sticky":false,"template":"","format":"standard","meta":{"_monsterinsights_skip_tracking":false,"_monsterinsights_sitenote_active":false,"_monsterinsights_sitenote_note":"","_monsterinsights_sitenote_category":0,"footnotes":""},"categories":[13,8],"tags":[54,71],"class_list":{"0":"post-20859","1":"post","2":"type-post","3":"status-publish","4":"format-standard","5":"has-post-thumbnail","7":"category-arbitragem","8":"category-voleibol","9":"tag-challenge-cup","10":"tag-epoca-2022-2023","11":"czr-hentry"},"aioseo_notices":[],"_links":{"self":[{"href":"https:\/\/fpvoleibol.pt\/fpv\/wp-json\/wp\/v2\/posts\/20859","targetHints":{"allow":["GET"]}}],"collection":[{"href":"https:\/\/fpvoleibol.pt\/fpv\/wp-json\/wp\/v2\/posts"}],"about":[{"href":"https:\/\/fpvoleibol.pt\/fpv\/wp-json\/wp\/v2\/types\/post"}],"author":[{"embeddable":true,"href":"https:\/\/fpvoleibol.pt\/fpv\/wp-json\/wp\/v2\/users\/2"}],"replies":[{"embeddable":true,"href":"https:\/\/fpvoleibol.pt\/fpv\/wp-json\/wp\/v2\/comments?post=20859"}],"version-history":[{"count":2,"href":"https:\/\/fpvoleibol.pt\/fpv\/wp-json\/wp\/v2\/posts\/20859\/revisions"}],"predecessor-version":[{"id":20863,"href":"https:\/\/fpvoleibol.pt\/fpv\/wp-json\/wp\/v2\/posts\/20859\/revisions\/20863"}],"wp:featuredmedia":[{"embeddable":true,"href":"https:\/\/fpvoleibol.pt\/fpv\/wp-json\/wp\/v2\/media\/20862"}],"wp:attachment":[{"href":"https:\/\/fpvoleibol.pt\/fpv\/wp-json\/wp\/v2\/media?parent=20859"}],"wp:term":[{"taxonomy":"category","embeddable":true,"href":"https:\/\/fpvoleibol.pt\/fpv\/wp-json\/wp\/v2\/categories?post=20859"},{"taxonomy":"post_tag","embeddable":true,"href":"https:\/\/fpvoleibol.pt\/fpv\/wp-json\/wp\/v2\/tags?post=20859"}],"curies":[{"name":"wp","href":"https:\/\/api.w.org\/{rel}","templated":true}]}}