{"id":20176,"date":"2022-10-19T17:02:43","date_gmt":"2022-10-19T17:02:43","guid":{"rendered":"https:\/\/fpvoleibol.pt\/fpv\/?p=20176"},"modified":"2022-10-19T17:06:06","modified_gmt":"2022-10-19T17:06:06","slug":"liga-dos-campeoes-benfica-joga-amanha-na-finlandia","status":"publish","type":"post","link":"https:\/\/fpvoleibol.pt\/fpv\/2022\/10\/19\/liga-dos-campeoes-benfica-joga-amanha-na-finlandia\/","title":{"rendered":"LIGA DOS CAMPE\u00d5ES: BENFICA JOGA AMANH\u00c3 NA FINL\u00c2NDIA"},"content":{"rendered":"<p style=\"text-align: center;\"><img loading=\"lazy\" decoding=\"async\" class=\"size-full wp-image-20210 aligncenter\" src=\"https:\/\/fpvoleibol.pt\/fpv\/wp-content\/uploads\/2022\/10\/LC_LevorantaxSLB.jpg\" alt=\"\" width=\"940\" height=\"1175\" srcset=\"https:\/\/fpvoleibol.pt\/fpv\/wp-content\/uploads\/2022\/10\/LC_LevorantaxSLB.jpg 940w, https:\/\/fpvoleibol.pt\/fpv\/wp-content\/uploads\/2022\/10\/LC_LevorantaxSLB-240x300.jpg 240w, https:\/\/fpvoleibol.pt\/fpv\/wp-content\/uploads\/2022\/10\/LC_LevorantaxSLB-819x1024.jpg 819w, https:\/\/fpvoleibol.pt\/fpv\/wp-content\/uploads\/2022\/10\/LC_LevorantaxSLB-768x960.jpg 768w\" sizes=\"auto, (max-width: 940px) 100vw, 940px\" \/><span style=\"font-size: 8pt;\"><strong>Imagem: <a href=\"https:\/\/www.facebook.com\/vammalanlentopallo\">Valepa<\/a><\/strong><\/span><\/p>\n<p style=\"text-align: left;\">A equipa de seniores masculinos do <strong>SL Benfica<\/strong> visita amanh\u00e3, \u00e0s 18h30 locais, os <span style=\"text-decoration: underline;\">finlandeses do Ford Levoranta Sastamala<\/span>, na primeira m\u00e3o da\u00a03.\u00aa Ronda da <a href=\"https:\/\/championsleague.cev.eu\/en\/\">Liga dos Campe\u00f5es<\/a> 2023, em jogo que ter\u00e1 por palco o Vexve Areena de Sastamala e ser\u00e1 arbitrado por Vladimir Simonovic (Su\u00ed\u00e7a) e Stanislava Simic (S\u00e9rvia). Mais informa\u00e7\u00f5es <a href=\"https:\/\/www.cev.eu\/match-centres\/2023-european-cups\/cev-champions-league-volley-2023-men\/clvm-17-ford-levoranta-sastamala-v-sport-lisboa-e-benfica\/\">AQUI<\/a><\/p>\n<p>Na \u00e9poca passada, as <em>\u00e1guias da Luz<\/em> superaram esta equipa n\u00f3rdica na 2.\u00aa Ronda de Qualifica\u00e7\u00e3o da Liga dos Campe\u00f5es, vencendo por 3-0 (25-23, 25-21 e 25-18) em casa e por 3-1 (25-27, 25-20, 25-21 e 25-14) no Vexve Areena.<\/p>\n<p>Hugo Gaspar e Andr\u00e9 Lopes v\u00e3o (re)encontrar, entre outros, o oposto Urpo Sivula, jogador que defrontaram h\u00e1 alguns anos ao servi\u00e7o da Selec\u00e7\u00e3o Nacional.<br \/>\nPor seu turno, Aaro Nikula regressa ao clube que representou nas \u00e9pocas de 2018\/2019, 2019\/2020 e 2020\/2021, com os finlandeses a questionarem-se se o seu ex-jogador conseguir\u00e1 ser um digno sucessor da &#8220;<a href=\"https:\/\/www.facebook.com\/photo?fbid=558410489543597&amp;set=a.492730362778277\">lenda benfiquista<\/a>&#8221; Hugo Gaspar.<\/p>\n<p>O jogo da segunda m\u00e3o est\u00e1 agendado para as 20h00 do dia 26 de Outubro, no Pavilh\u00e3o N.\u00ba 2 do Est\u00e1dio da Luz.<\/p>\n<p>Quem alcan\u00e7ar a <span style=\"text-decoration: underline;\">4.\u00aa Ronda da Liga dos Campe\u00f5es integrar\u00e1 a Pool C<\/span>, formada pelos italianos do Cucine Lube Civitanova, os belgas do Knack Roeselare e os franceses do Tours VB.<\/p>\n<p>Em 2022, saldou-se por um 9.\u00ba lugar a participa\u00e7\u00e3o dos <em>encarnados da Luz<\/em>\u00a0na Liga dos Campe\u00f5es, que n\u00e3o teve campe\u00e3o na edi\u00e7\u00e3o de 2020 devido \u00e0 pandemia de COVID-19 e foi vencida sensacionalmente em 2021 e 2022 pelos polacos do Grupa Azoty Kedzierzyn Kozle.<br \/>\nO regresso \u00e0 <em>Champions<\/em> segue-se a v\u00e1rias participa\u00e7\u00f5es na Challenge Cup, onde chegaram a ser vice-campe\u00f5es em 2014\/2015 e 3.\u00bas classificados na \u00e9poca seguinte.<br \/>\nEm 2019\/2020, \u00e9poca em que n\u00e3o foi atribu\u00eddo o t\u00edtulo de campe\u00e3o europeu, o SL Benfica defrontou, na fase de grupos da Liga dos Campe\u00f5es, os italianos do Sir Sicoma Monini Perugia, os franceses do Tours VB e os polacos do Verva Warszawa Orlen, tendo averbado apenas um triunfo, em casa, diante dos polacos, e ocupado o 16.\u00ba lugar final.<\/p>\n<p style=\"text-align: center;\"><span style=\"text-decoration: underline;\"><strong>\u00c1rbitros portugueses em ac\u00e7\u00e3o<\/strong><\/span><\/p>\n<p style=\"text-align: center;\"><span style=\"text-decoration: underline;\"><strong>Competi\u00e7\u00f5es Europeias<\/strong><\/span><\/p>\n<p><strong>V\u00edtor Gon\u00e7alves<\/strong><br \/>\nMontpellier HSC VB (Fran\u00e7a) x VfB Friedrichshafen (Alemanha), da Pool A da 4.\u00aa Ronda da Liga dos Campe\u00f5es &#8211; masculinos, no dia 10 de Janeiro de 2023.<br \/>\nOpowervolleys Duren (Alemanha) x Sir Sicoma Monini Perugia (It\u00e1lia), da Pool E da 4.\u00aa Ronda da Liga dos Campe\u00f5es &#8211; masculinos, no dia 31 de Novembro de 2022.<\/p>\n<p><strong>Pedro Pinto<\/strong><br \/>\nVencedor da eliminat\u00f3ria VDK Gent Dames (B\u00e9lgica) x Vasas Obuda Budapeste (Hungria) <em>versus<\/em> Vencedor da eliminat\u00f3ria Tenerife La Laguna (Espanha) x Bimal-Jedinstvo Brcko (B\u00f3snia-Herzegovina), da 2.\u00aa Ronda da Liga dos Campe\u00f5es &#8211; femininos, em data a definir.<br \/>\nTrentino Itas (It\u00e1lia) x Cez Karlovarsko (Ch\u00e9quia), da Pool D da 4.\u00aa Ronda da Liga dos Campe\u00f5es &#8211; masculinos, no dia 15 de Dezembro de 2022.<\/p>\n<p><strong>Ricardo Ferreira<\/strong><br \/>\nBerlin Recycling Volleys (Alemanha) x Aluron CMC Warta Zawiercie (Pol\u00f3nia), da Pool B da 4.\u00aa Ronda da Liga dos Campe\u00f5es &#8211; masculinos, no dia 25 de Janeiro de 2023.<br \/>\nDerrotado do Mladost Zagreb (Cro\u00e1cia) ou Calcit Kamnik (Eslov\u00e9nia) <em>versus<\/em> Crvena Zvezda Beograd (S\u00e9rvia) ou Polkky Kuusamo (Finl\u00e2ndia) x Derrotado do VDK Gent Dames (B\u00e9lgica) ou Vasas Obuda Budapeste (Hungria) <em>versus<\/em> Tenerife La Laguna (Espanha) ou Bimal-Jedinstvo Brcko (B\u00f3snia-Herzegovina), da 3.\u00aa Ronda da Liga dos Campe\u00f5es &#8211; femininos, em data a definir.<\/p>\n<p><strong>Raquel Portela<\/strong><br \/>\nVencedor do Calcit Kamnik (Eslov\u00e9nia) x Derrotado da eliminat\u00f3ria SK Zadruga AICH\/DOB (\u00c1ustria) <em>versus<\/em> Lycurgus Groningen (Pa\u00edses Baixos), dos 16 avos-de-final da Ta\u00e7a CEV &#8211; masculinos, no dia 9 de Novembro de 2022.<\/p>\n<p><strong>Nuno Teixeira<\/strong><br \/>\nVencedor do Guaguas Las Palmas (Espanha) x Deya Volley Burgas (Bulg\u00e1ria) x Lausanne UC (Su\u00ed\u00e7a), dos 16 avos-de-final da Challenge Cup &#8211; masculinos, no dia 8 de Novembro de 2022.<\/p>\n<p><strong>Jos\u00e9 Caramez<\/strong><br \/>\nCV Melilla (Espanha) x Vencedor da eliminat\u00f3ria Epicentr Podolyany Horodok (Ucr\u00e2nia) <em>versus<\/em> Merkur Maribor (Eslov\u00e9nia), dos 16 avos-de-final da Challenge Cup &#8211; masculinos, no dia 16 de Novembro de 2022.<\/p>\n<p>Mais informa\u00e7\u00f5es em\u00a0<a href=\"http:\/\/www.cev.eu\/\">www.cev.eu<\/a><\/p>\n","protected":false},"excerpt":{"rendered":"<p>Imagem: Valepa A equipa de seniores masculinos do SL Benfica visita amanh\u00e3, \u00e0s 18h30 locais, os finlandeses do Ford Levoranta Sastamala, na primeira m\u00e3o da\u00a03.\u00aa Ronda da Liga dos Campe\u00f5es [&hellip;]<\/p>\n","protected":false},"author":2,"featured_media":12991,"comment_status":"open","ping_status":"open","sticky":false,"template":"","format":"standard","meta":{"_monsterinsights_skip_tracking":false,"_monsterinsights_sitenote_active":false,"_monsterinsights_sitenote_note":"","_monsterinsights_sitenote_category":0,"footnotes":""},"categories":[8],"tags":[32],"class_list":{"0":"post-20176","1":"post","2":"type-post","3":"status-publish","4":"format-standard","5":"has-post-thumbnail","7":"category-voleibol","8":"tag-liga-dos-campeoes","9":"czr-hentry"},"aioseo_notices":[],"_links":{"self":[{"href":"https:\/\/fpvoleibol.pt\/fpv\/wp-json\/wp\/v2\/posts\/20176","targetHints":{"allow":["GET"]}}],"collection":[{"href":"https:\/\/fpvoleibol.pt\/fpv\/wp-json\/wp\/v2\/posts"}],"about":[{"href":"https:\/\/fpvoleibol.pt\/fpv\/wp-json\/wp\/v2\/types\/post"}],"author":[{"embeddable":true,"href":"https:\/\/fpvoleibol.pt\/fpv\/wp-json\/wp\/v2\/users\/2"}],"replies":[{"embeddable":true,"href":"https:\/\/fpvoleibol.pt\/fpv\/wp-json\/wp\/v2\/comments?post=20176"}],"version-history":[{"count":7,"href":"https:\/\/fpvoleibol.pt\/fpv\/wp-json\/wp\/v2\/posts\/20176\/revisions"}],"predecessor-version":[{"id":20226,"href":"https:\/\/fpvoleibol.pt\/fpv\/wp-json\/wp\/v2\/posts\/20176\/revisions\/20226"}],"wp:featuredmedia":[{"embeddable":true,"href":"https:\/\/fpvoleibol.pt\/fpv\/wp-json\/wp\/v2\/media\/12991"}],"wp:attachment":[{"href":"https:\/\/fpvoleibol.pt\/fpv\/wp-json\/wp\/v2\/media?parent=20176"}],"wp:term":[{"taxonomy":"category","embeddable":true,"href":"https:\/\/fpvoleibol.pt\/fpv\/wp-json\/wp\/v2\/categories?post=20176"},{"taxonomy":"post_tag","embeddable":true,"href":"https:\/\/fpvoleibol.pt\/fpv\/wp-json\/wp\/v2\/tags?post=20176"}],"curies":[{"name":"wp","href":"https:\/\/api.w.org\/{rel}","templated":true}]}}