{"id":20059,"date":"2022-10-13T14:02:15","date_gmt":"2022-10-13T14:02:15","guid":{"rendered":"https:\/\/fpvoleibol.pt\/fpv\/?p=20059"},"modified":"2022-10-13T14:02:15","modified_gmt":"2022-10-13T14:02:15","slug":"dupla-jornada-duplo-interesse-na-liga-lidl","status":"publish","type":"post","link":"https:\/\/fpvoleibol.pt\/fpv\/2022\/10\/13\/dupla-jornada-duplo-interesse-na-liga-lidl\/","title":{"rendered":"DUPLA JORNADA, DUPLO INTERESSE NA LIGA LIDL"},"content":{"rendered":"<p><img loading=\"lazy\" decoding=\"async\" class=\"size-full wp-image-17761 aligncenter\" src=\"https:\/\/fpvoleibol.pt\/fpv\/wp-content\/uploads\/2022\/07\/noticias_lidl_2022-2023_d2.jpg\" alt=\"\" width=\"960\" height=\"542\" srcset=\"https:\/\/fpvoleibol.pt\/fpv\/wp-content\/uploads\/2022\/07\/noticias_lidl_2022-2023_d2.jpg 960w, https:\/\/fpvoleibol.pt\/fpv\/wp-content\/uploads\/2022\/07\/noticias_lidl_2022-2023_d2-300x169.jpg 300w, https:\/\/fpvoleibol.pt\/fpv\/wp-content\/uploads\/2022\/07\/noticias_lidl_2022-2023_d2-768x434.jpg 768w, https:\/\/fpvoleibol.pt\/fpv\/wp-content\/uploads\/2022\/07\/noticias_lidl_2022-2023_d2-528x297.jpg 528w\" sizes=\"auto, (max-width: 960px) 100vw, 960px\" \/>A <a href=\"https:\/\/fpv-web.dataproject.com\/CompetitionHome.aspx?ID=71\">Liga Lidl<\/a> tem este fim-de-semana uma jornada dupla, com destaque no s\u00e1bado para o <em>d\u00e9rbi<\/em> minhoto que se disputa em Guimar\u00e3es entre o l\u00edder Vit\u00f3ria SC e o SC Braga\/U. Minho (15h00\/<a href=\"https:\/\/www.youtube.com\/c\/VoleiTVPortugal\">Volei TV<\/a>) e para a visita do Clube Kair\u00f3s ao PV 2014\/Col\u00e9gio Efanor, equipa que surpreendeu na 1.\u00aa ronda ao vencer no recinto da AJM\/FC Porto, bicampe\u00e3 em t\u00edtulo.<br \/>\nNo domingo, sobressaem os <em>choques de tit\u00e3s<\/em> entre o <span style=\"text-decoration: underline;\">Sporting CP e a AJM\/FC Porto<\/span> e entre o <span style=\"text-decoration: underline;\">Leix\u00f5es SC e o Clube Kair\u00f3s<\/span>, com o GC Vilacondense x SL Benfica a poder ser seguido em directo (15h00) na <a href=\"https:\/\/www.youtube.com\/c\/VoleiTVPortugal\">Volei TV<\/a>.<\/p>\n<p>Esta 1.\u00aa Fase \u00e9 disputada no sistema de <em>todos contra todos<\/em>, a uma volta, sendo que da 1.\u00aa para a 2.\u00aa Fase passam 20 por cento do n\u00famero das vit\u00f3rias e 20% dos pontos.<br \/>\nVer mais informa\u00e7\u00f5es <a href=\"https:\/\/fpvoleibol.pt\/fpv\/wp-content\/uploads\/2022\/10\/LigaLidl_2022_2023_ESQP.pdf\">AQUI<\/a><\/p>\n<p style=\"text-align: center;\"><span style=\"text-decoration: underline;\"><strong>2.\u00aa Jornada<\/strong><\/span><\/p>\n<p><span style=\"text-decoration: underline;\"><strong>15.10.2022<\/strong><\/span><br \/>\n<strong>15h00<\/strong> \u2013 <a href=\"https:\/\/fpv-web.dataproject.com\/CompetitionTeamDetails.aspx?TeamID=616&amp;ID=71\">SL Benfica<\/a> x <a href=\"https:\/\/fpv-web.dataproject.com\/CompetitionTeamDetails.aspx?TeamID=607&amp;ID=71\">AVC Famalic\u00e3o<\/a>, no Pav. N\u00ba. 2 do SL Benfica<br \/>\n<strong>15h00<\/strong> \u2013 <a href=\"https:\/\/fpv-web.dataproject.com\/CompetitionTeamDetails.aspx?TeamID=603&amp;ID=71\">AJM\/FC Porto<\/a> x <a href=\"https:\/\/fpv-web.dataproject.com\/CompetitionTeamDetails.aspx?TeamID=612&amp;ID=71\">GC Vilacondense<\/a>, no Pav. Centro Luso Venezolano<br \/>\n<strong>15h00<\/strong> \u2013 <a href=\"https:\/\/fpv-web.dataproject.com\/CompetitionTeamDetails.aspx?TeamID=617&amp;ID=71\">Vit\u00f3ria SC<\/a> x <a href=\"https:\/\/fpv-web.dataproject.com\/CompetitionTeamDetails.aspx?TeamID=740&amp;ID=71\">SC Braga\/U. Minho<\/a>, no Pav. Desp. Unid. Vimaranense \u2013 em directo na <a href=\"https:\/\/www.youtube.com\/watch?v=HguVVhIai-Y\">Volei TV<\/a> e <span style=\"color: #d91a1a;\">A Bola TV<\/span><br \/>\n<strong>15h00<\/strong> \u2013 <a href=\"https:\/\/fpv-web.dataproject.com\/CompetitionTeamDetails.aspx?TeamID=618&amp;ID=71\">Sporting CP<\/a> x <a href=\"https:\/\/fpv-web.dataproject.com\/CompetitionTeamDetails.aspx?TeamID=615&amp;ID=71\">SC Espinho<\/a>, no Pav. Compl. Desp. CN Gin\u00e1stica<br \/>\n<strong>17h00<\/strong> \u2013 <a href=\"https:\/\/fpv-web.dataproject.com\/CompetitionTeamDetails.aspx?TeamID=610&amp;ID=71\">Cast\u00ealo da Maia GC<\/a> x <a href=\"https:\/\/fpv-web.dataproject.com\/CompetitionTeamDetails.aspx?TeamID=754&amp;ID=71\">CS Madeira<\/a>, no Pav. Cast\u00ealo da Maia GC<br \/>\n<strong>17h00<\/strong> \u2013 <a href=\"https:\/\/fpv-web.dataproject.com\/CompetitionTeamDetails.aspx?TeamID=608&amp;ID=71\">Boavista FC<\/a> x <a href=\"https:\/\/fpv-web.dataproject.com\/CompetitionTeamDetails.aspx?TeamID=604&amp;ID=71\">Leix\u00f5es SC<\/a>, no Pav. Esc. EB 2\/3 Irene Lisboa<br \/>\n<strong>17h00<\/strong> \u2013 <a href=\"https:\/\/fpv-web.dataproject.com\/CompetitionTeamDetails.aspx?TeamID=614&amp;ID=71\">PV 2014\/Acad. Vol. Col\u00e9gio Efanor<\/a> x <a href=\"https:\/\/fpv-web.dataproject.com\/CompetitionTeamDetails.aspx?TeamID=611&amp;ID=71\">Clube Kair\u00f3s<\/a>, no Pav. Col\u00e9gio Efanor<\/p>\n<p style=\"text-align: center;\"><img loading=\"lazy\" decoding=\"async\" class=\"size-full wp-image-19993 aligncenter\" src=\"https:\/\/fpvoleibol.pt\/fpv\/wp-content\/uploads\/2022\/10\/VSCxSCB_2JOR_15OUT22_d.jpg\" alt=\"\" width=\"1000\" height=\"562\" srcset=\"https:\/\/fpvoleibol.pt\/fpv\/wp-content\/uploads\/2022\/10\/VSCxSCB_2JOR_15OUT22_d.jpg 1000w, https:\/\/fpvoleibol.pt\/fpv\/wp-content\/uploads\/2022\/10\/VSCxSCB_2JOR_15OUT22_d-300x169.jpg 300w, https:\/\/fpvoleibol.pt\/fpv\/wp-content\/uploads\/2022\/10\/VSCxSCB_2JOR_15OUT22_d-768x432.jpg 768w, https:\/\/fpvoleibol.pt\/fpv\/wp-content\/uploads\/2022\/10\/VSCxSCB_2JOR_15OUT22_d-528x297.jpg 528w\" sizes=\"auto, (max-width: 1000px) 100vw, 1000px\" \/><span style=\"font-size: 8pt;\"><strong>O Vit\u00f3ria SC x SC Braga\/U. Minho pode ser seguido no s\u00e1bado em directo <a href=\"https:\/\/www.youtube.com\/watch?v=HguVVhIai-Y\">AQUI<\/a><\/strong><\/span><\/p>\n<p style=\"text-align: center;\"><span style=\"text-decoration: underline;\"><strong>3.\u00aa Jornada<\/strong><\/span><\/p>\n<p><span style=\"text-decoration: underline;\"><strong>16.10.2022<\/strong><\/span><br \/>\n<strong>15h30<\/strong> \u2013 <a href=\"https:\/\/fpv-web.dataproject.com\/CompetitionTeamDetails.aspx?TeamID=740&amp;ID=71\">SC Braga\/U. Minho<\/a> x <a href=\"https:\/\/fpv-web.dataproject.com\/CompetitionTeamDetails.aspx?TeamID=754&amp;ID=71\">CS Madeira<\/a>, no Pav. Univ. Minho &#8211; Gualtar<br \/>\n<strong>15h00<\/strong> \u2013 <a href=\"https:\/\/fpv-web.dataproject.com\/CompetitionTeamDetails.aspx?TeamID=612&amp;ID=71\">GC Vilacondense<\/a> x <a href=\"https:\/\/fpv-web.dataproject.com\/CompetitionTeamDetails.aspx?TeamID=616&amp;ID=71\">SL Benfica<\/a>, no Pav. Desp. Vila do Conde \u2013 em directo na <a href=\"https:\/\/www.youtube.com\/watch?v=N0FrCX_pYSA\">Volei TV<\/a> e <span style=\"color: #d91a1a;\">A Bola TV<\/span><br \/>\n<strong>16h00<\/strong> \u2013 <a href=\"https:\/\/fpv-web.dataproject.com\/CompetitionTeamDetails.aspx?TeamID=614&amp;ID=71\">PV 2014\/Acad. Vol. Col\u00e9gio Efanor<\/a> x <a href=\"https:\/\/fpv-web.dataproject.com\/CompetitionTeamDetails.aspx?TeamID=607&amp;ID=71\">AVC Famalic\u00e3o<\/a>, no Pav. Col\u00e9gio Efanor<br \/>\n<strong>17h00<\/strong> \u2013 <a href=\"https:\/\/fpv-web.dataproject.com\/CompetitionTeamDetails.aspx?TeamID=608&amp;ID=71\">Boavista FC<\/a> x <a href=\"https:\/\/fpv-web.dataproject.com\/CompetitionTeamDetails.aspx?TeamID=610&amp;ID=71\">Cast\u00ealo da Maia GC<\/a>, no Pav. Esc. EB 2\/3 Irene Lisboa<br \/>\n<strong>15h00<\/strong> \u2013 <a href=\"https:\/\/fpv-web.dataproject.com\/CompetitionTeamDetails.aspx?TeamID=618&amp;ID=71\">Sporting CP<\/a> x <a href=\"https:\/\/fpv-web.dataproject.com\/CompetitionTeamDetails.aspx?TeamID=603&amp;ID=71\">AJM\/FC Porto<\/a>, no Pav. Jo\u00e3o Rocha<br \/>\n<strong>16h00<\/strong> \u2013 <a href=\"https:\/\/fpv-web.dataproject.com\/CompetitionTeamDetails.aspx?TeamID=615&amp;ID=71\">SC Espinho<\/a> x <a href=\"https:\/\/fpv-web.dataproject.com\/CompetitionTeamDetails.aspx?TeamID=617&amp;ID=71\">Vit\u00f3ria SC<\/a>, no Pav. Nave Desp. Espinho<br \/>\n<strong>16h00<\/strong> \u2013 <a href=\"https:\/\/fpv-web.dataproject.com\/CompetitionTeamDetails.aspx?TeamID=604&amp;ID=71\">Leix\u00f5es SC<\/a> x <a href=\"https:\/\/fpv-web.dataproject.com\/CompetitionTeamDetails.aspx?TeamID=611&amp;ID=71\">Clube Kair\u00f3s<\/a>, na Nave Il\u00eddio Ramos &#8211; CDC Matosinhos<\/p>\n<p style=\"text-align: center;\"><img loading=\"lazy\" decoding=\"async\" class=\"size-full wp-image-20000 aligncenter\" src=\"https:\/\/fpvoleibol.pt\/fpv\/wp-content\/uploads\/2022\/10\/GCVxSLB_3JOR_16OUT22_d.jpg\" alt=\"\" width=\"1000\" height=\"562\" srcset=\"https:\/\/fpvoleibol.pt\/fpv\/wp-content\/uploads\/2022\/10\/GCVxSLB_3JOR_16OUT22_d.jpg 1000w, https:\/\/fpvoleibol.pt\/fpv\/wp-content\/uploads\/2022\/10\/GCVxSLB_3JOR_16OUT22_d-300x169.jpg 300w, https:\/\/fpvoleibol.pt\/fpv\/wp-content\/uploads\/2022\/10\/GCVxSLB_3JOR_16OUT22_d-768x432.jpg 768w, https:\/\/fpvoleibol.pt\/fpv\/wp-content\/uploads\/2022\/10\/GCVxSLB_3JOR_16OUT22_d-528x297.jpg 528w\" sizes=\"auto, (max-width: 1000px) 100vw, 1000px\" \/><strong><span style=\"font-size: 8pt;\">O GC Vilacondense x SL Benfica pode ser seguido no domingo em directo <a href=\"https:\/\/www.youtube.com\/watch?v=N0FrCX_pYSA\">AQUI<\/a><\/span><\/strong><\/p>\n<p style=\"text-align: center;\"><strong>Em 2021\/2022 foi assim<\/strong><\/p>\n<p>Em 2021\/2022, a <span style=\"text-decoration: underline;\">AJM\/FC Porto<\/span> sagrou-se campe\u00e3 nacional de seniores femininos pela segunda vez consecutiva ao vencer, no dia 8 de Maio, no Drag\u00e3o Arena, no Porto, o Leix\u00f5es SC por 3-1 (36-34, 25-14, 26-28 e 25-19) no quinto e \u00faltimo do Play-off do t\u00edtulo da I Divis\u00e3o Elite \u2013 3.\u00aa Fase da Liga Lidl.<br \/>\nO <span style=\"text-decoration: underline;\">Sporting Clube de Portugal<\/span> voltou a erguer o trof\u00e9u da Ta\u00e7a Federa\u00e7\u00e3o da 3.\u00aa Fase Liga Lidl ao vencer, por 3-0 (27-25, 25-15 e 25-19) o Vit\u00f3ria Sport Clube no 3.\u00ba jogo do Play-Off #12 \u2013 Apuramento Campe\u00e3o, disputado no dia 15 de Maio no Pavilh\u00e3o Jo\u00e3o Rocha, em Lisboa.<br \/>\nO <span style=\"text-decoration: underline;\">Leix\u00f5es Sport Club<\/span> ergueu no dia 19 de Mar\u00e7o, pela 10.\u00aa vez (segunda consecutiva), o trof\u00e9u de vencedora da Ta\u00e7a de Portugal.<br \/>\nNa final, as <em>sereias<\/em> de Matosinhos venceram, por 3-0 (25-19, 25-15 e 26-24), o Vit\u00f3ria SC. Com este t\u00edtulo, as leixonenses t\u00eam agora mais 10 trof\u00e9us na sua vitrina, mais dois do que o Cast\u00ealo da Maia GC e tr\u00eas que o Boavista FC.<\/p>\n<p style=\"text-align: center;\"><a href=\"https:\/\/fpv-web.dataproject.com\/MainHome.aspx?\"><strong>LIGA LIDL<\/strong><\/a><\/p>\n<p style=\"text-align: center;\" align=\"justify\">Calend\u00e1rio**, resultados, estat\u00edstica e <em>live streaming<\/em> em <a href=\"https:\/\/fpv-web.dataproject.com\/MainHome.aspx?\">https:\/\/fpv-web.dataproject.com\/MainHome.aspx?<\/a><br \/>\nEquipas de arbitragem em <a href=\"https:\/\/fpvoleibol.pt\/fpv\/arbitragem\/nomeacoes\/\">https:\/\/fpvoleibol.pt\/fpv\/arbitragem\/nomeacoes\/<\/a><\/p>\n<p style=\"text-align: center;\"><span style=\"text-decoration: underline;\"><strong>Ver plant\u00e9is das equipas <a href=\"https:\/\/fpv-web.dataproject.com\/CompetitionHome.aspx?ID=71\">aqui<\/a> e\u00a0<\/strong><\/span><a href=\"https:\/\/www.fpvoleibol.pt\/regulamentos\/reg_esc_seniores_.pdf?_ga=2.223434008.2033278361.1665046311-2000524458.1664183223\">Modo de disputa 2022\/2023<\/a><br \/>\n<strong><span style=\"font-size: 8pt;\">** As horas e datas poder\u00e3o sofrer eventuais altera\u00e7\u00f5es<\/span><\/strong><\/p>\n","protected":false},"excerpt":{"rendered":"<p>A Liga Lidl tem este fim-de-semana uma jornada dupla, com destaque no s\u00e1bado para o d\u00e9rbi minhoto que se disputa em Guimar\u00e3es entre o l\u00edder Vit\u00f3ria SC e o SC [&hellip;]<\/p>\n","protected":false},"author":2,"featured_media":17764,"comment_status":"open","ping_status":"open","sticky":false,"template":"","format":"standard","meta":{"_monsterinsights_skip_tracking":false,"_monsterinsights_sitenote_active":false,"_monsterinsights_sitenote_note":"","_monsterinsights_sitenote_category":0,"footnotes":""},"categories":[13,8],"tags":[71,55],"class_list":{"0":"post-20059","1":"post","2":"type-post","3":"status-publish","4":"format-standard","5":"has-post-thumbnail","7":"category-arbitragem","8":"category-voleibol","9":"tag-epoca-2022-2023","10":"tag-liga-lidl","11":"czr-hentry"},"aioseo_notices":[],"_links":{"self":[{"href":"https:\/\/fpvoleibol.pt\/fpv\/wp-json\/wp\/v2\/posts\/20059","targetHints":{"allow":["GET"]}}],"collection":[{"href":"https:\/\/fpvoleibol.pt\/fpv\/wp-json\/wp\/v2\/posts"}],"about":[{"href":"https:\/\/fpvoleibol.pt\/fpv\/wp-json\/wp\/v2\/types\/post"}],"author":[{"embeddable":true,"href":"https:\/\/fpvoleibol.pt\/fpv\/wp-json\/wp\/v2\/users\/2"}],"replies":[{"embeddable":true,"href":"https:\/\/fpvoleibol.pt\/fpv\/wp-json\/wp\/v2\/comments?post=20059"}],"version-history":[{"count":11,"href":"https:\/\/fpvoleibol.pt\/fpv\/wp-json\/wp\/v2\/posts\/20059\/revisions"}],"predecessor-version":[{"id":20089,"href":"https:\/\/fpvoleibol.pt\/fpv\/wp-json\/wp\/v2\/posts\/20059\/revisions\/20089"}],"wp:featuredmedia":[{"embeddable":true,"href":"https:\/\/fpvoleibol.pt\/fpv\/wp-json\/wp\/v2\/media\/17764"}],"wp:attachment":[{"href":"https:\/\/fpvoleibol.pt\/fpv\/wp-json\/wp\/v2\/media?parent=20059"}],"wp:term":[{"taxonomy":"category","embeddable":true,"href":"https:\/\/fpvoleibol.pt\/fpv\/wp-json\/wp\/v2\/categories?post=20059"},{"taxonomy":"post_tag","embeddable":true,"href":"https:\/\/fpvoleibol.pt\/fpv\/wp-json\/wp\/v2\/tags?post=20059"}],"curies":[{"name":"wp","href":"https:\/\/api.w.org\/{rel}","templated":true}]}}