{"id":19999,"date":"2022-10-12T13:17:31","date_gmt":"2022-10-12T13:17:31","guid":{"rendered":"https:\/\/fpvoleibol.pt\/fpv\/?p=19999"},"modified":"2022-10-13T11:51:14","modified_gmt":"2022-10-13T11:51:14","slug":"gc-vilacondense-x-sl-benfica-em-directo-na-volei-tv-2","status":"publish","type":"post","link":"https:\/\/fpvoleibol.pt\/fpv\/2022\/10\/12\/gc-vilacondense-x-sl-benfica-em-directo-na-volei-tv-2\/","title":{"rendered":"GC VILACONDENSE x SL BENFICA EM DIRECTO NA VOLEI TV"},"content":{"rendered":"<p><img loading=\"lazy\" decoding=\"async\" class=\"size-full wp-image-20000 aligncenter\" src=\"https:\/\/fpvoleibol.pt\/fpv\/wp-content\/uploads\/2022\/10\/GCVxSLB_3JOR_16OUT22_d.jpg\" alt=\"\" width=\"1000\" height=\"562\" srcset=\"https:\/\/fpvoleibol.pt\/fpv\/wp-content\/uploads\/2022\/10\/GCVxSLB_3JOR_16OUT22_d.jpg 1000w, https:\/\/fpvoleibol.pt\/fpv\/wp-content\/uploads\/2022\/10\/GCVxSLB_3JOR_16OUT22_d-300x169.jpg 300w, https:\/\/fpvoleibol.pt\/fpv\/wp-content\/uploads\/2022\/10\/GCVxSLB_3JOR_16OUT22_d-768x432.jpg 768w, https:\/\/fpvoleibol.pt\/fpv\/wp-content\/uploads\/2022\/10\/GCVxSLB_3JOR_16OUT22_d-528x297.jpg 528w\" sizes=\"auto, (max-width: 1000px) 100vw, 1000px\" \/>A <strong><a href=\"https:\/\/www.volei.tv\/\">Volei TV<\/a> <\/strong>vai transmitir em directo o <a href=\"https:\/\/fpv-web.dataproject.com\/MatchStatistics.aspx?mID=5952&amp;ID=71&amp;CID=225&amp;PID=105&amp;type=LegList\"><strong>GC Vilacondense x SL Benfica<\/strong><\/a>, jogo da 1.\u00aa Fase da <a href=\"https:\/\/fpv-web.dataproject.com\/CompetitionHome.aspx?ID=71\">Liga Lidl<\/a>, no dia 16 de Outubro (domingo).<br \/>\nO jogo tamb\u00e9m poder\u00e1 ser seguido em directo atrav\u00e9s d&#8217; <span style=\"color: #d91a1a;\">A Bola TV.<\/span><\/p>\n<p>Este <a href=\"https:\/\/fpv-web.dataproject.com\/MatchStatistics.aspx?mID=5952&amp;ID=71&amp;CID=225&amp;PID=105&amp;type=LegList\">jogo<\/a> da 3.\u00aa jornada da 1.\u00aa Fase est\u00e1 agendado para as 15h00, no Pavilh\u00e3o de Desportos de Vila do Conde, e pode ser seguido em directo <a href=\"https:\/\/youtu.be\/N0FrCX_pYSA\">AQUI<\/a><\/p>\n<p style=\"text-align: center;\" align=\"justify\">Calend\u00e1rio, resultados, estat\u00edstica e <em>live streaming<\/em> em <a href=\"https:\/\/fpv-web.dataproject.com\/MainHome.aspx?\">https:\/\/fpv-web.dataproject.com\/MainHome.aspx?<\/a><br \/>\nEquipas de arbitragem em <a href=\"https:\/\/fpvoleibol.pt\/fpv\/arbitragem\/nomeacoes\/\">https:\/\/fpvoleibol.pt\/fpv\/arbitragem\/nomeacoes\/<\/a><\/p>\n<p style=\"text-align: center;\"><span style=\"text-decoration: underline;\"><strong>Ver plant\u00e9is das equipas <a href=\"https:\/\/fpv-web.dataproject.com\/CompetitionHome.aspx?ID=71\">aqui<\/a> e\u00a0<\/strong><\/span><a href=\"https:\/\/www.fpvoleibol.pt\/regulamentos\/reg_esc_seniores_.pdf?_ga=2.223434008.2033278361.1665046311-2000524458.1664183223\">Modo de disputa 2022\/2023<\/a><\/p>\n","protected":false},"excerpt":{"rendered":"<p>A Volei TV vai transmitir em directo o GC Vilacondense x SL Benfica, jogo da 1.\u00aa Fase da Liga Lidl, no dia 16 de Outubro (domingo). O jogo tamb\u00e9m poder\u00e1 [&hellip;]<\/p>\n","protected":false},"author":2,"featured_media":20001,"comment_status":"open","ping_status":"open","sticky":false,"template":"","format":"standard","meta":{"_monsterinsights_skip_tracking":false,"_monsterinsights_sitenote_active":false,"_monsterinsights_sitenote_note":"","_monsterinsights_sitenote_category":0,"footnotes":""},"categories":[13,8,31],"tags":[71,55],"class_list":{"0":"post-19999","1":"post","2":"type-post","3":"status-publish","4":"format-standard","5":"has-post-thumbnail","7":"category-arbitragem","8":"category-voleibol","9":"category-voleitv","10":"tag-epoca-2022-2023","11":"tag-liga-lidl","12":"czr-hentry"},"aioseo_notices":[],"_links":{"self":[{"href":"https:\/\/fpvoleibol.pt\/fpv\/wp-json\/wp\/v2\/posts\/19999","targetHints":{"allow":["GET"]}}],"collection":[{"href":"https:\/\/fpvoleibol.pt\/fpv\/wp-json\/wp\/v2\/posts"}],"about":[{"href":"https:\/\/fpvoleibol.pt\/fpv\/wp-json\/wp\/v2\/types\/post"}],"author":[{"embeddable":true,"href":"https:\/\/fpvoleibol.pt\/fpv\/wp-json\/wp\/v2\/users\/2"}],"replies":[{"embeddable":true,"href":"https:\/\/fpvoleibol.pt\/fpv\/wp-json\/wp\/v2\/comments?post=19999"}],"version-history":[{"count":2,"href":"https:\/\/fpvoleibol.pt\/fpv\/wp-json\/wp\/v2\/posts\/19999\/revisions"}],"predecessor-version":[{"id":20085,"href":"https:\/\/fpvoleibol.pt\/fpv\/wp-json\/wp\/v2\/posts\/19999\/revisions\/20085"}],"wp:featuredmedia":[{"embeddable":true,"href":"https:\/\/fpvoleibol.pt\/fpv\/wp-json\/wp\/v2\/media\/20001"}],"wp:attachment":[{"href":"https:\/\/fpvoleibol.pt\/fpv\/wp-json\/wp\/v2\/media?parent=19999"}],"wp:term":[{"taxonomy":"category","embeddable":true,"href":"https:\/\/fpvoleibol.pt\/fpv\/wp-json\/wp\/v2\/categories?post=19999"},{"taxonomy":"post_tag","embeddable":true,"href":"https:\/\/fpvoleibol.pt\/fpv\/wp-json\/wp\/v2\/tags?post=19999"}],"curies":[{"name":"wp","href":"https:\/\/api.w.org\/{rel}","templated":true}]}}