{"id":19991,"date":"2022-10-11T11:25:17","date_gmt":"2022-10-11T11:25:17","guid":{"rendered":"https:\/\/fpvoleibol.pt\/fpv\/?p=19991"},"modified":"2022-10-13T11:49:47","modified_gmt":"2022-10-13T11:49:47","slug":"derbi-minhoto-em-directo-na-volei-tv","status":"publish","type":"post","link":"https:\/\/fpvoleibol.pt\/fpv\/2022\/10\/11\/derbi-minhoto-em-directo-na-volei-tv\/","title":{"rendered":"D\u00c9RBI MINHOTO EM DIRECTO NA VOLEI TV"},"content":{"rendered":"<p><img loading=\"lazy\" decoding=\"async\" class=\"size-full wp-image-19993 aligncenter\" src=\"https:\/\/fpvoleibol.pt\/fpv\/wp-content\/uploads\/2022\/10\/VSCxSCB_2JOR_15OUT22_d.jpg\" alt=\"\" width=\"1000\" height=\"562\" srcset=\"https:\/\/fpvoleibol.pt\/fpv\/wp-content\/uploads\/2022\/10\/VSCxSCB_2JOR_15OUT22_d.jpg 1000w, https:\/\/fpvoleibol.pt\/fpv\/wp-content\/uploads\/2022\/10\/VSCxSCB_2JOR_15OUT22_d-300x169.jpg 300w, https:\/\/fpvoleibol.pt\/fpv\/wp-content\/uploads\/2022\/10\/VSCxSCB_2JOR_15OUT22_d-768x432.jpg 768w, https:\/\/fpvoleibol.pt\/fpv\/wp-content\/uploads\/2022\/10\/VSCxSCB_2JOR_15OUT22_d-528x297.jpg 528w\" sizes=\"auto, (max-width: 1000px) 100vw, 1000px\" \/><span style=\"text-decoration: underline;\">A <strong><a href=\"https:\/\/www.volei.tv\/\">Volei TV<\/a> <\/strong>vai transmitir em directo o primeiro <em>d\u00e9rbi minhoto<\/em> da \u00e9poca 2022\/2023 entre o <a href=\"https:\/\/fpv-web.dataproject.com\/MatchStatistics.aspx?mID=5948&amp;ID=71&amp;CID=225&amp;PID=105&amp;type=LegList\"><strong>Vit\u00f3ria SC e o SC Braga\/U. Minho<\/strong><\/a>, jogo da 1.\u00aa Fase da <a href=\"https:\/\/fpv-web.dataproject.com\/CompetitionHome.aspx?ID=71\">Liga Lidl<\/a>, no dia 15 de Outubro (s\u00e1bado). O jogo tamb\u00e9m poder\u00e1 ser seguido em directo atrav\u00e9s d&#8217; <span style=\"color: #d91a1a;\">A Bola TV.<\/span><\/span><\/p>\n<p style=\"text-align: center;\"><img loading=\"lazy\" decoding=\"async\" class=\"size-full wp-image-19992 aligncenter\" src=\"https:\/\/fpvoleibol.pt\/fpv\/wp-content\/uploads\/2022\/10\/Vitoriasc_fem_festej.jpg\" alt=\"\" width=\"1000\" height=\"666\" srcset=\"https:\/\/fpvoleibol.pt\/fpv\/wp-content\/uploads\/2022\/10\/Vitoriasc_fem_festej.jpg 1000w, https:\/\/fpvoleibol.pt\/fpv\/wp-content\/uploads\/2022\/10\/Vitoriasc_fem_festej-300x200.jpg 300w, https:\/\/fpvoleibol.pt\/fpv\/wp-content\/uploads\/2022\/10\/Vitoriasc_fem_festej-768x511.jpg 768w\" sizes=\"auto, (max-width: 1000px) 100vw, 1000px\" \/><span style=\"font-size: 8pt;\"><strong>Imagem: <a href=\"https:\/\/www.facebook.com\/VitoriaSCModalidades\">Vit\u00f3ria SC &#8211; modalidades<\/a><\/strong><\/span><\/p>\n<p>Este <a href=\"https:\/\/fpv-web.dataproject.com\/MatchStatistics.aspx?mID=5948&amp;ID=71&amp;CID=225&amp;PID=105&amp;type=LegList\">jogo<\/a> da 2.\u00aa jornada da 1.\u00aa Fase est\u00e1 agendado para as 15h00, no Pavilh\u00e3o Desportivo Unidade Vimaranense, em Guimar\u00e3es, e pode ser seguido em directo <a href=\"https:\/\/youtu.be\/HguVVhIai-Y\">AQUI<\/a><\/p>\n<p style=\"text-align: center;\" align=\"justify\"><img loading=\"lazy\" decoding=\"async\" class=\"size-full wp-image-19995 aligncenter\" src=\"https:\/\/fpvoleibol.pt\/fpv\/wp-content\/uploads\/2022\/10\/Braga_fem_festej.jpg\" alt=\"\" width=\"1000\" height=\"667\" srcset=\"https:\/\/fpvoleibol.pt\/fpv\/wp-content\/uploads\/2022\/10\/Braga_fem_festej.jpg 1000w, https:\/\/fpvoleibol.pt\/fpv\/wp-content\/uploads\/2022\/10\/Braga_fem_festej-300x200.jpg 300w, https:\/\/fpvoleibol.pt\/fpv\/wp-content\/uploads\/2022\/10\/Braga_fem_festej-768x512.jpg 768w\" sizes=\"auto, (max-width: 1000px) 100vw, 1000px\" \/><span style=\"font-size: 8pt;\"><strong>Imagem: <a href=\"https:\/\/pt-pt.facebook.com\/scbragavoleibol\/\">SC Braga<\/a><\/strong><\/span><br \/>\nCalend\u00e1rio, resultados, estat\u00edstica e <em>live streaming<\/em> em <a href=\"https:\/\/fpv-web.dataproject.com\/MainHome.aspx?\">https:\/\/fpv-web.dataproject.com\/MainHome.aspx?<\/a><br \/>\nEquipas de arbitragem em <a href=\"https:\/\/fpvoleibol.pt\/fpv\/arbitragem\/nomeacoes\/\">https:\/\/fpvoleibol.pt\/fpv\/arbitragem\/nomeacoes\/<\/a><\/p>\n<p style=\"text-align: center;\"><span style=\"text-decoration: underline;\"><strong>Ver plant\u00e9is das equipas <a href=\"https:\/\/fpv-web.dataproject.com\/CompetitionHome.aspx?ID=71\">aqui<\/a> e\u00a0<\/strong><\/span><a href=\"https:\/\/www.fpvoleibol.pt\/regulamentos\/reg_esc_seniores_.pdf?_ga=2.223434008.2033278361.1665046311-2000524458.1664183223\">Modo de disputa 2022\/2023<\/a><\/p>\n","protected":false},"excerpt":{"rendered":"<p>A Volei TV vai transmitir em directo o primeiro d\u00e9rbi minhoto da \u00e9poca 2022\/2023 entre o Vit\u00f3ria SC e o SC Braga\/U. Minho, jogo da 1.\u00aa Fase da Liga Lidl, [&hellip;]<\/p>\n","protected":false},"author":2,"featured_media":19994,"comment_status":"open","ping_status":"open","sticky":false,"template":"","format":"standard","meta":{"_monsterinsights_skip_tracking":false,"_monsterinsights_sitenote_active":false,"_monsterinsights_sitenote_note":"","_monsterinsights_sitenote_category":0,"footnotes":""},"categories":[13,8,31],"tags":[71,55],"class_list":{"0":"post-19991","1":"post","2":"type-post","3":"status-publish","4":"format-standard","5":"has-post-thumbnail","7":"category-arbitragem","8":"category-voleibol","9":"category-voleitv","10":"tag-epoca-2022-2023","11":"tag-liga-lidl","12":"czr-hentry"},"aioseo_notices":[],"_links":{"self":[{"href":"https:\/\/fpvoleibol.pt\/fpv\/wp-json\/wp\/v2\/posts\/19991","targetHints":{"allow":["GET"]}}],"collection":[{"href":"https:\/\/fpvoleibol.pt\/fpv\/wp-json\/wp\/v2\/posts"}],"about":[{"href":"https:\/\/fpvoleibol.pt\/fpv\/wp-json\/wp\/v2\/types\/post"}],"author":[{"embeddable":true,"href":"https:\/\/fpvoleibol.pt\/fpv\/wp-json\/wp\/v2\/users\/2"}],"replies":[{"embeddable":true,"href":"https:\/\/fpvoleibol.pt\/fpv\/wp-json\/wp\/v2\/comments?post=19991"}],"version-history":[{"count":4,"href":"https:\/\/fpvoleibol.pt\/fpv\/wp-json\/wp\/v2\/posts\/19991\/revisions"}],"predecessor-version":[{"id":20084,"href":"https:\/\/fpvoleibol.pt\/fpv\/wp-json\/wp\/v2\/posts\/19991\/revisions\/20084"}],"wp:featuredmedia":[{"embeddable":true,"href":"https:\/\/fpvoleibol.pt\/fpv\/wp-json\/wp\/v2\/media\/19994"}],"wp:attachment":[{"href":"https:\/\/fpvoleibol.pt\/fpv\/wp-json\/wp\/v2\/media?parent=19991"}],"wp:term":[{"taxonomy":"category","embeddable":true,"href":"https:\/\/fpvoleibol.pt\/fpv\/wp-json\/wp\/v2\/categories?post=19991"},{"taxonomy":"post_tag","embeddable":true,"href":"https:\/\/fpvoleibol.pt\/fpv\/wp-json\/wp\/v2\/tags?post=19991"}],"curies":[{"name":"wp","href":"https:\/\/api.w.org\/{rel}","templated":true}]}}