{"id":19962,"date":"2022-10-11T14:31:01","date_gmt":"2022-10-11T14:31:01","guid":{"rendered":"https:\/\/fpvoleibol.pt\/fpv\/?p=19962"},"modified":"2022-10-18T14:12:48","modified_gmt":"2022-10-18T14:12:48","slug":"benfica-x-apeldoorn-na-liga-dos-campeoes","status":"publish","type":"post","link":"https:\/\/fpvoleibol.pt\/fpv\/2022\/10\/11\/benfica-x-apeldoorn-na-liga-dos-campeoes\/","title":{"rendered":"BENFICA x APELDOORN NA LIGA DOS CAMPE\u00d5ES"},"content":{"rendered":"<p><img loading=\"lazy\" decoding=\"async\" class=\"size-full wp-image-19982 aligncenter\" src=\"https:\/\/fpvoleibol.pt\/fpv\/wp-content\/uploads\/2022\/10\/slbxapeldoorn.jpg\" alt=\"\" width=\"1000\" height=\"540\" srcset=\"https:\/\/fpvoleibol.pt\/fpv\/wp-content\/uploads\/2022\/10\/slbxapeldoorn.jpg 1000w, https:\/\/fpvoleibol.pt\/fpv\/wp-content\/uploads\/2022\/10\/slbxapeldoorn-300x162.jpg 300w, https:\/\/fpvoleibol.pt\/fpv\/wp-content\/uploads\/2022\/10\/slbxapeldoorn-768x415.jpg 768w\" sizes=\"auto, (max-width: 1000px) 100vw, 1000px\" \/>O <strong>SL Benfica<\/strong> recebe amanh\u00e3 (20h00), no Pavilh\u00e3o N.\u00ba 2 do Est\u00e1dio da Luz, os neerlandeses do <span style=\"text-decoration: underline;\">Dynamo Apeldoorn<\/span>, em jogo da segunda m\u00e3o da 2.\u00aa Ronda da <a href=\"https:\/\/championsleague.cev.eu\/en\/\">Liga dos Campe\u00f5es<\/a> 2023 que contar\u00e1 com o portugu\u00eas <span style=\"text-decoration: underline;\">Nuno Teixeira<\/span> como \u00c1rbitro de Reserva.<\/p>\n<p>No primeiro jogo, disputado nos Pa\u00edses Baixos, a equipa de <strong>Marcel Matz<\/strong>\u00a0venceu por <a href=\"https:\/\/www-old.cev.eu\/Competition-Area\/MatchStatistics.aspx?ID=63682\">3-1 (25-12, 20-25, 25-18 e 25-12)<\/a>, pelo que precisa <em>apenas<\/em> de voltar a ganhar por qualquer resultado, podendo mesmo perder pela margem m\u00ednima. Contudo, se perderem por 0-3 ou 1-3, as <em>\u00e1guias<\/em> da Luz ter\u00e3o de disputar um set de desempate (<a href=\"https:\/\/fpvoleibol.pt\/fpv\/wp-content\/uploads\/2021\/10\/Golden_Set_Clubs.pdf\">Golden Set<\/a>).<\/p>\n<p>Em declara\u00e7\u00f5es \u00e0 <span style=\"color: #ff0000;\"><a style=\"color: #ff0000;\" href=\"https:\/\/www.slbenfica.pt\/pt-pt\/agora\/noticias\/2022\/10\/11\/voleibol-benfica-antevisao-dynamo-apeldoorn-jogo-2-ronda-2-qualificacao-liga-dos-campeoes\">Benfica TV<\/a><\/span>, o treinador <strong>Marcel Matz<\/strong> salientou:<br \/>\n&#8220;<em>Nesta fase, tivemos sempre o primeiro jogo em casa e a decis\u00e3o aconteceu fora. Precisamos de vencer dois sets e agora favorece-nos ter a decis\u00e3o em casa. <\/em><br \/>\n<em>Teoricamente, a eliminat\u00f3ria est\u00e1 bem encaminhada, mas \u00e9 um jogo perigoso e ainda precisamos de jogar. A expectativa \u00e9 que muita gente venha ver o jogo<\/em>&#8220;.<\/p>\n<p>O libero <strong>Ivo Casas<\/strong> afinou pelo mesmo diapas\u00e3o:<br \/>\n&#8220;<em>Ser\u00e1 o nosso primeiro jogo oficial em casa nesta \u00e9poca e estamos ansiosos. Esperamos que os adeptos compare\u00e7am em for\u00e7a, pois queremos dar-lhes uma alegria. O nosso foco \u00e9 ganhar o jogo.\u00a0 Queremos muito estar na fase de grupos da Liga dos Campe\u00f5es; relaxar n\u00e3o passa pela cabe\u00e7a de ningu\u00e9m<\/em>&#8220;.<\/p>\n<p style=\"text-align: center;\">Ver mais declara\u00e7\u00f5es <a href=\"https:\/\/www.slbenfica.pt\/pt-pt\/agora\/noticias\/2022\/10\/11\/voleibol-benfica-antevisao-dynamo-apeldoorn-jogo-2-ronda-2-qualificacao-liga-dos-campeoes\">AQUI<\/a><\/p>\n<p>O vencedor da eliminat\u00f3ria entre o SL Benfica e o Dynamo Apeldoorn defrontar\u00e1 na 3.\u00aa Ronda o vencedor da eliminat\u00f3ria entre o Ford Levoranta Sastamala (Finl\u00e2ndia) e o SK Zadruga AICH\/DOB (\u00c1ustria).<br \/>\nNo primeiro jogo, os austr\u00edacos venceram, em casa, por 3-2. A 2.\u00aa m\u00e3o est\u00e1 agendada para quinta-feira, na Finl\u00e2ndia.<br \/>\nQuem alcan\u00e7ar a 4.\u00aa Ronda da Liga dos Campe\u00f5es integrar\u00e1 a Pool C, formada pelos italianos do Cucine Lube Civitanova, os belgas do Knack Roeselare os franceses do Tours VB.<\/p>\n<p>Em 2022, saldou-se por um 9.\u00ba lugar a participa\u00e7\u00e3o dos <em>encarnados da Luz<\/em>\u00a0na Liga dos Campe\u00f5es, que n\u00e3o teve campe\u00e3o na edi\u00e7\u00e3o de 2020 devido \u00e0 pandemia de COVID-19 e foi vencida sensacionalmente em 2021 e 2022 pelos polacos do Grupa Azoty Kedzierzyn Kozle.<br \/>\nO regresso \u00e0 <em>Champions<\/em> segue-se a v\u00e1rias participa\u00e7\u00f5es na Challenge Cup, onde chegaram a ser vice-campe\u00f5es em 2014\/2015 e 3.\u00bas classificados na \u00e9poca seguinte.<br \/>\nEm 2019\/2020, \u00e9poca em que n\u00e3o foi atribu\u00eddo o t\u00edtulo de campe\u00e3o europeu, o SL Benfica defrontou, na fase de grupos da Liga dos Campe\u00f5es, os italianos do Sir Sicoma Monini Perugia, os franceses do Tours VB e os polacos do Verva Warszawa Orlen, tendo averbado apenas um triunfo, em casa, diante dos polacos.<\/p>\n<p>Em rela\u00e7\u00e3o aos outros clubes portugueses que disputam as competi\u00e7\u00f5es europeias 2022\/2023, as equipas de seniores masculinos da <strong>AJ Fonte do Bastardo<\/strong> e do <strong>Sporting CP<\/strong> disputam a <a href=\"https:\/\/www.cev.eu\/club\/volleyball-challenge-cup\/men\/\">Challenge Cup<\/a>.<br \/>\nNos 16 avos-de-final da Challenge Cup, os a\u00e7orianos recebem os finlandeses do Akaa Volley no dia 9 de Novembro, jogando fora no dia 16 de Novembro.<br \/>\nIgualmente nos 16 avos-de-final, os <em>le\u00f5es de Alvalade<\/em> visitam primeiro o Parnu VC (9 de Novembro), recebendo depois os est\u00f3nios no dia 16 de Novembro.<br \/>\nEm 2019, o Sporting CP foi 3.\u00ba classificado, ap\u00f3s ter sido afastado da final pelos italianos do Vero Volley Monza, e em 2020 atingiu novamente as meias-finais, antes da prova ter sido interrompida pela pandemia.<\/p>\n<p>Na <a href=\"https:\/\/www.cev.eu\/club\/volleyball-challenge-cup\/women\/\">Challenge Cup<\/a> &#8211; femininos, a <strong>AJM\/FC Porto<\/strong><strong>, <\/strong>campe\u00e3 portuguesa, recebe o Apollo 8 Borne, dos Pa\u00edses Baixos, no dia 22 de Novembro (20h00), visitando as suas advers\u00e1rias no dia 30 de Novembro nos 32 avos-de-final.<br \/>\nEm 2021, a AJM\/FC Porto foi 9.\u00aa classificada na Challenge Cup, alcan\u00e7ando a mesma classifica\u00e7\u00e3o na <a href=\"https:\/\/www-old.cev.eu\/Competition-Area\/competition.aspx?ID=1320&amp;PID=-2\">Ta\u00e7a CEV<\/a>, em 2022.<\/p>\n<p>Por seu turno, as a\u00e7orianas do <strong>Clube Kair\u00f3<\/strong>s v\u00e3o defrontar, nos 32 avos-de-final, as su\u00ed\u00e7as do TS Volley Dudingen, primeiro <em>extra muros<\/em> (22 de Novembro) e depois em <em>casa<\/em> (30 de Novembro). Em 2021, o <strong>Clube K<\/strong> passou pela primeira vez da 2.\u00aa ronda e s\u00f3 seria eliminado nos quartos-de-final pelas turcas do Sistem9 Yesilyurt Istanbul, que se sagrariam vencedoras da prova.<\/p>\n<p>Os vencedores das 1.\u00aa, 2.\u00aa e 3.\u00aa rondas da\u00a0<strong>Liga dos Campe\u00f5es<\/strong>\u00a0passam sucessivamente \u00e0 fase seguinte, enquanto os derrotados nessas fases\u00a0<em>descem<\/em>\u00a0\u00e0\u00a0<strong>Ta\u00e7a CEV<\/strong>, onde ir\u00e3o disputar os 32-avos-de-final ou os 16-avos-de-final.<\/p>\n<p>Na 3.\u00aa ronda, passam duas equipas \u00e0 fase de grupos, que ser\u00e1 disputada por 20 equipas.<\/p>\n<p>O vencedor da\u00a0<strong>Liga dos Campe\u00f5es<\/strong>\u00a0(masculinos ou femininos) receber\u00e1 500 mil euros de pr\u00e9mio, o 2.\u00ba classificado 250 mil euros e o 3.\u00ba classificado 125 mil euros.<br \/>\nNa\u00a0<strong>Ta\u00e7a CEV<\/strong>, o vencedor (masculinos ou femininos) receber\u00e1 80 mil euros de pr\u00e9mio, o 2.\u00ba classificado 60 mil euros e os 3.\u00bas classificados 30 mil euros.<br \/>\nNa\u00a0<strong>Challenge CEV<\/strong>, o vencedor (masculinos ou femininos) receber\u00e1 50 mil euros de pr\u00e9mio, o 2.\u00ba classificado 30 mil euros e os 3.\u00bas classificados 15 mil euros.<\/p>\n<p style=\"text-align: center;\"><span style=\"text-decoration: underline;\"><strong>\u00c1rbitros portugueses em ac\u00e7\u00e3o<\/strong><\/span><\/p>\n<p style=\"text-align: center;\"><span style=\"text-decoration: underline;\"><strong>Competi\u00e7\u00f5es Europeias<\/strong><\/span><\/p>\n<p><strong>V\u00edtor Gon\u00e7alves<\/strong><br \/>\nMontpellier HSC VB (Fran\u00e7a) x VfB Friedrichshafen (Alemanha), da Pool A da 4.\u00aa Ronda da Liga dos Campe\u00f5es &#8211; masculinos, no dia 10 de Janeiro de 2023.<br \/>\nOpowervolleys Duren (Alemanha) x Sir Sicoma Monini Perugia (It\u00e1lia), da Pool E da 4.\u00aa Ronda da Liga dos Campe\u00f5es &#8211; masculinos, no dia 31 de Novembro de 2022.<\/p>\n<p><strong>Pedro Pinto<\/strong><br \/>\nVencedor da eliminat\u00f3ria VDK Gent Dames (B\u00e9lgica) x Vasas Obuda Budapeste (Hungria) <em>versus<\/em> Vencedor da eliminat\u00f3ria Tenerife La Laguna (Espanha) x Bimal-Jedinstvo Brcko (B\u00f3snia-Herzegovina), da 2.\u00aa Ronda da Liga dos Campe\u00f5es &#8211; femininos, em data a definir.<br \/>\nTrentino Itas (It\u00e1lia) x Cez Karlovarsko (Ch\u00e9quia), da Pool D da 4.\u00aa Ronda da Liga dos Campe\u00f5es &#8211; masculinos, no dia 15 de Dezembro de 2022.<\/p>\n<p><strong>Ricardo Ferreira<\/strong><br \/>\nBerlin Recycling Volleys (Alemanha) x Aluron CMC Warta Zawiercie (Pol\u00f3nia), da Pool B da 4.\u00aa Ronda da Liga dos Campe\u00f5es &#8211; masculinos, no dia 25 de Janeiro de 2023.<br \/>\nDerrotado do Mladost Zagreb (Cro\u00e1cia) ou Calcit Kamnik (Eslov\u00e9nia) <em>versus<\/em> Crvena Zvezda Beograd (S\u00e9rvia) ou Polkky Kuusamo (Finl\u00e2ndia) x Derrotado do VDK Gent Dames (B\u00e9lgica) ou Vasas Obuda Budapeste (Hungria) <em>versus<\/em> Tenerife La Laguna (Espanha) ou Bimal-Jedinstvo Brcko (B\u00f3snia-Herzegovina), da 3.\u00aa Ronda da Liga dos Campe\u00f5es &#8211; femininos, em data a definir.<\/p>\n<p><strong>Raquel Portela<\/strong><br \/>\nVencedor do Calcit Kamnik (Eslov\u00e9nia) x Derrotado da eliminat\u00f3ria SK Zadruga AICH\/DOB (\u00c1ustria) x Ford Levoranta Sastamala (Finl\u00e2ndia) <em>versus<\/em> Lycurgus Groningen (Pa\u00edses Baixos), dos 16 avos-de-final da Ta\u00e7a CEV &#8211; masculinos, no dia 9 de Novembro de 2022.<\/p>\n<p><strong>Nuno Teixeira<\/strong><br \/>\nVencedor do Guaguas Las Palmas (Espanha) x Deya Volley Burgas (Bulg\u00e1ria) x Lausanne UC (Su\u00ed\u00e7a), dos 16 avos-de-final da Challenge Cup &#8211; masculinos, no dia 8 de Novembro de 2022.<br \/>\n\u00c1rbitro de Reserva no SL Benfica x Dynamo Apeldoorn (Pa\u00edses Baixos), da 2.\u00aa Ronda da Liga dos Campe\u00f5es &#8211; masculinos, no dia 12 de Outubro de 2022.<\/p>\n<p><strong>Jos\u00e9 Caramez<\/strong><br \/>\nCV Melilla (Espanha) x Vencedor da eliminat\u00f3ria Epicentr Podolyany Horodok (Ucr\u00e2nia) <em>versus<\/em> Merkur Maribor (Eslov\u00e9nia), dos 16 avos-de-final da Challenge Cup &#8211; masculinos, no dia 16 de Novembro de 2022.<\/p>\n<p>Mais informa\u00e7\u00f5es em\u00a0<a href=\"http:\/\/www.cev.eu\/\">www.cev.eu<\/a><\/p>\n","protected":false},"excerpt":{"rendered":"<p>O SL Benfica recebe amanh\u00e3 (20h00), no Pavilh\u00e3o N.\u00ba 2 do Est\u00e1dio da Luz, os neerlandeses do Dynamo Apeldoorn, em jogo da segunda m\u00e3o da 2.\u00aa Ronda da Liga dos [&hellip;]<\/p>\n","protected":false},"author":2,"featured_media":19983,"comment_status":"open","ping_status":"open","sticky":false,"template":"","format":"standard","meta":{"_monsterinsights_skip_tracking":false,"_monsterinsights_sitenote_active":false,"_monsterinsights_sitenote_note":"","_monsterinsights_sitenote_category":0,"footnotes":""},"categories":[8],"tags":[54,32,53],"class_list":{"0":"post-19962","1":"post","2":"type-post","3":"status-publish","4":"format-standard","5":"has-post-thumbnail","7":"category-voleibol","8":"tag-challenge-cup","9":"tag-liga-dos-campeoes","10":"tag-taca-cev","11":"czr-hentry"},"aioseo_notices":[],"_links":{"self":[{"href":"https:\/\/fpvoleibol.pt\/fpv\/wp-json\/wp\/v2\/posts\/19962","targetHints":{"allow":["GET"]}}],"collection":[{"href":"https:\/\/fpvoleibol.pt\/fpv\/wp-json\/wp\/v2\/posts"}],"about":[{"href":"https:\/\/fpvoleibol.pt\/fpv\/wp-json\/wp\/v2\/types\/post"}],"author":[{"embeddable":true,"href":"https:\/\/fpvoleibol.pt\/fpv\/wp-json\/wp\/v2\/users\/2"}],"replies":[{"embeddable":true,"href":"https:\/\/fpvoleibol.pt\/fpv\/wp-json\/wp\/v2\/comments?post=19962"}],"version-history":[{"count":8,"href":"https:\/\/fpvoleibol.pt\/fpv\/wp-json\/wp\/v2\/posts\/19962\/revisions"}],"predecessor-version":[{"id":20174,"href":"https:\/\/fpvoleibol.pt\/fpv\/wp-json\/wp\/v2\/posts\/19962\/revisions\/20174"}],"wp:featuredmedia":[{"embeddable":true,"href":"https:\/\/fpvoleibol.pt\/fpv\/wp-json\/wp\/v2\/media\/19983"}],"wp:attachment":[{"href":"https:\/\/fpvoleibol.pt\/fpv\/wp-json\/wp\/v2\/media?parent=19962"}],"wp:term":[{"taxonomy":"category","embeddable":true,"href":"https:\/\/fpvoleibol.pt\/fpv\/wp-json\/wp\/v2\/categories?post=19962"},{"taxonomy":"post_tag","embeddable":true,"href":"https:\/\/fpvoleibol.pt\/fpv\/wp-json\/wp\/v2\/tags?post=19962"}],"curies":[{"name":"wp","href":"https:\/\/api.w.org\/{rel}","templated":true}]}}