{"id":19934,"date":"2022-10-07T15:17:55","date_gmt":"2022-10-07T15:17:55","guid":{"rendered":"https:\/\/fpvoleibol.pt\/fpv\/?p=19934"},"modified":"2022-10-07T15:18:18","modified_gmt":"2022-10-07T15:18:18","slug":"sub-17-masculinos-preparam-qualificacao-para-o-europeu","status":"publish","type":"post","link":"https:\/\/fpvoleibol.pt\/fpv\/2022\/10\/07\/sub-17-masculinos-preparam-qualificacao-para-o-europeu\/","title":{"rendered":"SUB-17 MASCULINOS PREPARAM QUALIFICA\u00c7\u00c3O PARA O EUROPEU"},"content":{"rendered":"<p><img loading=\"lazy\" decoding=\"async\" class=\"size-full wp-image-19943 aligncenter\" src=\"https:\/\/fpvoleibol.pt\/fpv\/wp-content\/uploads\/2022\/10\/u17m2021_1.jpg\" alt=\"\" width=\"1000\" height=\"667\" srcset=\"https:\/\/fpvoleibol.pt\/fpv\/wp-content\/uploads\/2022\/10\/u17m2021_1.jpg 1000w, https:\/\/fpvoleibol.pt\/fpv\/wp-content\/uploads\/2022\/10\/u17m2021_1-300x200.jpg 300w, https:\/\/fpvoleibol.pt\/fpv\/wp-content\/uploads\/2022\/10\/u17m2021_1-768x512.jpg 768w\" sizes=\"auto, (max-width: 1000px) 100vw, 1000px\" \/>Tendo em vista o in\u00edcio da <strong>Selec\u00e7\u00e3o Nacional de Sub-17 Masculinos<\/strong> que ir\u00e1 disputar, em Janeiro de 2023, o Torneio WEVZA*, 1.\u00aa Ronda de qualifica\u00e7\u00e3o para o <a href=\"https:\/\/www.cev.eu\/national-team\/age-group-championships\/\">Campeonato da Europa 2023<\/a> da categoria, foram convocados 18 atletas para a realiza\u00e7\u00e3o de treinos regulares, que ir\u00e3o decorrer na Escola Secund\u00e1ria Carolina Michaelis, no Porto, a partir do dia 10 de Outubro e de segunda a quinta-feira, das 18h00 \u00e0s 21h30.<\/p>\n<p style=\"text-align: center;\"><span style=\"text-decoration: underline;\"><strong>Atletas convocados<\/strong><\/span><\/p>\n<p style=\"text-align: center;\"><b>AA Espinho<\/b><br \/>\nJo\u00e3o Fontes<br \/>\n<b><br \/>\n<\/b><b>CA\u00a0<\/b><b>Madalena<\/b><br \/>\nJo\u00e3o M\u00e1ximo Fran\u00e7a<\/p>\n<p style=\"text-align: center;\"><b>Cast\u00ealo da Maia GC<\/b><br \/>\nAlexandre Cola\u00e7o<\/p>\n<p style=\"text-align: center;\"><b>CV Oeiras<\/b><br \/>\nJo\u00e3o Borga<br \/>\nLeandro Prey<br \/>\nPedro Abecassis<\/p>\n<p style=\"text-align: center;\"><b>Esmoriz GC<\/b><br \/>\nRafael Pinto<br \/>\nTiago Ferradaz<\/p>\n<p style=\"text-align: center;\"><b>GC Vilacondense<\/b><br \/>\nPedro Ferreira<\/p>\n<p style=\"text-align: center;\"><b>Leix\u00f5es SC<\/b><br \/>\nAndr\u00e9 Leal<br \/>\nFrancisco Pinho<br \/>\nGabriel Pereira<br \/>\n<b><br \/>\n<\/b><b>SC\u00a0<\/b><b>Espinho<\/b><br \/>\nVasco Dias Cardoso<br \/>\nRicardo Pedrosa<br \/>\n<b><br \/>\n<\/b><b>Sporting C<\/b><b>P<\/b><br \/>\nDiogo Br\u00e1s<\/p>\n<p style=\"text-align: center;\"><b>SL Benfica<\/b><br \/>\nLu\u00eds Candeias<br \/>\nVasco Lopes<\/p>\n<p style=\"text-align: center;\"><b>VC Viana<\/b><br \/>\nAfonso Felgueiras<\/p>\n<p style=\"font-weight: 400; text-align: left;\">*<span style=\"font-size: 8pt;\">Mais conhecida pela sigla WEVZA, a <strong>Associa\u00e7\u00e3o Zonal de Voleibol do Oeste Europeu <\/strong>foi constitu\u00edda no dia 26 de Setembro de 2013, integra oito pa\u00edses \u2013 Portugal, Espanha, Alemanha, B\u00e9lgica, It\u00e1lia, Holanda, Fran\u00e7a e Su\u00ed\u00e7a \u2013 e tem actualmente como Presidente o portugu\u00eas Vicente Ara\u00fajo, Presidente da FPV, e como Vice-Presidentes o franc\u00eas Eric Tanguy, Presidente da Federa\u00e7\u00e3o Francesa, e o belga Claude Kriescher, representante da Federa\u00e7\u00e3o Belga.<br \/>\n<\/span><span style=\"font-size: 8pt;\">O objectivo primordial desta associa\u00e7\u00e3o zonal \u00e9 fortalecer e fomentar a organiza\u00e7\u00e3o de actividades desportivas, tanto de Voleibol como de Voleibol de Praia, com especial \u00eanfase nas categorias de forma\u00e7\u00e3o.<br \/>\n<\/span><span style=\"font-size: 8pt;\">A Confedera\u00e7\u00e3o Europeia de Voleibol (CEV) conta com seis associa\u00e7\u00f5es zonais: a WEVZA (Europa Ocidental), a BVA (Balc\u00e3s), a EEVZA (Europa de Leste), a MEVZA (Europa Central), a NEVZA (Europa do Norte) e ainda a SCD (Divis\u00e3o dos Pequenos Pa\u00edses), da qual fazem parte Andorra, Chipre, Ilhas Faro\u00e9, Gibraltar, Gronel\u00e2ndia, Isl\u00e2ndia, Irlanda, Liechtenstein, Luxemburgo, Malta, M\u00f3naco, Irlanda do Norte, San Marino, Esc\u00f3cia e Pa\u00eds de Gales.<\/span><\/p>\n<p class=\"auto-style2\" align=\"justify\">Mais informa\u00e7\u00f5es:\u00a0<a href=\"http:\/\/wevza.com\/\" target=\"_blank\" rel=\"noopener noreferrer\">www.wevza.com<\/a>\u00a0\/\u00a0\u00a0<a href=\"http:\/\/www.cev.eu\" target=\"_blank\" rel=\"noopener noreferrer\">www.cev.eu<\/a><\/p>\n","protected":false},"excerpt":{"rendered":"<p>Tendo em vista o in\u00edcio da Selec\u00e7\u00e3o Nacional de Sub-17 Masculinos que ir\u00e1 disputar, em Janeiro de 2023, o Torneio WEVZA*, 1.\u00aa Ronda de qualifica\u00e7\u00e3o para o Campeonato da Europa [&hellip;]<\/p>\n","protected":false},"author":2,"featured_media":19944,"comment_status":"open","ping_status":"open","sticky":false,"template":"","format":"standard","meta":{"_monsterinsights_skip_tracking":false,"_monsterinsights_sitenote_active":false,"_monsterinsights_sitenote_note":"","_monsterinsights_sitenote_category":0,"footnotes":""},"categories":[8],"tags":[71,34,50],"class_list":{"0":"post-19934","1":"post","2":"type-post","3":"status-publish","4":"format-standard","5":"has-post-thumbnail","7":"category-voleibol","8":"tag-epoca-2022-2023","9":"tag-sub-17","10":"tag-wevza","11":"czr-hentry"},"aioseo_notices":[],"_links":{"self":[{"href":"https:\/\/fpvoleibol.pt\/fpv\/wp-json\/wp\/v2\/posts\/19934","targetHints":{"allow":["GET"]}}],"collection":[{"href":"https:\/\/fpvoleibol.pt\/fpv\/wp-json\/wp\/v2\/posts"}],"about":[{"href":"https:\/\/fpvoleibol.pt\/fpv\/wp-json\/wp\/v2\/types\/post"}],"author":[{"embeddable":true,"href":"https:\/\/fpvoleibol.pt\/fpv\/wp-json\/wp\/v2\/users\/2"}],"replies":[{"embeddable":true,"href":"https:\/\/fpvoleibol.pt\/fpv\/wp-json\/wp\/v2\/comments?post=19934"}],"version-history":[{"count":5,"href":"https:\/\/fpvoleibol.pt\/fpv\/wp-json\/wp\/v2\/posts\/19934\/revisions"}],"predecessor-version":[{"id":19946,"href":"https:\/\/fpvoleibol.pt\/fpv\/wp-json\/wp\/v2\/posts\/19934\/revisions\/19946"}],"wp:featuredmedia":[{"embeddable":true,"href":"https:\/\/fpvoleibol.pt\/fpv\/wp-json\/wp\/v2\/media\/19944"}],"wp:attachment":[{"href":"https:\/\/fpvoleibol.pt\/fpv\/wp-json\/wp\/v2\/media?parent=19934"}],"wp:term":[{"taxonomy":"category","embeddable":true,"href":"https:\/\/fpvoleibol.pt\/fpv\/wp-json\/wp\/v2\/categories?post=19934"},{"taxonomy":"post_tag","embeddable":true,"href":"https:\/\/fpvoleibol.pt\/fpv\/wp-json\/wp\/v2\/tags?post=19934"}],"curies":[{"name":"wp","href":"https:\/\/api.w.org\/{rel}","templated":true}]}}