{"id":19896,"date":"2022-10-07T15:25:38","date_gmt":"2022-10-07T15:25:38","guid":{"rendered":"https:\/\/fpvoleibol.pt\/fpv\/?p=19896"},"modified":"2022-10-07T15:25:38","modified_gmt":"2022-10-07T15:25:38","slug":"liga-lidl-2022-2023-2","status":"publish","type":"post","link":"https:\/\/fpvoleibol.pt\/fpv\/2022\/10\/07\/liga-lidl-2022-2023-2\/","title":{"rendered":"LIGA LIDL 2022\/2023"},"content":{"rendered":"<p><img loading=\"lazy\" decoding=\"async\" class=\"size-full wp-image-17765 aligncenter\" src=\"https:\/\/fpvoleibol.pt\/fpv\/wp-content\/uploads\/2022\/07\/noticias_lidl_2022-2023_d.jpg\" alt=\"\" width=\"960\" height=\"542\" srcset=\"https:\/\/fpvoleibol.pt\/fpv\/wp-content\/uploads\/2022\/07\/noticias_lidl_2022-2023_d.jpg 960w, https:\/\/fpvoleibol.pt\/fpv\/wp-content\/uploads\/2022\/07\/noticias_lidl_2022-2023_d-300x169.jpg 300w, https:\/\/fpvoleibol.pt\/fpv\/wp-content\/uploads\/2022\/07\/noticias_lidl_2022-2023_d-768x434.jpg 768w, https:\/\/fpvoleibol.pt\/fpv\/wp-content\/uploads\/2022\/07\/noticias_lidl_2022-2023_d-528x297.jpg 528w\" sizes=\"auto, (max-width: 960px) 100vw, 960px\" \/>Tal como na \u00e9poca anterior, a <a href=\"https:\/\/fpv-web.dataproject.com\/CompetitionHome.aspx?ID=71\">Liga Lidl<\/a>\u00a0\u00e9 a <strong>designa\u00e7\u00e3o oficial<\/strong> da I Divis\u00e3o de <a href=\"https:\/\/www.fpvoleibol.pt\/regulamentos\/reg_esc_seniores_.pdf?_ga=2.223434008.2033278361.1665046311-2000524458.1664183223\">seniores femininos<\/a> para 2022\/2023.<\/p>\n<p>O <em>arranque<\/em> do principal escal\u00e3o de femininos est\u00e1 marcado para o dia 9 de Outubro (domingo) e a jornada inaugural da Liga Lidl apresenta, entre outros <em>argumentos<\/em>, jogos que envolvem candidatos aos lugares cimeiros, como o AJM\/FC Porto x PV 2014\/Academia de Voleibol Col\u00e9gio Efanor, o Clube Kair\u00f3s x Sporting CP, o CS Madeira x SL Benfica ou o Leix\u00f5es SC x SC Espinho, este \u00faltimo com transmiss\u00e3o em directo na \u00a0<a href=\"https:\/\/www.volei.tv\/\">Volei TV<\/a>.<\/p>\n<p>A AJM\/FC Porto, campe\u00e3 nacional em t\u00edtulo, defronta o Sporting CP, vencedor da Ta\u00e7a FPV, na 3.\u00aa jornada, e o Leix\u00f5es SC, vencedor da Ta\u00e7a de Portugal, na 4.\u00aa ronda.<\/p>\n<p>Esta 1.\u00aa Fase ser\u00e1 disputada no sistema de <em>todos contra todos<\/em>, a uma volta, sendo que da 1.\u00aa para a 2.\u00aa Fase passam 20 por cento do n\u00famero das vit\u00f3rias e 20% dos pontos.<br \/>\nVer mais informa\u00e7\u00f5es <a href=\"https:\/\/fpvoleibol.pt\/fpv\/wp-content\/uploads\/2022\/10\/LigaLidl_2022_2023_ESQP.pdf\">AQUI<\/a><\/p>\n<p style=\"text-align: center;\"><span style=\"text-decoration: underline;\"><strong>1.\u00aa Jornada<\/strong><\/span><\/p>\n<p><span style=\"text-decoration: underline;\"><strong>9.Outubro.2022<\/strong><\/span><br \/>\n<strong>15h00 locais<\/strong> \u2013 <a href=\"https:\/\/fpv-web.dataproject.com\/CompetitionTeamDetails.aspx?TeamID=611&amp;ID=71\">Clube Kair\u00f3s<\/a> x <a href=\"https:\/\/fpv-web.dataproject.com\/CompetitionTeamDetails.aspx?TeamID=618&amp;ID=71\">Sporting CP<\/a>, no Pav. do Clube K<br \/>\n<strong>17h00<\/strong> \u2013 <a href=\"https:\/\/fpv-web.dataproject.com\/CompetitionTeamDetails.aspx?TeamID=754&amp;ID=71\">CS Madeira<\/a> x <a href=\"https:\/\/fpv-web.dataproject.com\/CompetitionTeamDetails.aspx?TeamID=616&amp;ID=71\">SL Benfica<\/a>, no Pavilh\u00e3o da Levada<br \/>\n<strong>16h00<\/strong> \u2013 <a href=\"https:\/\/fpv-web.dataproject.com\/CompetitionTeamDetails.aspx?TeamID=607&amp;ID=71\">AVC Famalic\u00e3o<\/a> x <a href=\"https:\/\/fpv-web.dataproject.com\/CompetitionTeamDetails.aspx?TeamID=612&amp;ID=71\">GC Vilacondense<\/a>, no Pav. Mun. Lameiras<br \/>\n<strong>16h00<\/strong> \u2013 <a href=\"https:\/\/fpv-web.dataproject.com\/CompetitionTeamDetails.aspx?TeamID=740&amp;ID=71\">SC Braga\/U. Minho<\/a> x <a href=\"https:\/\/fpv-web.dataproject.com\/CompetitionTeamDetails.aspx?TeamID=610&amp;ID=71\">Cast\u00ealo da Maia GC<\/a>, no Pav. Univ. Minho &#8211; Gualtar<br \/>\n<strong>16h00<\/strong> \u2013 <a href=\"https:\/\/fpv-web.dataproject.com\/CompetitionTeamDetails.aspx?TeamID=617&amp;ID=71\">Vit\u00f3ria SC<\/a> x <a href=\"https:\/\/fpv-web.dataproject.com\/CompetitionTeamDetails.aspx?TeamID=608&amp;ID=71\">Boavista FC<\/a>, no Pav. Desp. Unid. Vimaranense<br \/>\n<strong>16h00<\/strong> \u2013 <a href=\"https:\/\/fpv-web.dataproject.com\/CompetitionTeamDetails.aspx?TeamID=604&amp;ID=71\">Leix\u00f5es SC<\/a> x <a href=\"https:\/\/fpv-web.dataproject.com\/CompetitionTeamDetails.aspx?TeamID=615&amp;ID=71\">SC Espinho<\/a>, na Nave Il\u00eddio Ramos &#8211; Centro de Desp. Congressos de Matosinhos \u2013 em directo na \u00a0<a href=\"https:\/\/www.volei.tv\/\">Volei TV<\/a><br \/>\n<strong>18h00<\/strong> \u2013 <a href=\"https:\/\/fpv-web.dataproject.com\/CompetitionTeamDetails.aspx?TeamID=603&amp;ID=71\">AJM\/FC Porto<\/a> x <a href=\"https:\/\/fpv-web.dataproject.com\/CompetitionTeamDetails.aspx?TeamID=614&amp;ID=71\">PV 2014\/Acad. Vol. Col\u00e9gio Efanor<\/a>, no Pav. Centro Luso Venezolano<\/p>\n<p>Na primeira competi\u00e7\u00e3o oficial realizada esta \u00e9poca, a da <strong>AJM\/FC Porto<\/strong> ergueu, pela quarta vez consecutiva, o trof\u00e9u da Superta\u00e7a ao vencer, por <a href=\"https:\/\/fpv-web.dataproject.com\/MatchStatistics.aspx?mID=5897&amp;ID=69&amp;CID=223&amp;PID=103&amp;type=LegList\">3-2 (25-21, 24-26, 16-25, 32-30 e 15-12)<\/a>, o <span style=\"text-decoration: underline;\">Leix\u00f5es Sport Club<\/span> no Pavilh\u00e3o Desportivo Municipal de Santo Tirso, no dia 5 de Outubro.<\/p>\n<p><span style=\"font-size: 10pt;\">*Em 2020, devido \u00e0 pandemia de COVID-19, n\u00e3o houve atribui\u00e7\u00e3o do t\u00edtulo de campe\u00e3o nacional. Ver hist\u00f3rico dos campe\u00f5es nacionais\u00a0<a href=\"https:\/\/fpvoleibol.pt\/fpv\/menu-voleibol\/historico-campeoes-nacionais\/\">aqui<\/a><\/span><\/p>\n<p style=\"text-align: center;\"><img loading=\"lazy\" decoding=\"async\" class=\"size-full wp-image-19921 aligncenter\" src=\"https:\/\/fpvoleibol.pt\/fpv\/wp-content\/uploads\/2022\/10\/1competicaooficial20222023_f.jpg\" alt=\"\" width=\"1000\" height=\"665\" srcset=\"https:\/\/fpvoleibol.pt\/fpv\/wp-content\/uploads\/2022\/10\/1competicaooficial20222023_f.jpg 1000w, https:\/\/fpvoleibol.pt\/fpv\/wp-content\/uploads\/2022\/10\/1competicaooficial20222023_f-300x200.jpg 300w, https:\/\/fpvoleibol.pt\/fpv\/wp-content\/uploads\/2022\/10\/1competicaooficial20222023_f-768x511.jpg 768w\" sizes=\"auto, (max-width: 1000px) 100vw, 1000px\" \/><span style=\"text-decoration: underline;\"><span style=\"font-size: 10pt;\"><strong>A Superta\u00e7a 2022 abriu a \u00e9poca 2022\/2023 em Santo Tirso<\/strong><\/span><\/span><\/p>\n<p style=\"text-align: center;\"><strong>Em 2021\/2022 foi assim<\/strong><\/p>\n<p>Em 2021\/2022, a <span style=\"text-decoration: underline;\">AJM\/FC Porto<\/span> sagrou-se campe\u00e3 nacional de seniores femininos pela segunda vez consecutiva ao vencer, no dia 8 de Maio, no Drag\u00e3o Arena, no Porto, o Leix\u00f5es SC por 3-1 (36-34, 25-14, 26-28 e 25-19) no quinto e \u00faltimo do Play-off do t\u00edtulo da I Divis\u00e3o Elite \u2013 3.\u00aa Fase da Liga Lidl.<\/p>\n<p style=\"text-align: center;\"><strong>3.\u00aa Fase \u2013 Divis\u00e3o Elite<\/strong><br \/>\n<strong>Play-Off #3 \u2013 Apuramento do Campe\u00e3o<\/strong><\/p>\n<p style=\"text-align: center;\">16.04.2022 \u2013 Leix\u00f5es SC x AJM\/FC Porto, 0-3 \u2013 Nave Il\u00eddio Ramos<br \/>\n23.04.2022 \u2013 AJM\/FC Porto x Leix\u00f5es SC, 3-0 \u2013 Drag\u00e3o Arena<br \/>\n24.04.2022 \u2013 AJM\/FC Porto x Leix\u00f5es SC, 1-3 \u2013 Drag\u00e3o Arena<br \/>\n01.05.2022 \u2013 Leix\u00f5es SC x AJM\/FC Porto, 3-0 \u2013 Nave Il\u00eddio Ramos<br \/>\n08.05.2022 \u2013 AJM\/FC Porto x Leix\u00f5es SC, 3-1 \u2013 Drag\u00e3o Arena<\/p>\n<p>O <span style=\"text-decoration: underline;\">Sporting Clube de Portugal<\/span> voltou a erguer o trof\u00e9u da Ta\u00e7a Federa\u00e7\u00e3o da 3.\u00aa Fase Liga Lidl ao vencer, por 3-0 (27-25, 25-15 e 25-19) o Vit\u00f3ria Sport Clube no 3.\u00ba jogo do Play-Off #12 \u2013 Apuramento Campe\u00e3o, disputado no dia 15 de Maio no Pavilh\u00e3o Jo\u00e3o Rocha, em Lisboa.<\/p>\n<p style=\"text-align: center;\"><strong>3.\u00aa Fase \u2013 Ta\u00e7a Federa\u00e7\u00e3o<\/strong><br \/>\n<strong>Play-Off #12 \u2013 Apuramento Campe\u00e3o<\/strong><\/p>\n<p style=\"text-align: center;\">07.05.2022 \u2013 Vit\u00f3ria SC x Sporting CP, 0-3, no Pav. Desp. Unidade Vimaranense<br \/>\n14.05.2022 \u2013 Sporting CP x Vit\u00f3ria SC, 2-3, no Pav. Jo\u00e3o Rocha \u2013 Lisboa<br \/>\n15.05.2022 \u2013 Sporting CP x Vit\u00f3ria SC , 3-0, no Pav. Jo\u00e3o Rocha \u2013 Lisboa<\/p>\n<p>O <span style=\"text-decoration: underline;\">Leix\u00f5es Sport Club<\/span> ergueu no dia 19 de Mar\u00e7o, pela 10.\u00aa vez (segunda consecutiva), o trof\u00e9u de vencedora da Ta\u00e7a de Portugal.<br \/>\nNa final, as <em>sereias<\/em> de Matosinhos venceram, por 3-0 (25-19, 25-15 e 26-24), o Vit\u00f3ria SC. Com este t\u00edtulo, as leixonenses t\u00eam agora mais 10 trof\u00e9us na sua vitrina, mais dois do que o Cast\u00ealo da Maia GC e tr\u00eas que o Boavista FC.<\/p>\n<p style=\"text-align: center;\"><a href=\"https:\/\/fpv-web.dataproject.com\/MainHome.aspx?\"><strong>LIGA LIDL<\/strong><\/a><\/p>\n<p style=\"text-align: center;\" align=\"justify\">Calend\u00e1rio**, resultados, estat\u00edstica e <em>live streaming<\/em> em <a href=\"https:\/\/fpv-web.dataproject.com\/MainHome.aspx?\">https:\/\/fpv-web.dataproject.com\/MainHome.aspx?<\/a><br \/>\nEquipas de arbitragem em <a href=\"https:\/\/fpvoleibol.pt\/fpv\/arbitragem\/nomeacoes\/\">https:\/\/fpvoleibol.pt\/fpv\/arbitragem\/nomeacoes\/<\/a><\/p>\n<p style=\"text-align: center;\"><span style=\"text-decoration: underline;\"><strong>Ver plant\u00e9is das equipas <a href=\"https:\/\/fpv-web.dataproject.com\/CompetitionHome.aspx?ID=71\">aqui<\/a> e\u00a0<\/strong><\/span><a href=\"https:\/\/www.fpvoleibol.pt\/regulamentos\/reg_esc_seniores_.pdf?_ga=2.223434008.2033278361.1665046311-2000524458.1664183223\">Modo de disputa 2022\/2023<\/a><br \/>\n<strong><span style=\"font-size: 8pt;\">** As horas e datas poder\u00e3o sofrer eventuais altera\u00e7\u00f5es<\/span><\/strong><\/p>\n","protected":false},"excerpt":{"rendered":"<p>Tal como na \u00e9poca anterior, a Liga Lidl\u00a0\u00e9 a designa\u00e7\u00e3o oficial da I Divis\u00e3o de seniores femininos para 2022\/2023. O arranque do principal escal\u00e3o de femininos est\u00e1 marcado para o [&hellip;]<\/p>\n","protected":false},"author":2,"featured_media":17760,"comment_status":"open","ping_status":"open","sticky":false,"template":"","format":"standard","meta":{"_monsterinsights_skip_tracking":false,"_monsterinsights_sitenote_active":false,"_monsterinsights_sitenote_note":"","_monsterinsights_sitenote_category":0,"footnotes":""},"categories":[13,8],"tags":[71,55],"class_list":{"0":"post-19896","1":"post","2":"type-post","3":"status-publish","4":"format-standard","5":"has-post-thumbnail","7":"category-arbitragem","8":"category-voleibol","9":"tag-epoca-2022-2023","10":"tag-liga-lidl","11":"czr-hentry"},"aioseo_notices":[],"_links":{"self":[{"href":"https:\/\/fpvoleibol.pt\/fpv\/wp-json\/wp\/v2\/posts\/19896","targetHints":{"allow":["GET"]}}],"collection":[{"href":"https:\/\/fpvoleibol.pt\/fpv\/wp-json\/wp\/v2\/posts"}],"about":[{"href":"https:\/\/fpvoleibol.pt\/fpv\/wp-json\/wp\/v2\/types\/post"}],"author":[{"embeddable":true,"href":"https:\/\/fpvoleibol.pt\/fpv\/wp-json\/wp\/v2\/users\/2"}],"replies":[{"embeddable":true,"href":"https:\/\/fpvoleibol.pt\/fpv\/wp-json\/wp\/v2\/comments?post=19896"}],"version-history":[{"count":12,"href":"https:\/\/fpvoleibol.pt\/fpv\/wp-json\/wp\/v2\/posts\/19896\/revisions"}],"predecessor-version":[{"id":19949,"href":"https:\/\/fpvoleibol.pt\/fpv\/wp-json\/wp\/v2\/posts\/19896\/revisions\/19949"}],"wp:featuredmedia":[{"embeddable":true,"href":"https:\/\/fpvoleibol.pt\/fpv\/wp-json\/wp\/v2\/media\/17760"}],"wp:attachment":[{"href":"https:\/\/fpvoleibol.pt\/fpv\/wp-json\/wp\/v2\/media?parent=19896"}],"wp:term":[{"taxonomy":"category","embeddable":true,"href":"https:\/\/fpvoleibol.pt\/fpv\/wp-json\/wp\/v2\/categories?post=19896"},{"taxonomy":"post_tag","embeddable":true,"href":"https:\/\/fpvoleibol.pt\/fpv\/wp-json\/wp\/v2\/tags?post=19896"}],"curies":[{"name":"wp","href":"https:\/\/api.w.org\/{rel}","templated":true}]}}