{"id":19543,"date":"2022-09-21T21:07:34","date_gmt":"2022-09-21T21:07:34","guid":{"rendered":"https:\/\/fpvoleibol.pt\/fpv\/?p=19543"},"modified":"2022-09-22T08:53:14","modified_gmt":"2022-09-22T08:53:14","slug":"sub-20-perto-de-conseguirem-o-impossivel","status":"publish","type":"post","link":"https:\/\/fpvoleibol.pt\/fpv\/2022\/09\/21\/sub-20-perto-de-conseguirem-o-impossivel\/","title":{"rendered":"SUB-20 PERTO DE CONSEGUIREM O \u00abIMPOSS\u00cdVEL\u00bb"},"content":{"rendered":"<p><img loading=\"lazy\" decoding=\"async\" class=\"size-full wp-image-19546 aligncenter\" src=\"https:\/\/fpvoleibol.pt\/fpv\/wp-content\/uploads\/2022\/09\/u20_porxbel_d.jpg\" alt=\"\" width=\"998\" height=\"593\" srcset=\"https:\/\/fpvoleibol.pt\/fpv\/wp-content\/uploads\/2022\/09\/u20_porxbel_d.jpg 998w, https:\/\/fpvoleibol.pt\/fpv\/wp-content\/uploads\/2022\/09\/u20_porxbel_d-300x178.jpg 300w, https:\/\/fpvoleibol.pt\/fpv\/wp-content\/uploads\/2022\/09\/u20_porxbel_d-768x456.jpg 768w\" sizes=\"auto, (max-width: 998px) 100vw, 998px\" \/>A <span style=\"text-decoration: underline;\">B\u00e9lgica<\/span>\u00a0venceu hoje <strong>Portugal<\/strong> pela margem m\u00ednima (<a href=\"https:\/\/www-old.cev.eu\/Competition-Area\/MatchStatistics.aspx?ID=61932\">3-2: 25-27, 25-22, 23-25, 26-24 e 15-12<\/a>), garantindo a passagem \u00e0s meias-finais e relegando a equipa lusitana para uma luta pelo 3.\u00ba ou 4.\u00ba lugar na <strong>Pool II<\/strong>\u00a0do\u00a0<a href=\"https:\/\/www.cev.eu\/national-team\/age-group-championships\/u20m\/#final-round\">Campeonato da Europa de Sub-20 Masculinos<\/a>, os \u00fanicos que permitem continuar em prova e disputar um posto entre o 5.\u00ba e o 8.\u00ba classificados na competi\u00e7\u00e3o que est\u00e1 a ser realizada nas <span style=\"text-decoration: underline;\">cidades italianas de Vasto e Montesilvano<\/span>. Para isso, Portugal precisa de vencer a Finl\u00e2ndia, amanh\u00e3, pelas 16h30.<\/p>\n<p>Num jogo em que, em <em>condi\u00e7\u00f5es normais<\/em>, a vit\u00f3ria poderia ter ca\u00eddo para qualquer dos lados \u2013 se tivesse imposto a primeira derrota \u00e0 B\u00e9lgica, a <a style=\"color: #c39b19;\" href=\"https:\/\/www.cev.eu\/team\/12421-portugal\"><strong>Selec\u00e7\u00e3o Nacional de Sub-20 Masculinos<\/strong><\/a>, orientada por Nuno Pereira, estaria agora a lutar por um dos dois lugares cimeiros&#8230; \u2013, o belga <span style=\"text-decoration: underline;\">Ferre Reggers<\/span> contabilizou 41 pontos (!), sendo o melhor pontuador do jogo, \u00e0 frente de <strong>Nuno Marques<\/strong>, com 23. Ver estat\u00edstica <a href=\"https:\/\/www-old.cev.eu\/Competition-Area\/MatchStatistics.aspx?ID=61932\">AQUI<\/a><\/p>\n<p>Todos os jogos do Europeu s\u00e3o transmitidos no <a href=\"https:\/\/youtube.com\/playlist?list=PLpjQlebsDqJGKR6cAq5cVHmN4mI4w9Ade\">canal da CEV no YouTube<\/a>, com excep\u00e7\u00e3o das meias-finais e final, que ser\u00e3o transmitidas exclusivamente na <a href=\"https:\/\/www.eurovolley.tv\/en-int\/page\/home-cev\">Eurovolley TV<\/a>.<\/p>\n<p><strong>Nuno Maia<\/strong> \u00e9 o \u00e1rbitro portugu\u00eas que est\u00e1 presente nesta fase final do Campeonato da Europa de Sub-20 Masculinos.<\/p>\n<p style=\"text-align: center;\"><span style=\"text-decoration: underline;\"><strong><img loading=\"lazy\" decoding=\"async\" class=\"size-full wp-image-19548 aligncenter\" src=\"https:\/\/fpvoleibol.pt\/fpv\/wp-content\/uploads\/2022\/09\/u20_porxbel_d2.jpg\" alt=\"\" width=\"960\" height=\"570\" srcset=\"https:\/\/fpvoleibol.pt\/fpv\/wp-content\/uploads\/2022\/09\/u20_porxbel_d2.jpg 960w, https:\/\/fpvoleibol.pt\/fpv\/wp-content\/uploads\/2022\/09\/u20_porxbel_d2-300x178.jpg 300w, https:\/\/fpvoleibol.pt\/fpv\/wp-content\/uploads\/2022\/09\/u20_porxbel_d2-768x456.jpg 768w\" sizes=\"auto, (max-width: 960px) 100vw, 960px\" \/>Pavilh\u00e3o: Pala BCC Vasto (hora local)<\/strong><\/span><\/p>\n<p style=\"text-align: center;\"><strong>17.09.2022<\/strong><br \/>\nPORTUGAL x Gr\u00e9cia, 2-3<br \/>\n17h30 \u2013 Ch\u00e9quia x Finl\u00e2ndia, 3-1<br \/>\n20h00 \u2013 Bulg\u00e1ria x B\u00e9lgica, 0-3<\/p>\n<p style=\"text-align: center;\"><strong>18.09.2022<\/strong><br \/>\n15h00 \u2013 PORTUGAL x Ch\u00e9quia, 3-0<br \/>\n17h30 \u2013 Finl\u00e2ndia x Bulg\u00e1ria, 2-3<br \/>\n20h00 \u2013 Gr\u00e9cia x B\u00e9lgica, 0-3<\/p>\n<p style=\"text-align: center;\"><strong>19.09.2022<\/strong><br \/>\n15h00 \u2013 Bulg\u00e1ria x PORTUGAL, 3-1<br \/>\n17h30 \u2013 Ch\u00e9quia x Gr\u00e9cia, 3-0<br \/>\n20h00 \u2013 B\u00e9lgica x Finl\u00e2ndia, 3-1<\/p>\n<p style=\"text-align: center;\"><strong>21.09.2022<\/strong><br \/>\n15h00 \u2013 Ch\u00e9quia x Bulg\u00e1ria, 1-3<br \/>\n17h30 \u2013 Gr\u00e9cia x Finl\u00e2ndia, 1-3<br \/>\n20h00 \u2013 PORTUGAL x B\u00e9lgica, 2-3<\/p>\n<p style=\"text-align: center;\"><strong>22.09.2022<\/strong><br \/>\n15h00 \u2013 Bulg\u00e1ria x Gr\u00e9cia<br \/>\n17h30 \u2013 Finl\u00e2ndia x PORTUGAL<br \/>\n20h00 \u2013 B\u00e9lgica x Ch\u00e9quia<\/p>\n<p style=\"text-align: center;\"><span style=\"text-decoration: underline;\">Ver mais informa\u00e7\u00f5es sobre a <strong>Fase Final do Europeu 2022<\/strong> <a href=\"https:\/\/www.cev.eu\/national-team\/age-group-championships\/u20m\/#final-round\">AQUI<\/a><\/span><\/p>\n<p><img loading=\"lazy\" decoding=\"async\" class=\"size-full wp-image-19425 aligncenter\" src=\"https:\/\/fpvoleibol.pt\/fpv\/wp-content\/uploads\/2022\/09\/snu20m-d2.jpg\" alt=\"\" width=\"1024\" height=\"681\" srcset=\"https:\/\/fpvoleibol.pt\/fpv\/wp-content\/uploads\/2022\/09\/snu20m-d2.jpg 1024w, https:\/\/fpvoleibol.pt\/fpv\/wp-content\/uploads\/2022\/09\/snu20m-d2-300x200.jpg 300w, https:\/\/fpvoleibol.pt\/fpv\/wp-content\/uploads\/2022\/09\/snu20m-d2-768x511.jpg 768w\" sizes=\"auto, (max-width: 1024px) 100vw, 1024px\" \/>A <strong>Selec\u00e7\u00e3o Nacional de Sub-20 Masculinos <\/strong>apurou-se para o Campeonato da Europa no dia 10 de Abril\u00a0ao somar o seu terceiro triunfo pela margem m\u00e1xima \u2013\u00a0 a <em>v\u00edtima<\/em> foi a poderosa Alemanha: 3-0 (26-24, 25-11 e 25-23) \u2013 na <a href=\"https:\/\/www.cev.eu\/national-team\/age-group-championships\/u20m\/#2nd-round\"><strong>Pool D de Apuramento<\/strong><\/a>, disputada no Centro Cultural de Viana do Castelo, garantindo assim a passagem directa \u00e0 fase final da competi\u00e7\u00e3o.<br \/>\nA demonstrar o equil\u00edbrio e competitividade existente nesta<em> pool<\/em>, o facto de todos os jogos\u00a0 terem sido decididos no <em>tie-break<\/em>, com a excep\u00e7\u00e3o dos jogos protagonizados por Portugal, que assim tornou evidente a sua superioridade sobre as demais selec\u00e7\u00f5es.\u00a0<span style=\"text-decoration: underline;\">Os jogos foram todos transmitidos em directo pela <strong><a href=\"https:\/\/www.volei.tv\/\">Volei.tv<\/a><\/strong><\/span><\/p>\n<p style=\"text-align: center;\"><strong>Toda a informa\u00e7\u00e3o em <a href=\"https:\/\/fpvoleibol.pt\/eurovolley2022-sub20\/\">fpvoleibol.pt\/eurovolley2022-sub20<\/a><\/strong><\/p>\n","protected":false},"excerpt":{"rendered":"<p>A B\u00e9lgica\u00a0venceu hoje Portugal pela margem m\u00ednima (3-2: 25-27, 25-22, 23-25, 26-24 e 15-12), garantindo a passagem \u00e0s meias-finais e relegando a equipa lusitana para uma luta pelo 3.\u00ba ou [&hellip;]<\/p>\n","protected":false},"author":2,"featured_media":19547,"comment_status":"open","ping_status":"open","sticky":false,"template":"","format":"standard","meta":{"_monsterinsights_skip_tracking":false,"_monsterinsights_sitenote_active":false,"_monsterinsights_sitenote_note":"","_monsterinsights_sitenote_category":0,"footnotes":""},"categories":[8],"tags":[62],"class_list":{"0":"post-19543","1":"post","2":"type-post","3":"status-publish","4":"format-standard","5":"has-post-thumbnail","7":"category-voleibol","8":"tag-europeu-de-sub-20-masculinos","9":"czr-hentry"},"aioseo_notices":[],"_links":{"self":[{"href":"https:\/\/fpvoleibol.pt\/fpv\/wp-json\/wp\/v2\/posts\/19543","targetHints":{"allow":["GET"]}}],"collection":[{"href":"https:\/\/fpvoleibol.pt\/fpv\/wp-json\/wp\/v2\/posts"}],"about":[{"href":"https:\/\/fpvoleibol.pt\/fpv\/wp-json\/wp\/v2\/types\/post"}],"author":[{"embeddable":true,"href":"https:\/\/fpvoleibol.pt\/fpv\/wp-json\/wp\/v2\/users\/2"}],"replies":[{"embeddable":true,"href":"https:\/\/fpvoleibol.pt\/fpv\/wp-json\/wp\/v2\/comments?post=19543"}],"version-history":[{"count":6,"href":"https:\/\/fpvoleibol.pt\/fpv\/wp-json\/wp\/v2\/posts\/19543\/revisions"}],"predecessor-version":[{"id":19552,"href":"https:\/\/fpvoleibol.pt\/fpv\/wp-json\/wp\/v2\/posts\/19543\/revisions\/19552"}],"wp:featuredmedia":[{"embeddable":true,"href":"https:\/\/fpvoleibol.pt\/fpv\/wp-json\/wp\/v2\/media\/19547"}],"wp:attachment":[{"href":"https:\/\/fpvoleibol.pt\/fpv\/wp-json\/wp\/v2\/media?parent=19543"}],"wp:term":[{"taxonomy":"category","embeddable":true,"href":"https:\/\/fpvoleibol.pt\/fpv\/wp-json\/wp\/v2\/categories?post=19543"},{"taxonomy":"post_tag","embeddable":true,"href":"https:\/\/fpvoleibol.pt\/fpv\/wp-json\/wp\/v2\/tags?post=19543"}],"curies":[{"name":"wp","href":"https:\/\/api.w.org\/{rel}","templated":true}]}}