{"id":19519,"date":"2022-09-21T14:56:18","date_gmt":"2022-09-21T14:56:18","guid":{"rendered":"https:\/\/fpvoleibol.pt\/fpv\/?p=19519"},"modified":"2022-09-21T14:56:18","modified_gmt":"2022-09-21T14:56:18","slug":"treinos-de-observacao-para-sub-17-masculinos-2","status":"publish","type":"post","link":"https:\/\/fpvoleibol.pt\/fpv\/2022\/09\/21\/treinos-de-observacao-para-sub-17-masculinos-2\/","title":{"rendered":"TREINOS DE OBSERVA\u00c7\u00c3O PARA SUB-17 MASCULINOS"},"content":{"rendered":"<p><img loading=\"lazy\" decoding=\"async\" class=\"size-full wp-image-11720 aligncenter\" src=\"https:\/\/fpvoleibol.pt\/fpv\/wp-content\/uploads\/2021\/12\/santamariamaior_sub-17m.jpg\" alt=\"\" width=\"960\" height=\"570\" srcset=\"https:\/\/fpvoleibol.pt\/fpv\/wp-content\/uploads\/2021\/12\/santamariamaior_sub-17m.jpg 960w, https:\/\/fpvoleibol.pt\/fpv\/wp-content\/uploads\/2021\/12\/santamariamaior_sub-17m-300x178.jpg 300w, https:\/\/fpvoleibol.pt\/fpv\/wp-content\/uploads\/2021\/12\/santamariamaior_sub-17m-768x456.jpg 768w\" sizes=\"auto, (max-width: 960px) 100vw, 960px\" \/>Tendo em vista o in\u00edcio da prepara\u00e7\u00e3o da pr\u00f3xima <strong>Selec\u00e7\u00e3o Nacional de Sub-17 Masculinos<\/strong>, a equipa t\u00e9cnica liderada por Nuno Pereira convocou 20 atletas para a realiza\u00e7\u00e3o de treinos de observa\u00e7\u00e3o, que ir\u00e3o decorrer na Escola Secund\u00e1ria Carolina Michaelis, no Porto, de 27 a 29 de Setembro (ter\u00e7a-feira a quinta-feira), das 18h00 \u00e0s 21h30.<\/p>\n<p style=\"text-align: center;\"><strong>Atletas convocados<\/strong><\/p>\n<p style=\"text-align: center;\"><b>AA Espinho<\/b><br \/>\nJo\u00e3o Fontes<br \/>\nMiguel Sousa<br \/>\n<b><br \/>\n<\/b><b>CA\u00a0<\/b><b>Madalena<\/b><br \/>\nJo\u00e3o M\u00e1ximo Fran\u00e7a<br \/>\nTom\u00e1s Ramalheira<\/p>\n<p style=\"text-align: center;\"><b>Cast\u00ealo da Maia GC<\/b><br \/>\nAlexandre Cola\u00e7o<\/p>\n<p style=\"text-align: center;\"><b>CV Oeiras<\/b><br \/>\nJo\u00e3o Borga<br \/>\nLeandro Prey<br \/>\nPedro Abecassis<\/p>\n<p style=\"text-align: center;\"><b>Esmoriz GC<\/b><br \/>\nRafael Pinto<br \/>\nTiago Ferradaz<\/p>\n<p style=\"text-align: center;\"><b>GC Vilacondense<\/b><br \/>\nPedro Ferreira<\/p>\n<p style=\"text-align: center;\"><b>Leix\u00f5es SC<\/b><br \/>\nAndr\u00e9 Leal<br \/>\nFrancisco Pinho<br \/>\nGabriel Pereira<br \/>\nSalvador Alves<br \/>\nTiago Sousa<br \/>\n<b><br \/>\n<\/b><b>SC\u00a0<\/b><b>Espinho<\/b><br \/>\nRicardo Pedrosa<br \/>\n<b><br \/>\n<\/b><b>Sporting C<\/b><b>P<\/b><br \/>\nDiogo Br\u00e1s<\/p>\n<p style=\"text-align: center;\"><b>SL Benfica<\/b><br \/>\nLu\u00eds Candeias<br \/>\nVasco Lopes<\/p>\n","protected":false},"excerpt":{"rendered":"<p>Tendo em vista o in\u00edcio da prepara\u00e7\u00e3o da pr\u00f3xima Selec\u00e7\u00e3o Nacional de Sub-17 Masculinos, a equipa t\u00e9cnica liderada por Nuno Pereira convocou 20 atletas para a realiza\u00e7\u00e3o de treinos de [&hellip;]<\/p>\n","protected":false},"author":2,"featured_media":11983,"comment_status":"open","ping_status":"open","sticky":false,"template":"","format":"standard","meta":{"_monsterinsights_skip_tracking":false,"_monsterinsights_sitenote_active":false,"_monsterinsights_sitenote_note":"","_monsterinsights_sitenote_category":0,"footnotes":""},"categories":[11,8],"tags":[],"class_list":{"0":"post-19519","1":"post","2":"type-post","3":"status-publish","4":"format-standard","5":"has-post-thumbnail","7":"category-formacao","8":"category-voleibol","9":"czr-hentry"},"aioseo_notices":[],"_links":{"self":[{"href":"https:\/\/fpvoleibol.pt\/fpv\/wp-json\/wp\/v2\/posts\/19519","targetHints":{"allow":["GET"]}}],"collection":[{"href":"https:\/\/fpvoleibol.pt\/fpv\/wp-json\/wp\/v2\/posts"}],"about":[{"href":"https:\/\/fpvoleibol.pt\/fpv\/wp-json\/wp\/v2\/types\/post"}],"author":[{"embeddable":true,"href":"https:\/\/fpvoleibol.pt\/fpv\/wp-json\/wp\/v2\/users\/2"}],"replies":[{"embeddable":true,"href":"https:\/\/fpvoleibol.pt\/fpv\/wp-json\/wp\/v2\/comments?post=19519"}],"version-history":[{"count":3,"href":"https:\/\/fpvoleibol.pt\/fpv\/wp-json\/wp\/v2\/posts\/19519\/revisions"}],"predecessor-version":[{"id":19522,"href":"https:\/\/fpvoleibol.pt\/fpv\/wp-json\/wp\/v2\/posts\/19519\/revisions\/19522"}],"wp:featuredmedia":[{"embeddable":true,"href":"https:\/\/fpvoleibol.pt\/fpv\/wp-json\/wp\/v2\/media\/11983"}],"wp:attachment":[{"href":"https:\/\/fpvoleibol.pt\/fpv\/wp-json\/wp\/v2\/media?parent=19519"}],"wp:term":[{"taxonomy":"category","embeddable":true,"href":"https:\/\/fpvoleibol.pt\/fpv\/wp-json\/wp\/v2\/categories?post=19519"},{"taxonomy":"post_tag","embeddable":true,"href":"https:\/\/fpvoleibol.pt\/fpv\/wp-json\/wp\/v2\/tags?post=19519"}],"curies":[{"name":"wp","href":"https:\/\/api.w.org\/{rel}","templated":true}]}}